{"id":121716,"date":"2025-12-25T17:27:13","date_gmt":"2025-12-25T17:27:13","guid":{"rendered":"https:\/\/www.europesays.com\/no\/121716\/"},"modified":"2025-12-25T17:27:13","modified_gmt":"2025-12-25T17:27:13","slug":"leiter-etter-person-pa-surfebrett-nrk-trondelag-lokale-nyheter-tv-og-radio","status":"publish","type":"post","link":"https:\/\/www.europesays.com\/no\/121716\/","title":{"rendered":"Leiter etter person p\u00e5 surfebrett \u2013 NRK Tr\u00f8ndelag \u2013 Lokale nyheter, TV og radio"},"content":{"rendered":"<p>\u2013 Politi og brannvesen har rykka ut til melding om ein person p\u00e5 surfebrett som s\u00e5 ut til \u00e5 slite i kraftig vind og b\u00f8lger i Trondheimsfjorden, opplyser operasjonsleiar Trond Volden.<\/p>\n<p><strong>Klokka 15.35 fortel Volden til NRK at aksjonen er avslutta utan at dei har funne spor etter ein surfar verken i vatnet eller p\u00e5 land<\/strong><strong>.<\/strong><\/p>\n<p>\u2013 Det antas at vedkommande surfar har kome seg trygt til land.<\/p>\n<p>S\u00f8kte med redningssk\u00f8yte og vasscooterar<\/p>\n<p>Politiet blei klokka 14.37 kontakta av ein turg\u00e5ar som fortalde at dei hadde sett ein person p\u00e5 eit surfebrett som hadde problem p\u00e5 fjorden.<\/p>\n<p>Politiet kontakta Hovudredningssentralen som sette i gang eit s\u00f8k.<\/p>\n<p>Jonas Andersen ved Hovudredningssentralen fortalde at brannvesenet gjorde s\u00f8k p\u00e5 staden med to vasscooterar.<\/p>\n<p><strong>\u2013 Men vi kan verken bekrefte eller avkrefte at det faktisk er ein surfar i omr\u00e5det, fortalde Andersen.<\/strong><\/p>\n<p>Ogs\u00e5 ei redningssk\u00f8yte blei kalla ut for \u00e5 s\u00f8ke p\u00e5 fjorden. Politiet s\u00f8kte fr\u00e5 land.<\/p>\n<p>\u2013 Vi vil ogs\u00e5 unders\u00f8ke dei kjente omr\u00e5da der dei kjem i land, fortel Andersen.<\/p>\n<p>Ingen meldt sakna<\/p>\n<p>Dersom nokon har vore p\u00e5 fjorden og surfa og kan vere den personen som har blitt observert, \u00f8nska politiet at dei tok kontakt, fortalde operasjonsleiar Trond Volden.<\/p>\n<p><strong>\u2013 Det presiserast at ingen er sakna, aksjonen er berre starta p\u00e5 grunn av ein observasjon fr\u00e5 land.<\/strong><\/p>\n<p>Publisert<\/p>\n<p>25.12.2025, kl. 15.15<\/p>\n<p>Oppdatert<\/p>\n<p>25.12.2025, kl. 16.03<\/p>\n","protected":false},"excerpt":{"rendered":"\u2013 Politi og brannvesen har rykka ut til melding om ein person p\u00e5 surfebrett som s\u00e5 ut til&hellip;\n","protected":false},"author":2,"featured_media":121717,"comment_status":"","ping_status":"","sticky":false,"template":"","format":"standard","meta":{"footnotes":""},"categories":[10],"tags":[20,21,24,25,15,22,23,13,30,28,29,14,16,26,27],"class_list":{"0":"post-121716","1":"post","2":"type-post","3":"status-publish","4":"format-standard","5":"has-post-thumbnail","7":"category-norge","8":"tag-breaking-news","9":"tag-breakingnews","10":"tag-featured-news","11":"tag-featurednews","12":"tag-headlines","13":"tag-latest-news","14":"tag-latestnews","15":"tag-news","16":"tag-no","17":"tag-norge","18":"tag-norway","19":"tag-nyheter","20":"tag-overskrifter","21":"tag-top-stories","22":"tag-topstories"},"share_on_mastodon":{"url":"https:\/\/pubeurope.com\/@no\/115781385840722144","error":""},"_links":{"self":[{"href":"https:\/\/www.europesays.com\/no\/wp-json\/wp\/v2\/posts\/121716","targetHints":{"allow":["GET"]}}],"collection":[{"href":"https:\/\/www.europesays.com\/no\/wp-json\/wp\/v2\/posts"}],"about":[{"href":"https:\/\/www.europesays.com\/no\/wp-json\/wp\/v2\/types\/post"}],"author":[{"embeddable":true,"href":"https:\/\/www.europesays.com\/no\/wp-json\/wp\/v2\/users\/2"}],"replies":[{"embeddable":true,"href":"https:\/\/www.europesays.com\/no\/wp-json\/wp\/v2\/comments?post=121716"}],"version-history":[{"count":0,"href":"https:\/\/www.europesays.com\/no\/wp-json\/wp\/v2\/posts\/121716\/revisions"}],"wp:featuredmedia":[{"embeddable":true,"href":"https:\/\/www.europesays.com\/no\/wp-json\/wp\/v2\/media\/121717"}],"wp:attachment":[{"href":"https:\/\/www.europesays.com\/no\/wp-json\/wp\/v2\/media?parent=121716"}],"wp:term":[{"taxonomy":"category","embeddable":true,"href":"https:\/\/www.europesays.com\/no\/wp-json\/wp\/v2\/categories?post=121716"},{"taxonomy":"post_tag","embeddable":true,"href":"https:\/\/www.europesays.com\/no\/wp-json\/wp\/v2\/tags?post=121716"}],"curies":[{"name":"wp","href":"https:\/\/api.w.org\/{rel}","templated":true}]}}