{"id":121718,"date":"2025-12-25T17:28:13","date_gmt":"2025-12-25T17:28:13","guid":{"rendered":"https:\/\/www.europesays.com\/no\/121718\/"},"modified":"2025-12-25T17:28:13","modified_gmt":"2025-12-25T17:28:13","slug":"vaer-vinter-slik-blir-vaeret-i-romjula-og-pa-nyttarsaften","status":"publish","type":"post","link":"https:\/\/www.europesays.com\/no\/121718\/","title":{"rendered":"V\u00e6r, Vinter | Slik blir v\u00e6ret i romjula og p\u00e5 nytt\u00e5rsaften"},"content":{"rendered":"\n<p>\u2013 Det viktige sp\u00f8rsm\u00e5let for mange familier dagen etter julaften, er dette: Blir det noe akebrettv\u00e6r? <\/p>\n<p><b>\u2013 Eh, nei. Det er d\u00e5rlig utsikt til sn\u00f8 i romjulen, sier vakthavende meteorolog Per Egil Haga. <\/b><\/p>\n<p>Sk\u00f8yteis, derimot, har han tro p\u00e5. S\u00e5 lenge det er grus under, og ikke vann.<\/p>\n<p>\u2013 Sp\u00f8rs om tjernene er trygge, advarer Haga.<\/p>\n<p>I tillegg skal nok tursko g\u00e5 helt fint, for n\u00e5 kommer noe dager som trolig blir ganske fine.<\/p>\n<p>Sol<\/p>\n<p><b>\u2013 Vi f\u00e5r t\u00f8rt v\u00e6r og rolige vindforhold. Det kan bli endel sol de neste dagene. Allerede i morgen, fredag, venter vi at skydekket skal bli endel lettere enn det er i dag. <\/b><\/p>\n<p>Temperaturene vil i hovedsak ligge under null, varsler Haga.<\/p>\n<p>\u2013 F\u00e5r vi rakettv\u00e6r til nytt\u00e5rsaften? <\/p>\n<p>\u2013 Ja, det burde v\u00e6re gode muligheter for det. Trolig blir det nordlig vind p\u00e5 nytt\u00e5rsaften, og det er en gunstig vindretning for dette.<\/p>\n<p>Sn\u00f8fnugg i varselet?!<\/p>\n<p><b>Natt til 1. januar er det dykket opp sn\u00f8symboler i Yr.nos varsel. <\/b><\/p>\n<p>Disse tar meteorolog Haga med en stor klype veisalt.<\/p>\n<p>\u2013 Det er en \u00f8rliten mulighet for at det kan komme noe. Vi skal ikke spenne forventningsbuen altfor h\u00f8y. Sannsynligheten for oppholdsv\u00e6r er veldig stor. Sjansen for at det kommer noe som kan brukes til noe&#8230;<\/p>\n<p>Her viser Haga til eventuelle nye ski og akebrett.<\/p>\n<p>\u2013 Den er liten. Det blir kanskje et melisdryss. Det kommer ikke noe som monner.<\/p>\n<p>Mer av det samme<\/p>\n<p>Etter nytt\u00e5rsaften, byr 2026 p\u00e5 mer av det samme: H\u00f8ytrykkspreget og t\u00f8rt vinterv\u00e6r.<\/p>\n<p><b>\u2013 Det blir ikke spesielt kaldt, eller mildt. Det er ingen tegn til kraftige lavtrykk med mildv\u00e6r og regn, tr\u00f8ster Haga. <\/b><\/p>\n","protected":false},"excerpt":{"rendered":"\u2013 Det viktige sp\u00f8rsm\u00e5let for mange familier dagen etter julaften, er dette: Blir det noe akebrettv\u00e6r? \u2013 Eh,&hellip;\n","protected":false},"author":2,"featured_media":121719,"comment_status":"","ping_status":"","sticky":false,"template":"","format":"standard","meta":{"footnotes":""},"categories":[5],"tags":[36,20,21,24,25,15,19,22,23,17,18,1202,13,30,28,29,14,16,1510,26,27,553,6263],"class_list":{"0":"post-121718","1":"post","2":"type-post","3":"status-publish","4":"format-standard","5":"has-post-thumbnail","7":"category-overskrifter","8":"tag-art","9":"tag-breaking-news","10":"tag-breakingnews","11":"tag-featured-news","12":"tag-featurednews","13":"tag-headlines","14":"tag-hovedoppslag","15":"tag-latest-news","16":"tag-latestnews","17":"tag-main-news","18":"tag-mainnews","19":"tag-meteorologisk-institutt","20":"tag-news","21":"tag-no","22":"tag-norge","23":"tag-norway","24":"tag-nyheter","25":"tag-overskrifter","26":"tag-story","27":"tag-top-stories","28":"tag-topstories","29":"tag-vaer","30":"tag-vinter"},"share_on_mastodon":{"url":"https:\/\/pubeurope.com\/@no\/115781389726342071","error":""},"_links":{"self":[{"href":"https:\/\/www.europesays.com\/no\/wp-json\/wp\/v2\/posts\/121718","targetHints":{"allow":["GET"]}}],"collection":[{"href":"https:\/\/www.europesays.com\/no\/wp-json\/wp\/v2\/posts"}],"about":[{"href":"https:\/\/www.europesays.com\/no\/wp-json\/wp\/v2\/types\/post"}],"author":[{"embeddable":true,"href":"https:\/\/www.europesays.com\/no\/wp-json\/wp\/v2\/users\/2"}],"replies":[{"embeddable":true,"href":"https:\/\/www.europesays.com\/no\/wp-json\/wp\/v2\/comments?post=121718"}],"version-history":[{"count":0,"href":"https:\/\/www.europesays.com\/no\/wp-json\/wp\/v2\/posts\/121718\/revisions"}],"wp:featuredmedia":[{"embeddable":true,"href":"https:\/\/www.europesays.com\/no\/wp-json\/wp\/v2\/media\/121719"}],"wp:attachment":[{"href":"https:\/\/www.europesays.com\/no\/wp-json\/wp\/v2\/media?parent=121718"}],"wp:term":[{"taxonomy":"category","embeddable":true,"href":"https:\/\/www.europesays.com\/no\/wp-json\/wp\/v2\/categories?post=121718"},{"taxonomy":"post_tag","embeddable":true,"href":"https:\/\/www.europesays.com\/no\/wp-json\/wp\/v2\/tags?post=121718"}],"curies":[{"name":"wp","href":"https:\/\/api.w.org\/{rel}","templated":true}]}}