{"id":121722,"date":"2025-12-25T17:33:12","date_gmt":"2025-12-25T17:33:12","guid":{"rendered":"https:\/\/www.europesays.com\/no\/121722\/"},"modified":"2025-12-25T17:33:12","modified_gmt":"2025-12-25T17:33:12","slug":"i-hendene-pa-rike-menn","status":"publish","type":"post","link":"https:\/\/www.europesays.com\/no\/121722\/","title":{"rendered":"I hendene p\u00e5 rike menn"},"content":{"rendered":"\n<p class=\"_paragraph_o9xde_4 _paragraph_xtcu6_10 layout-component text-serif-m layout-normal text-serif-m layout-padded\">Tidligere i h\u00f8st ble det annonsert at Met Galaen i 2026 offisielt er sponset av Jeff BezosJeff BezosEn amerikansk forretningsmann og grunnleggeren av Amazon. Han er en av verdens rikeste. og hans nye fru, Lauren S\u00e1nchez Bezos. <\/p>\n<p class=\"_paragraph_o9xde_4 _paragraph_xtcu6_10 layout-component text-serif-m layout-normal text-serif-m layout-padded\">Denne eksklusive gallaen holdes til inntekt for Costume Institute ved \u00abThe Metropolitan Museum of Art\u00bb i New York, og regnes som \u00e5rets st\u00f8rste motebegivenhet. <\/p>\n<p class=\"_paragraph_o9xde_4 _paragraph_xtcu6_10 layout-component text-serif-m layout-normal text-serif-m layout-padded\">Det bemerkelsesverdige er at arrangementet ikke sponses av Amazon, men av det nygifte paret personlig.<\/p>\n<p class=\"_paragraph_o9xde_4 _paragraph_xtcu6_10 layout-component text-serif-m layout-normal text-serif-m layout-padded\">Tidligere i \u00e5r la Bezos-paret beslag p\u00e5 store deler av Venezia i forbindelse med bryllupet sitt, til kraftige protester fra lokalbefolkningen. <\/p>\n<p class=\"_paragraph_o9xde_4 _paragraph_xtcu6_10 layout-component text-serif-m layout-normal text-serif-m layout-padded\">Kort tid etter prydet Lauren S\u00e1nchez Bezos forsiden av <a href=\"https:\/\/www.vg.no\/tag\/vogue?utm_source=vg-article&amp;utm_medium=auto-tagger&amp;utm_campaign=6qnElo\" class=\"_link_o9xde_39\" rel=\"nofollow noopener\" target=\"_blank\">Vogue<\/a>, et av verdens mest innflytelsesrike magasiner. <\/p>\n<p><img alt=\"Jeff Bezos og Lauren Sanchez.  Foto: Luca Bruno \/ AP \/ NTB\" class=\"_image_qp4xg_65 layout-component layout-normal\" data-fullscreen- data-track-element-type=\"Article image fullscreen\" data-track-name=\"ImageFullscreen\" decoding=\"async\" loading=\"lazy\" height=\"3316\" itemprop=\"image\"  src=\"https:\/\/www.europesays.com\/no\/wp-content\/uploads\/2025\/12\/f9f32448-a2ca-476d-8dd4-ec56e26c667e\"  style=\"object-position:0% 0%\" width=\"4974\"\/>Jeff Bezos og Lauren Sanchez.  Foto: Luca Bruno \/ AP \/ NTB<\/p>\n<p class=\"_paragraph_o9xde_4 _paragraph_xtcu6_10 layout-component text-serif-m layout-normal text-serif-m layout-padded\">For mange fremsto dette som kj\u00f8pt og betalt, og som et fors\u00f8k p\u00e5 \u00e5 pusse p\u00e5 omd\u00f8mmet etter kritikken.<\/p>\n<p class=\"_paragraph_o9xde_4 _paragraph_xtcu6_10 layout-component text-serif-m layout-normal text-serif-m layout-padded\">Vogue er tett knyttet til Met Galaen. <\/p>\n<p class=\"_paragraph_o9xde_4 _paragraph_xtcu6_10 layout-component text-serif-m layout-normal text-serif-m layout-padded\">Det er magasinets tidligere sjefredakt\u00f8r, Anna Wintour, som kontrollerer b\u00e5de gjestelisten og arrangementet. <\/p>\n<p class=\"_paragraph_o9xde_4 _paragraph_xtcu6_10 layout-component text-serif-m layout-normal text-serif-m layout-padded\">Dette gj\u00f8r koblingen mellom Bezos, Vogue og Met Galaen desto mer interessant, og problematisk.<\/p>\n<p class=\"_paragraph_o9xde_4 _paragraph_xtcu6_10 layout-component text-serif-m layout-normal text-serif-m layout-padded\">Men hvorfor velger Jeff Bezos \u00e5 gi penger til akkurat dette? Han er ikke kjent for \u00e5 handle ut av ren godhet. <\/p>\n<p class=\"_paragraph_o9xde_4 _paragraph_xtcu6_10 layout-component text-serif-m layout-normal text-serif-m layout-padded\">Tidligere i \u00e5r har store grupper Amazon-ansatte streiket som f\u00f8lge av det de beskriver som inhumane arbeidsforhold og d\u00e5rlige l\u00f8nninger. Bezos\u2019 personlige formue er p\u00e5 rundt 2400 milliarder norske kroner.<\/p>\n<p><img alt=\"Anna Wintour, tidligere sjefredakt\u00f8r i Vouge.   Foto: ANGELA WEISS \/ AFP \/ NTB\" class=\"_image_qp4xg_65 layout-component layout-normal\" data-fullscreen- data-track-element-type=\"Article image fullscreen\" data-track-name=\"ImageFullscreen\" decoding=\"async\" loading=\"lazy\" height=\"6819\" itemprop=\"image\"  src=\"https:\/\/www.europesays.com\/no\/wp-content\/uploads\/2025\/12\/af94bece-3ada-470e-b5f4-3d83cec5aee2\"  style=\"object-position:0% 0%\" width=\"4546\"\/>Anna Wintour, tidligere sjefredakt\u00f8r i Vouge.   Foto: ANGELA WEISS \/ AFP \/ NTB<\/p>\n<p class=\"_paragraph_o9xde_4 _paragraph_xtcu6_10 layout-component text-serif-m layout-normal text-serif-m layout-padded\">Donasjonen til The Met skal ligge p\u00e5 rundt 60 millioner kroner. <\/p>\n<p class=\"_paragraph_o9xde_4 _paragraph_xtcu6_10 layout-component text-serif-m layout-normal text-serif-m layout-padded\">Det utgj\u00f8r omtrent 0,0025 prosent av formuen hans. Overf\u00f8rt til en vanlig husholdning tilsvarer det at en person med \u00e9n million kroner p\u00e5 konto gir 25 kroner.<\/p>\n<p class=\"_paragraph_o9xde_4 _paragraph_xtcu6_10 layout-component text-serif-m layout-normal text-serif-m layout-padded\">Bezos gir ikke sine ansatte bedre arbeidsvilk\u00e5r. <\/p>\n<p class=\"_paragraph_o9xde_4 _paragraph_xtcu6_10 layout-component text-serif-m layout-normal text-serif-m layout-padded\">Han har ikke navnet sitt p\u00e5 sykehus, offentlige biblioteker, skoler eller universiteter. Men Met Galaen, et eksklusivt motearrangement, har han valgt \u00e5 sponse.<\/p>\n<p class=\"_paragraph_o9xde_4 _paragraph_xtcu6_10 layout-component text-serif-m layout-normal text-serif-m layout-padded\">Ved \u00e5 st\u00f8tte et kulturelt arrangement i denne skalaen fors\u00f8ker Bezos \u00e5 plassere seg selv i et mer positivt lys. <\/p>\n<p class=\"_paragraph_o9xde_4 _paragraph_xtcu6_10 layout-component text-serif-m layout-normal text-serif-m layout-padded\">Dette kan sammenlignes med hvordan gulfstatene sponser store sportsarrangementer eller kj\u00f8per opp fotballklubber. <\/p>\n<p class=\"_paragraph_o9xde_4 _paragraph_xtcu6_10 layout-component text-serif-m layout-normal text-serif-m layout-padded\">Offisielt handler det om \u00e5 gi tilbake, men fenomenet har et navn: sportsvasking.<\/p>\n<p><img alt=\"Diana Ross og s\u00f8nnen under Met Galaen i 2025.  Foto: ANDREA RENAULT \/ AFP \/ NTB\" class=\"_image_qp4xg_65 layout-component layout-normal\" data-fullscreen- data-track-element-type=\"Article image fullscreen\" data-track-name=\"ImageFullscreen\" decoding=\"async\" loading=\"lazy\" height=\"3438\" itemprop=\"image\"  src=\"https:\/\/www.europesays.com\/no\/wp-content\/uploads\/2025\/12\/a1708a26-e92b-4092-ba70-b98f9cee2a03\"  style=\"object-position:0% 0%\" width=\"5066\"\/>Diana Ross og s\u00f8nnen under Met Galaen i 2025.  Foto: ANDREA RENAULT \/ AFP \/ NTB<\/p>\n<p class=\"_paragraph_o9xde_4 _paragraph_xtcu6_10 layout-component text-serif-m layout-normal text-serif-m layout-padded\">Sportsvasking beskriver hvordan stater eller enkeltpersoner bruker idrett til \u00e5 forbedre sitt omd\u00f8mme og avlede oppmerksomheten fra kritikkverdige forhold. <\/p>\n<p class=\"_paragraph_o9xde_4 _paragraph_xtcu6_10 layout-component text-serif-m layout-normal text-serif-m layout-padded\">Det Bezos driver med, er den kulturelle varianten av dette, kulturvasking. <\/p>\n<p class=\"_paragraph_o9xde_4 _paragraph_xtcu6_10 layout-component text-serif-m layout-normal text-serif-m layout-padded\">Ved \u00e5 sponse moteverdenens kanskje viktigste begivenhet fors\u00f8ker han \u00e5 fremst\u00e5 som en kulturb\u00e6rer, snarere enn en akt\u00f8r som tapper samfunnet for ressurser.<\/p>\n<p class=\"_paragraph_o9xde_4 _paragraph_xtcu6_10 layout-component text-serif-m layout-normal text-serif-m layout-padded\">Dette skjer ikke i et vakuum. <\/p>\n<p class=\"_paragraph_o9xde_4 _paragraph_xtcu6_10 layout-component text-serif-m layout-normal text-serif-m layout-padded\">TeknoligarkeneTeknoligarkeneEn liten gruppe ekstremt mektige ledere og eiere i de st\u00f8rste teknologiselskapene. eier i dag store deler av medie- og underholdningsindustrien. <\/p>\n<p class=\"_paragraph_o9xde_4 _paragraph_xtcu6_10 layout-component text-serif-m layout-normal text-serif-m layout-padded\">De er, ikke tilfeldig, ogs\u00e5 politisk tett p\u00e5 Donald Trump. Bezos eier Amazon, Prime Video og The Washington Post. <\/p>\n<p><img alt=\"Foto: Evelyn Hockstein \/ Reuters \/ NTB\" class=\"_image_qp4xg_65 layout-component layout-normal\" data-fullscreen- data-track-element-type=\"Article image fullscreen\" data-track-name=\"ImageFullscreen\" decoding=\"async\" loading=\"lazy\" height=\"2113\" itemprop=\"image\"  src=\"https:\/\/www.europesays.com\/no\/wp-content\/uploads\/2025\/12\/0ab43611-e69c-419c-8fdd-6898982938e6\"  style=\"object-position:0% 0%\" width=\"3169\"\/>Foto: Evelyn Hockstein \/ Reuters \/ NTB<\/p>\n<p class=\"_paragraph_o9xde_4 _paragraph_xtcu6_10 layout-component text-serif-m layout-normal text-serif-m layout-padded\">Larry Ellison, verdens nest rikeste mann, eier TikTok, Indian Wells Tennis Garden og Paramount, som n\u00e5 vil tvangskj\u00f8pe Warner Bros.<\/p>\n<p class=\"_paragraph_o9xde_4 _paragraph_xtcu6_10 layout-component text-serif-m layout-normal text-serif-m layout-padded\">Warner Bros eier blant annet HBO, men viktigere, de eier CNN. Et mediehus Trump \u00e5pent har \u00f8nsket nye eiere fordi kanalen t\u00f8r \u00e5 stille ham kritiske sp\u00f8rsm\u00e5l. <\/p>\n<p class=\"_paragraph_o9xde_4 _paragraph_xtcu6_10 layout-component text-serif-m layout-normal text-serif-m layout-padded\">Elon Musk eier X. Mark Zuckerberg eier Meta, Facebook og Instagram.<\/p>\n<p class=\"_paragraph_o9xde_4 _paragraph_xtcu6_10 layout-component text-serif-m layout-normal text-serif-m layout-padded\">N\u00e5r milliard\u00e6rer eier mediene vi konsumerer, underholdningen vi slapper av med og plattformene der samfunnsdebatten foreg\u00e5r, kontrollerer de ogs\u00e5 hvordan de selv, politikken de \u00f8nsker \u00e5 fremme og menneskene rundt dem fremstilles. <\/p>\n<p class=\"_paragraph_o9xde_4 _paragraph_xtcu6_10 layout-component text-serif-m layout-normal text-serif-m layout-padded\">V\u00e5re interesser, v\u00e5r underholdning og v\u00e5r fritid blir en del av deres propagandamaskin.<\/p>\n<p class=\"_paragraph_o9xde_4 _paragraph_xtcu6_10 layout-component text-serif-m layout-normal text-serif-m layout-padded\">De eier plattformene hvor demokratiet skal utspille seg. N\u00e5r teknokratene eier b\u00e5de nyhetsmedier, sosiale medier, underholdning og kultur, hvem holder dem ansvarlige?<\/p>\n<p class=\"_paragraph_o9xde_4 _paragraph_xtcu6_10 layout-component text-serif-m layout-normal text-serif-m layout-padded\">Tidligere var det nettopp pressen og kultursektoren som fylte denne rollen. <\/p>\n<p class=\"_paragraph_o9xde_4 _paragraph_xtcu6_10 layout-component text-serif-m layout-normal text-serif-m layout-padded\">De stilte makten til veggs, skapte motfortellinger og rom for kritikk. Hva skjer n\u00e5r ogs\u00e5 disse sektorene eies av dem som burde granskes?<\/p>\n<p class=\"_paragraph_o9xde_4 _paragraph_xtcu6_10 layout-component text-serif-m layout-normal text-serif-m layout-padded\">Grunnen til at de \u00f8nsker \u00e5 eie kulturen, er nettopp fordi det er i kulturen, i det kreative og i fritiden, at fellesskap, motstand og motkulturer kan oppst\u00e5. <\/p>\n<p class=\"_paragraph_o9xde_4 _paragraph_xtcu6_10 layout-component text-serif-m layout-normal text-serif-m layout-padded\">Kunst, musikk, film, litteratur og mote har historisk v\u00e6rt steder der makt utfordres og nye ideer vokser frem.<\/p>\n<p class=\"_paragraph_o9xde_4 _paragraph_xtcu6_10 layout-component text-serif-m layout-normal text-serif-m layout-padded\">Ved \u00e5 eie kulturen kontrollerer de impulsene v\u00e5re. <\/p>\n<p class=\"_paragraph_o9xde_4 _paragraph_xtcu6_10 layout-component text-serif-m layout-normal text-serif-m layout-padded\">De kontrollerer hvilke historier som fortelles, hvilke stemmer som l\u00f8ftes og hvilke konflikter som tones ned. <\/p>\n<p class=\"_paragraph_o9xde_4 _paragraph_xtcu6_10 layout-component text-serif-m layout-normal text-serif-m layout-padded\">De kontrollerer rommene der kritikk kunne ha f\u00e5tt fotfeste.<\/p>\n<p class=\"_paragraph_o9xde_4 _paragraph_xtcu6_10 layout-component text-serif-m layout-normal text-serif-m layout-padded\">Alt vi konsumerer for \u00e5 koble av fra hverdagen, alt som former identiteten v\u00e5r og meningene v\u00e5re, er i hendene p\u00e5 en liten h\u00e5ndfull ekstremt rike menn. <\/p>\n<p class=\"_paragraph_o9xde_4 _paragraph_xtcu6_10 layout-component text-serif-m layout-normal text-serif-m layout-padded\">Bezos \u00f8nsker at donasjonen til The Met skal fremst\u00e5 som en godhjertet gave. I realiteten er den en brikke i et langt st\u00f8rre og langt mer urovekkende bilde.<\/p>\n<p class=\"_paragraph_o9xde_4 _paragraph_xtcu6_10 layout-component text-serif-m layout-normal text-serif-m layout-padded\">Sp\u00f8rsm\u00e5let er ikke om dette p\u00e5virker kulturen v\u00e5r. Sp\u00f8rsm\u00e5let er hvor lenge vi later som det ikke gj\u00f8r det.<\/p>\n<p>   Dette er en kronikk. Kronikken gir uttrykk for skribentens holdning. Du kan sende inn kronikker og debattinnlegg til <a class=\"_link_jv5ak_10\" href=\"https:\/\/www.vg.no\/nyheter\/i\/6qnElo\/mailto:debatt@vg.no\" rel=\"nofollow noopener\" target=\"_blank\">debatt@vg.no<\/a>. Unge meninger-prosjektet er finansiert med st\u00f8tte av Stiftelsen Tinius. <a class=\"_link_jv5ak_10\" href=\"https:\/\/www.vg.no\/informasjon\/redaksjonelle-avgjorelser\/240\" rel=\"nofollow noopener\" target=\"_blank\">Les mer<\/a>. <\/p>\n","protected":false},"excerpt":{"rendered":"Tidligere i h\u00f8st ble det annonsert at Met Galaen i 2026 offisielt er sponset av Jeff BezosJeff BezosEn&hellip;\n","protected":false},"author":2,"featured_media":121723,"comment_status":"","ping_status":"","sticky":false,"template":"","format":"standard","meta":{"footnotes":""},"categories":[12],"tags":[11920,20,21,24,25,15,1820,22,23,13,30,28,29,14,16,26,27,42,103,3965,43,44,45],"class_list":{"0":"post-121722","1":"post","2":"type-post","3":"status-publish","4":"format-standard","5":"has-post-thumbnail","7":"category-verden","8":"tag-anna-wintour","9":"tag-breaking-news","10":"tag-breakingnews","11":"tag-featured-news","12":"tag-featurednews","13":"tag-headlines","14":"tag-jeff-bezos","15":"tag-latest-news","16":"tag-latestnews","17":"tag-news","18":"tag-no","19":"tag-norge","20":"tag-norway","21":"tag-nyheter","22":"tag-overskrifter","23":"tag-top-stories","24":"tag-topstories","25":"tag-verden","26":"tag-vgmeninger","27":"tag-vogue","28":"tag-world","29":"tag-world-news","30":"tag-worldnews"},"share_on_mastodon":{"url":"https:\/\/pubeurope.com\/@no\/115781409575972091","error":""},"_links":{"self":[{"href":"https:\/\/www.europesays.com\/no\/wp-json\/wp\/v2\/posts\/121722","targetHints":{"allow":["GET"]}}],"collection":[{"href":"https:\/\/www.europesays.com\/no\/wp-json\/wp\/v2\/posts"}],"about":[{"href":"https:\/\/www.europesays.com\/no\/wp-json\/wp\/v2\/types\/post"}],"author":[{"embeddable":true,"href":"https:\/\/www.europesays.com\/no\/wp-json\/wp\/v2\/users\/2"}],"replies":[{"embeddable":true,"href":"https:\/\/www.europesays.com\/no\/wp-json\/wp\/v2\/comments?post=121722"}],"version-history":[{"count":0,"href":"https:\/\/www.europesays.com\/no\/wp-json\/wp\/v2\/posts\/121722\/revisions"}],"wp:featuredmedia":[{"embeddable":true,"href":"https:\/\/www.europesays.com\/no\/wp-json\/wp\/v2\/media\/121723"}],"wp:attachment":[{"href":"https:\/\/www.europesays.com\/no\/wp-json\/wp\/v2\/media?parent=121722"}],"wp:term":[{"taxonomy":"category","embeddable":true,"href":"https:\/\/www.europesays.com\/no\/wp-json\/wp\/v2\/categories?post=121722"},{"taxonomy":"post_tag","embeddable":true,"href":"https:\/\/www.europesays.com\/no\/wp-json\/wp\/v2\/tags?post=121722"}],"curies":[{"name":"wp","href":"https:\/\/api.w.org\/{rel}","templated":true}]}}