{"id":121724,"date":"2025-12-25T17:34:07","date_gmt":"2025-12-25T17:34:07","guid":{"rendered":"https:\/\/www.europesays.com\/no\/121724\/"},"modified":"2025-12-25T17:34:07","modified_gmt":"2025-12-25T17:34:07","slug":"frykter-baksmell-etter-julehandel-pa-kreditt-slik-tar-du-grep-nrk-norge-oversikt-over-nyheter-fra-ulike-deler-av-landet","status":"publish","type":"post","link":"https:\/\/www.europesays.com\/no\/121724\/","title":{"rendered":"Frykter baksmell etter julehandel p\u00e5 kreditt \u2013 slik tar du grep \u2013 NRK Norge \u2013 Oversikt over nyheter fra ulike deler av landet"},"content":{"rendered":"<p>Saken oppsummert:<\/p>\n<ul>\n<li>Nordmenns forbruksgjeld \u00f8kte med 2,3 milliarder kroner i desember.<\/li>\n<li>Forbrukerr\u00e5det advarer om at mange kan oppleve \u00f8konomiske problemer p\u00e5 ny\u00e5ret.<\/li>\n<li>Gjeldsregisteret melder om rekordh\u00f8y samlet forbruksgjeld i desember.<\/li>\n<li>Inkassoselskap forventer et h\u00f8yt antall saker i f\u00f8rste kvartal p\u00e5 grunn av desemberforbruket.<\/li>\n<\/ul>\n<p><strong>Nye tall indikerer at stadig flere nordmenn handler julegaver p\u00e5 kreditt.<\/strong><\/p>\n<p>De tre f\u00f8rste ukene i desember \u00f8kte nordmenns samlede forbruksgjeld med 2,3 milliarder kroner, if\u00f8lge Gjeldsregisteret.<\/p>\n<p>Tallene viser at veksten prim\u00e6rt (2,0 mrd.) kommer fra kredittkortgjeld og s\u00e5kalte \u00abkj\u00f8p n\u00e5, betal senere\u00bb-l\u00f8sninger.<\/p>\n<p><strong>Den samlede forbruksgjelden i Norge er n\u00e5 p\u00e5 178,5 milliarder kroner. <\/strong><\/p>\n<p>Det er rekordh\u00f8yt, m\u00e5lt i l\u00f8pet av de siste fem \u00e5rene, if\u00f8lge Gjeldsregisteret.<\/p>\n<p><img decoding=\"async\"   src=\"data:image\/gif;base64,R0lGODlhAQABAIAAAAAAAP\/\/\/yH5BAEAAAAALAAAAAABAAEAAAIBRAA7\" loading=\"eager\" alt=\"Lagunen Storsenter\" title=\"Foto: Simon Skjelvik Brandseth \/ NRK\"\/><\/p>\n<p class=\"\">I julehandelen er det flere som bruker mer penger enn de har r\u00e5d til. Her fra Lagunen storsenter i 2023. <\/p>\n<p>Foto: Simon Skjelvik Brandseth \/ NRK<\/p>\n<p>Utviklingen er urovekkende, mener Forbrukerr\u00e5det. De venter at flere enn vanlig vil f\u00e5 en tung \u00f8konomisk bakrus n\u00e5r regningene forfaller etter nytt\u00e5r.<\/p>\n<p>\u2013 Mange starter det nye \u00e5ret med store bekymringer og lite s\u00f8vn. \u00d8kningen i forbruksgjeld gj\u00f8r at vi frykter dette vil gjelde mange p\u00e5 ny\u00e5ret, sier Guro Sollien Eriksrud, fagsjef for forbruker\u00f8konomi i Forbrukerr\u00e5det.<\/p>\n<p>Kan gi psykiske problemer<\/p>\n<p>Faren med kreditt- og delbetaling er at det p\u00e5l\u00f8per dyre renter dersom regningene blir delt opp. <\/p>\n<p>Det er ikke uvanlig med en rente p\u00e5 mellom 20 og 30 prosent.<\/p>\n<p>Ved manglende betaling blir de normalt sendt til inkasso, der det ogs\u00e5 p\u00e5l\u00f8per \u00f8kte kostnader.<\/p>\n<p><strong>Samtidig kan det v\u00e6re gode grunner til \u00e5 bruke kredittkort n\u00e5r man handler, som bonuspoeng og forsikringer.<\/strong><\/p>\n<ul class=\"dhpg__gallery__list\">\n<li class=\"dhpg__gallery__listItem\"><img alt=\"en kvinne med gr\u00f8nn skjorte som ser inn i kamera\"  width=\"2400\" height=\"2400\" loading=\"lazy\"\/>Guro Sollien Eriksrud\n<p><strong>Fagsjef forbruker\u00f8konomi i Forbrukerr\u00e5det<\/strong><\/p>\n<\/li>\n<\/ul>\n<p>Sollien Eriksrud understreker at de fleste h\u00e5ndterer gjelden godt og klarer \u00e5 betale i tide. Men for dem som ikke klarer \u00e5 betjene l\u00e5net er konsekvensene alvorlige.<\/p>\n<p>\u2013 1 av 6 av dem som benytter seg av \u00abbetal senere\u00bb-l\u00f8sninger har opplevd negative konsekvenser som h\u00f8ye renter, betalingsvansker eller psykiske helseproblemer, sier hun.<\/p>\n<p>Unders\u00f8kelsen hun viser til er gjennomf\u00f8rt av Opinion for Forbrukerr\u00e5det. Tilsvarende tall for kredittkortbrukere er 12 prosent.<\/p>\n<p>\u00abTilbud\u00bb: Tredobbel pris!<\/p>\n<p>Guro Sollien Eriksrud viser med et eksempel hvordan renter p\u00e5 kredittl\u00e5n kan f\u00e5 regnignene til \u00e5 l\u00f8pe l\u00f8psk.<\/p>\n<p>\u2013 En person har brukt opp en kreditt p\u00e5 50.000 kroner, kanskje for \u00e5 sl\u00e5 til p\u00e5 et \u00abBlack Friday\u00bb-tilbud eller noe annet. La oss si det er en effektiv rente p\u00e5 25 prosent.<\/p>\n<p>\u2013 N\u00e5r regningen p\u00e5 50.000 kroner kommer, velger vedkommende \u00e5 betale minstesummen p\u00e5 tre prosent av kreditten. F\u00f8rste avbetaling er da p\u00e5 1500 kroner. Vedkommende fortsetter \u00e5 betale minstesummen helt til tre prosent tilsvarer under 500 kroner. Da krever banken et minstebel\u00f8p p\u00e5 500 kroner.<\/p>\n<p><strong>\u2013 Det tar da 14 \u00e5r og 9 m\u00e5neder \u00e5 betale tilbake kreditten, og du har betalt 137.841 kroner tilbake p\u00e5 et l\u00e5n p\u00e5 50.000 kroner. <\/strong><\/p>\n<p>\u2013 P\u00e5 tide at vi skrur p\u00e5 bremsen<\/p>\n<p>Sollien Eriksrud er s\u00e6rlig kritisk til normaliseringen av \u00abkj\u00f8p n\u00e5, betal senere\u00bb-l\u00f8sninger som Klarna, Riverty og PayPal tilbyr.<\/p>\n<p>\u2013 Tilgang p\u00e5 utsatt betaling gj\u00f8r at flere kj\u00f8per, og at gjennomsnittskunden kj\u00f8per dyrere og oftere. \u00c5 f\u00e5 en vare uten \u00e5 betale reduserer \u00abpain of paying\u00bb.<\/p>\n<p>Rundt jul er det ekstra mange som er utsatt for \u00e5 p\u00e5dra seg et problem, sier hun.<\/p>\n<p>If\u00f8lge en annen unders\u00f8kelse fra Forbrukerr\u00e5det sier en av fem at de brukte s\u00e5 mye penger p\u00e5 julen i fjor at de fikk problemer med \u00e5 f\u00e5 pengene til \u00e5 strekke til i det nye \u00e5ret.<\/p>\n<p>Blant dem under 40 \u00e5r er tallet nesten en tredjedel.<\/p>\n<p><strong>\u2013 Det er veldig mange mennesker. Det er p\u00e5 tide at vi skrur p\u00e5 bremsen, sier Sollien Eriksrud.<\/strong><\/p>\n<p>Rekordh\u00f8y forbruksgjeld<\/p>\n<p>Daglig leder i Gjeldsregisteret, Egil \u00c5rrestad, deler Forbrukerr\u00e5dets bekymring for at uvanlig mange vil f\u00e5 seg en kredittsmell etter nytt\u00e5r.<\/p>\n<p>Han viser til at nordmenns samlede renteb\u00e6rende forbruksgjeld har vokst fra 136,7 milliarder i juni til 140,3 milliarder i desember, if\u00f8lge Gjeldsregisterets tall.<\/p>\n<p><strong>\u2013 Den gjelden vil sannsynligvis fortsette \u00e5 vokse, i og med at vi ligger p\u00e5 et rekordh\u00f8yt niv\u00e5 for den ikke-forfalte gjelden, sier \u00c5rrestad.<\/strong>\n<\/p>\n<p><img decoding=\"async\"   src=\"data:image\/gif;base64,R0lGODlhAQABAIAAAAAAAP\/\/\/yH5BAEAAAAALAAAAAABAAEAAAIBRAA7\" loading=\"eager\" alt=\"mann med gr\u00e5 dress \" title=\"Foto: William Jobling \/ NRK\"\/><\/p>\n<p class=\"\">Daglig leder i Gjeldsregisteret Egil \u00c5rrestad er bekymret for den \u00f8kte forbruksgjelden.<\/p>\n<p>Foto: William Jobling \/ NRK<\/p>\n<p>Inkassoselskapet Intrum opplever alltid st\u00f8rst p\u00e5trykk av saker i f\u00f8rste kvartal p\u00e5 grunn av et \u00abskyh\u00f8yt\u00bb forbruk i desember, forteller sjefanalytiker i Intrum, Morten Trasti.<\/p>\n<p><strong>Han tror derimot ikke at kredittsmellen blir st\u00f8rre n\u00e5 enn tidligere \u00e5r.<\/strong>\n<\/p>\n<p><img decoding=\"async\"   src=\"data:image\/gif;base64,R0lGODlhAQABAIAAAAAAAP\/\/\/yH5BAEAAAAALAAAAAABAAEAAAIBRAA7\" loading=\"eager\" alt=\"en mann i dress \" title=\"Foto: Sturlason\"\/><\/p>\n<p class=\"\">Sjefanalytiker i Intrum, Morten Trasti.<\/p>\n<p>Foto: Sturlason<\/p>\n<p>Han viser til reall\u00f8nnsvekst i Norge de siste to \u00e5rene og lavere forbruk som f\u00f8lge av urolige tider.<\/p>\n<p>\u2013 Gitt den gode utviklingen de aller fleste husholdninger har hatt, s\u00e5 er det heller ikke spesielt overraskende at man har dratt til litt ekstra p\u00e5 juleshoppingen, sier Trasti.<\/p>\n<p>Han oppfordrer folk til \u00e5 ta kontakt om de har f\u00e5tt et inkassokrav som det er vanskelig \u00e5 betale.<\/p>\n<p>\u2013 Selv om problemet kanskje virker ul\u00f8selig der og da, s\u00e5 \u00f8nsker faktisk alle parter \u00e5 finne en l\u00f8sning. Det gjelder banken, den som skylder penger og det gjelder inkassoselskapet, sier han.<\/p>\n<p>Publisert<\/p>\n<p>25.12.2025, kl. 17.55<\/p>\n","protected":false},"excerpt":{"rendered":"Saken oppsummert: Nordmenns forbruksgjeld \u00f8kte med 2,3 milliarder kroner i desember. Forbrukerr\u00e5det advarer om at mange kan oppleve&hellip;\n","protected":false},"author":2,"featured_media":121725,"comment_status":"","ping_status":"","sticky":false,"template":"","format":"standard","meta":{"footnotes":""},"categories":[10],"tags":[20,21,24,25,15,22,23,13,30,28,29,14,16,26,27],"class_list":{"0":"post-121724","1":"post","2":"type-post","3":"status-publish","4":"format-standard","5":"has-post-thumbnail","7":"category-norge","8":"tag-breaking-news","9":"tag-breakingnews","10":"tag-featured-news","11":"tag-featurednews","12":"tag-headlines","13":"tag-latest-news","14":"tag-latestnews","15":"tag-news","16":"tag-no","17":"tag-norge","18":"tag-norway","19":"tag-nyheter","20":"tag-overskrifter","21":"tag-top-stories","22":"tag-topstories"},"share_on_mastodon":{"url":"https:\/\/pubeurope.com\/@no\/115781413447393287","error":""},"_links":{"self":[{"href":"https:\/\/www.europesays.com\/no\/wp-json\/wp\/v2\/posts\/121724","targetHints":{"allow":["GET"]}}],"collection":[{"href":"https:\/\/www.europesays.com\/no\/wp-json\/wp\/v2\/posts"}],"about":[{"href":"https:\/\/www.europesays.com\/no\/wp-json\/wp\/v2\/types\/post"}],"author":[{"embeddable":true,"href":"https:\/\/www.europesays.com\/no\/wp-json\/wp\/v2\/users\/2"}],"replies":[{"embeddable":true,"href":"https:\/\/www.europesays.com\/no\/wp-json\/wp\/v2\/comments?post=121724"}],"version-history":[{"count":0,"href":"https:\/\/www.europesays.com\/no\/wp-json\/wp\/v2\/posts\/121724\/revisions"}],"wp:featuredmedia":[{"embeddable":true,"href":"https:\/\/www.europesays.com\/no\/wp-json\/wp\/v2\/media\/121725"}],"wp:attachment":[{"href":"https:\/\/www.europesays.com\/no\/wp-json\/wp\/v2\/media?parent=121724"}],"wp:term":[{"taxonomy":"category","embeddable":true,"href":"https:\/\/www.europesays.com\/no\/wp-json\/wp\/v2\/categories?post=121724"},{"taxonomy":"post_tag","embeddable":true,"href":"https:\/\/www.europesays.com\/no\/wp-json\/wp\/v2\/tags?post=121724"}],"curies":[{"name":"wp","href":"https:\/\/api.w.org\/{rel}","templated":true}]}}