{"id":121726,"date":"2025-12-25T17:35:09","date_gmt":"2025-12-25T17:35:09","guid":{"rendered":"https:\/\/www.europesays.com\/no\/121726\/"},"modified":"2025-12-25T17:35:09","modified_gmt":"2025-12-25T17:35:09","slug":"klasse-1a-skole-brikkene-falt-pa-plass-for-cathrine-det-beste-jeg-har-gjort-halden-arbeiderblad","status":"publish","type":"post","link":"https:\/\/www.europesays.com\/no\/121726\/","title":{"rendered":"Klasse 1A, Skole | Brikkene falt p\u00e5 plass for Cathrine: \u2013 Det beste jeg har gjort &#8211; Halden Arbeiderblad"},"content":{"rendered":"<ol>\n<li><a href=\"https:\/\/news.google.com\/rss\/articles\/CBMioAFBVV95cUxOSzlIS20yLVc0endNMXdzMWI1dW1Femt4SmRBaVZxenlyQlZ2X0puX1dZVW92QXBsemRrNE5vbkpjUTRSNGllRnZVWVBpbzJJN3JWYWJldlNpTHdkVGttQlNHdVY5SnpNTW40ek0tcUV1WTNFM1ZGajFXYjZ0WHk5T2g1QXBnQjhxdlM4NGNmVWx0WUpsVWdtcWtzaUhsWTZG?oc=5\" target=\"_blank\" rel=\"nofollow noopener\">Klasse 1A, Skole | Brikkene falt p\u00e5 plass for Cathrine: \u2013 Det beste jeg har gjort<\/a>&nbsp;&nbsp;Halden Arbeiderblad<\/li>\n<li><a href=\"https:\/\/news.google.com\/rss\/articles\/CBMilwFBVV95cUxPUmU0d25fSEpEdzVxa0pSWjZnRkY5VTNnSmlCeFJYYXM5cUh5b3RvTDJzamQ5R04tT2RkVUp0WEtwX0Zpa2NTZjMwYkRtWEM4ZkpQTDU3TFB2cWRVRXU0OEpLRzBwd3BSaWJLSEJ2bHF4NXJlZV9OVVBGbUpuYnR6STJubVh3cHlEUjR6UnZEd191R295TTdJ?oc=5\" target=\"_blank\" rel=\"nofollow noopener\">Klasse 1A, Skole | \u2013 Jeg fortalte det til klassen og fikk spontan applaus<\/a>&nbsp;&nbsp;Halden Arbeiderblad<\/li>\n<li><a href=\"https:\/\/news.google.com\/rss\/articles\/CBMiswFBVV95cUxNaWsxWFFnbzNMWnFtS0t6dXVDamE1al9Qck9rdl9ZN2dsQ3gzNmlqZUZBRkN5R3hCa203WlVwS1o0UmFVXzZSNzAzb1NqMUtVSm9RQWItNXNqVS1VZHNIS1VBUDlOQ0k3YmtUU3JSaUhvbzh6eDZRbUIxX3Q5MnpkUU5VNFVfNnhMR0pldENUbG1qWXlxX3JzUWF3OFE2c3Yya18yWUkxODRaZ0Y0SVRuMHo4TQ?oc=5\" target=\"_blank\" rel=\"nofollow noopener\">Klasse 1A, Skole | \u2013 Folk lurte p\u00e5 hva jeg drev med. Jeg kastet opp blod i 17 meter h\u00f8ye b\u00f8lger<\/a>&nbsp;&nbsp;Halden Arbeiderblad<\/li>\n<li><a href=\"https:\/\/news.google.com\/rss\/articles\/CBMiW0FVX3lxTFBwSXpqd2lDbmRNUG9vTW4zWnM0QnFGMkdwLWI3OXVNZEN0NE5YY2RYRjdYTXR4TVB6THA4SjdCSEZGX1FQaF9CTklfVE05Ry1DdUsxdmxrNkd3WGc?oc=5\" target=\"_blank\" rel=\"nofollow noopener\">Klasse 1A, 1995 | Fra skoleg\u00e5rden til voksenlivet<\/a>&nbsp;&nbsp;Halden Arbeiderblad<\/li>\n<li><a href=\"https:\/\/news.google.com\/rss\/articles\/CBMif0FVX3lxTFBfQVM3cTJtU1lDSllQV2lxMFduVWU0SkZsUWdFaDl5clVwdGJHVmNDMWEwWXF6UjRSaEhSU3Q0OUdxejFqVEFubklmVUJjZ3Q4SjVWVmFYZ2FFU25xNVc2cXFzalZFQlhFWi1KS3ZFa2tXOVk3YU9waWxMSjdZTkU?oc=5\" target=\"_blank\" rel=\"nofollow noopener\">Klasse 1A, Skole | Lars Kristian: \u2013 Jeg l\u00e6rte mye av det<\/a>&nbsp;&nbsp;Halden Arbeiderblad<\/li>\n<\/ol>\n","protected":false},"excerpt":{"rendered":"Klasse 1A, Skole | Brikkene falt p\u00e5 plass for Cathrine: \u2013 Det beste jeg har gjort&nbsp;&nbsp;Halden Arbeiderblad Klasse&hellip;\n","protected":false},"author":2,"featured_media":121727,"comment_status":"","ping_status":"","sticky":false,"template":"","format":"standard","meta":{"footnotes":""},"categories":[5],"tags":[20,21,24,25,15,19,22,23,17,18,13,30,28,29,14,16,26,27],"class_list":{"0":"post-121726","1":"post","2":"type-post","3":"status-publish","4":"format-standard","5":"has-post-thumbnail","7":"category-overskrifter","8":"tag-breaking-news","9":"tag-breakingnews","10":"tag-featured-news","11":"tag-featurednews","12":"tag-headlines","13":"tag-hovedoppslag","14":"tag-latest-news","15":"tag-latestnews","16":"tag-main-news","17":"tag-mainnews","18":"tag-news","19":"tag-no","20":"tag-norge","21":"tag-norway","22":"tag-nyheter","23":"tag-overskrifter","24":"tag-top-stories","25":"tag-topstories"},"share_on_mastodon":{"url":"https:\/\/pubeurope.com\/@no\/115781417218705657","error":""},"_links":{"self":[{"href":"https:\/\/www.europesays.com\/no\/wp-json\/wp\/v2\/posts\/121726","targetHints":{"allow":["GET"]}}],"collection":[{"href":"https:\/\/www.europesays.com\/no\/wp-json\/wp\/v2\/posts"}],"about":[{"href":"https:\/\/www.europesays.com\/no\/wp-json\/wp\/v2\/types\/post"}],"author":[{"embeddable":true,"href":"https:\/\/www.europesays.com\/no\/wp-json\/wp\/v2\/users\/2"}],"replies":[{"embeddable":true,"href":"https:\/\/www.europesays.com\/no\/wp-json\/wp\/v2\/comments?post=121726"}],"version-history":[{"count":0,"href":"https:\/\/www.europesays.com\/no\/wp-json\/wp\/v2\/posts\/121726\/revisions"}],"wp:featuredmedia":[{"embeddable":true,"href":"https:\/\/www.europesays.com\/no\/wp-json\/wp\/v2\/media\/121727"}],"wp:attachment":[{"href":"https:\/\/www.europesays.com\/no\/wp-json\/wp\/v2\/media?parent=121726"}],"wp:term":[{"taxonomy":"category","embeddable":true,"href":"https:\/\/www.europesays.com\/no\/wp-json\/wp\/v2\/categories?post=121726"},{"taxonomy":"post_tag","embeddable":true,"href":"https:\/\/www.europesays.com\/no\/wp-json\/wp\/v2\/tags?post=121726"}],"curies":[{"name":"wp","href":"https:\/\/api.w.org\/{rel}","templated":true}]}}