{"id":121731,"date":"2025-12-25T17:45:06","date_gmt":"2025-12-25T17:45:06","guid":{"rendered":"https:\/\/www.europesays.com\/no\/121731\/"},"modified":"2025-12-25T17:45:06","modified_gmt":"2025-12-25T17:45:06","slug":"krodsherad-ulykke-bil-med-to-personer-havnet-pa-taket","status":"publish","type":"post","link":"https:\/\/www.europesays.com\/no\/121731\/","title":{"rendered":"Kr\u00f8dsherad, Ulykke | Bil med to personer havnet p\u00e5 taket"},"content":{"rendered":"\n<p><b>KR\u00d8DSHERAD: <\/b>Torsdag kveld melder politiet om en ulykke i Kr\u00f8dsherad, n\u00e6rmere bestemt p\u00e5 Norefjellveien.<\/p>\n<p>Der har en bil havnet p\u00e5 taket.<\/p>\n<p>Klokken 17:17 melder politiet at bilen ligger p\u00e5 utsiden av veien.<\/p>\n<p>    Vil du se neste video?<\/p>\n<p>    <a href=\"https:\/\/www.dt.no\/kortesje-for-leif-arne-rolfstad\/v\/5-57-2759945\" class=\"recommend-poster\" data-adp-clicklabel=\"video-recommend\" data-adp-clickvalue=\"poster\" rel=\"nofollow noopener\" target=\"_blank\"><\/p>\n<p>Kortesje for Leif Arne Rolfstad 0:58<\/p>\n<p>    <\/a><\/p>\n<p>        Vitner sier at dette er tredje gangen de har sett noen kj\u00f8re ut i denne svingen. \u2013  Et autovern hadde v\u00e6rt lurt.<\/p>\n<p>\u2013 Ulykken har skjedd i lav hastighet. Det har v\u00e6rt to personer i bilen. Begge fremst\u00e5r uskadd, bortsett fra noe smerter i en skulder, melder operasjonsleder Jan Kristian Johnsrud.<\/p>\n<p>   <img decoding=\"async\" width=\"1024\" height=\"768\" fetchpriority=\"low\"  loading=\"lazy\"  src=\"https:\/\/www.europesays.com\/no\/wp-content\/uploads\/2025\/12\/606973034_858853003715761_4659158082438744441_n.jpg\" alt=\"\" class=\"brick-c-cFOWSL\" style=\"--brick-image-ratio: 1024 \/ 768;\"\/><\/p>\n<p>      B\u00e5de brannvesen og ambulanse rykket ut til ulykken i Kr\u00f8dsherad torsdag ettermiddag.<br \/>\n      Foto: Jo Christian Rand\n    <\/p>\n<p>Det skal v\u00e6re mye trafikk og glatt p\u00e5 stedet.<\/p>\n<p>Det kan politibetjent Beate Sem p\u00e5 stedet bekrefte.<\/p>\n<p>\u2013 Veien er ikke stengt, men det er veldig glatt p\u00e5 stedet. De to personene i bilen er tilsynelatende uskadd. Det er ikke mistanke om noe annet enn at det har v\u00e6rt glatt, sier hun.<\/p>\n<p>Klokken 18:01 melder operasjonsleder Johnsrud at politiet har avbrutt utrykningen.<\/p>\n<p>\u2013 Ingen personskade og meget glatt p\u00e5 stedet. Bileier ordner selv med inntauing.<\/p>\n<p>Saken oppdateres!<\/p>\n","protected":false},"excerpt":{"rendered":"KR\u00d8DSHERAD: Torsdag kveld melder politiet om en ulykke i Kr\u00f8dsherad, n\u00e6rmere bestemt p\u00e5 Norefjellveien. Der har en bil&hellip;\n","protected":false},"author":2,"featured_media":121732,"comment_status":"","ping_status":"","sticky":false,"template":"","format":"standard","meta":{"footnotes":""},"categories":[10],"tags":[36,20,21,24,25,15,5173,22,23,13,30,28,29,14,16,1510,26,27,224,51],"class_list":{"0":"post-121731","1":"post","2":"type-post","3":"status-publish","4":"format-standard","5":"has-post-thumbnail","7":"category-norge","8":"tag-art","9":"tag-breaking-news","10":"tag-breakingnews","11":"tag-featured-news","12":"tag-featurednews","13":"tag-headlines","14":"tag-krodsherad","15":"tag-latest-news","16":"tag-latestnews","17":"tag-news","18":"tag-no","19":"tag-norge","20":"tag-norway","21":"tag-nyheter","22":"tag-overskrifter","23":"tag-story","24":"tag-top-stories","25":"tag-topstories","26":"tag-trafikk","27":"tag-ulykke"},"share_on_mastodon":{"url":"https:\/\/pubeurope.com\/@no\/115781456751950255","error":""},"_links":{"self":[{"href":"https:\/\/www.europesays.com\/no\/wp-json\/wp\/v2\/posts\/121731","targetHints":{"allow":["GET"]}}],"collection":[{"href":"https:\/\/www.europesays.com\/no\/wp-json\/wp\/v2\/posts"}],"about":[{"href":"https:\/\/www.europesays.com\/no\/wp-json\/wp\/v2\/types\/post"}],"author":[{"embeddable":true,"href":"https:\/\/www.europesays.com\/no\/wp-json\/wp\/v2\/users\/2"}],"replies":[{"embeddable":true,"href":"https:\/\/www.europesays.com\/no\/wp-json\/wp\/v2\/comments?post=121731"}],"version-history":[{"count":0,"href":"https:\/\/www.europesays.com\/no\/wp-json\/wp\/v2\/posts\/121731\/revisions"}],"wp:featuredmedia":[{"embeddable":true,"href":"https:\/\/www.europesays.com\/no\/wp-json\/wp\/v2\/media\/121732"}],"wp:attachment":[{"href":"https:\/\/www.europesays.com\/no\/wp-json\/wp\/v2\/media?parent=121731"}],"wp:term":[{"taxonomy":"category","embeddable":true,"href":"https:\/\/www.europesays.com\/no\/wp-json\/wp\/v2\/categories?post=121731"},{"taxonomy":"post_tag","embeddable":true,"href":"https:\/\/www.europesays.com\/no\/wp-json\/wp\/v2\/tags?post=121731"}],"curies":[{"name":"wp","href":"https:\/\/api.w.org\/{rel}","templated":true}]}}