{"id":121733,"date":"2025-12-25T17:46:13","date_gmt":"2025-12-25T17:46:13","guid":{"rendered":"https:\/\/www.europesays.com\/no\/121733\/"},"modified":"2025-12-25T17:46:13","modified_gmt":"2025-12-25T17:46:13","slug":"bil-med-to-vaksne-og-tre-born-velta-pa-os-nrk-vestland","status":"publish","type":"post","link":"https:\/\/www.europesays.com\/no\/121733\/","title":{"rendered":"Bil med to vaksne og tre born velta p\u00e5 Os \u2013 NRK Vestland"},"content":{"rendered":"<p>Ein bil med fem personar, av desse tre born, velta p\u00e5 E39 ved brannstasjonen p\u00e5 Os i Bj\u00f8rnafjorden f\u00f8rste juledag. Ingen andre k\u00f8yret\u00f8y var involverte. Alle i bilen var uskadde, men var ein tur p\u00e5 legevakta etter hendinga. Det er 70-sone p\u00e5 staden.<\/p>\n<p>Uhellet skal ha skjedd under innk\u00f8yring til motorvegen, der bilen skal ha k\u00f8yrt utfor og landa p\u00e5 Halhjemsvegen.<\/p>\n<p>\u2013 Ingen mistanke om p\u00e5verknad p\u00e5 bilf\u00f8rar, melder operasjonsleiar Frode Kolltveit ved Vest politidistrikt.<\/p>\n<p>If\u00f8lgje 110 Vest vart bilen liggande p\u00e5 sida i vegbana. S\u00f8rg\u00e5ande retning var ein periode stengd som f\u00f8lgje av uhellet.<\/p>\n<p>Bilen er like f\u00f8r klokka 13 k\u00f8yrd vekk, og vegen opna for fri ferdsle. Politiet opprettar sak.<\/p>\n","protected":false},"excerpt":{"rendered":"Ein bil med fem personar, av desse tre born, velta p\u00e5 E39 ved brannstasjonen p\u00e5 Os i Bj\u00f8rnafjorden&hellip;\n","protected":false},"author":2,"featured_media":121734,"comment_status":"","ping_status":"","sticky":false,"template":"","format":"standard","meta":{"footnotes":""},"categories":[5],"tags":[20,21,24,25,15,19,22,23,17,18,13,30,28,29,14,16,26,27],"class_list":{"0":"post-121733","1":"post","2":"type-post","3":"status-publish","4":"format-standard","5":"has-post-thumbnail","7":"category-overskrifter","8":"tag-breaking-news","9":"tag-breakingnews","10":"tag-featured-news","11":"tag-featurednews","12":"tag-headlines","13":"tag-hovedoppslag","14":"tag-latest-news","15":"tag-latestnews","16":"tag-main-news","17":"tag-mainnews","18":"tag-news","19":"tag-no","20":"tag-norge","21":"tag-norway","22":"tag-nyheter","23":"tag-overskrifter","24":"tag-top-stories","25":"tag-topstories"},"share_on_mastodon":{"url":"https:\/\/pubeurope.com\/@no\/115781460472340487","error":""},"_links":{"self":[{"href":"https:\/\/www.europesays.com\/no\/wp-json\/wp\/v2\/posts\/121733","targetHints":{"allow":["GET"]}}],"collection":[{"href":"https:\/\/www.europesays.com\/no\/wp-json\/wp\/v2\/posts"}],"about":[{"href":"https:\/\/www.europesays.com\/no\/wp-json\/wp\/v2\/types\/post"}],"author":[{"embeddable":true,"href":"https:\/\/www.europesays.com\/no\/wp-json\/wp\/v2\/users\/2"}],"replies":[{"embeddable":true,"href":"https:\/\/www.europesays.com\/no\/wp-json\/wp\/v2\/comments?post=121733"}],"version-history":[{"count":0,"href":"https:\/\/www.europesays.com\/no\/wp-json\/wp\/v2\/posts\/121733\/revisions"}],"wp:featuredmedia":[{"embeddable":true,"href":"https:\/\/www.europesays.com\/no\/wp-json\/wp\/v2\/media\/121734"}],"wp:attachment":[{"href":"https:\/\/www.europesays.com\/no\/wp-json\/wp\/v2\/media?parent=121733"}],"wp:term":[{"taxonomy":"category","embeddable":true,"href":"https:\/\/www.europesays.com\/no\/wp-json\/wp\/v2\/categories?post=121733"},{"taxonomy":"post_tag","embeddable":true,"href":"https:\/\/www.europesays.com\/no\/wp-json\/wp\/v2\/tags?post=121733"}],"curies":[{"name":"wp","href":"https:\/\/api.w.org\/{rel}","templated":true}]}}