{"id":121739,"date":"2025-12-25T17:52:10","date_gmt":"2025-12-25T17:52:10","guid":{"rendered":"https:\/\/www.europesays.com\/no\/121739\/"},"modified":"2025-12-25T17:52:10","modified_gmt":"2025-12-25T17:52:10","slug":"mangler-du-brod-dette-er-apningstidene-agderposten-no","status":"publish","type":"post","link":"https:\/\/www.europesays.com\/no\/121739\/","title":{"rendered":"Mangler du br\u00f8d? Dette er \u00e5pningstidene &#8211; agderposten.no"},"content":{"rendered":"<ol>\n<li><a href=\"https:\/\/news.google.com\/rss\/articles\/CBMiggFBVV95cUxQOEFORWpFQlduRUNPc3lYdW1FNG1HVkFmanQxbllUbmdwaGg1NTM2Rkk5TS1HR2JJODlDWmlBNGZ0Qy1zSXFMa0tPdTZIcnZKSHZtU1YxR1NYbmU0NjQzTDg5MTRiQk5MVVBHbkF3YnRvZ0VhMTZ3UF94UjVPOGNDb2hB?oc=5\" target=\"_blank\" rel=\"nofollow noopener\">Mangler du br\u00f8d? Dette er \u00e5pningstidene<\/a>&nbsp;&nbsp;agderposten.no<\/li>\n<li><a href=\"https:\/\/news.google.com\/rss\/articles\/CBMifkFVX3lxTE5SdDd6RmpEVVprN3VVUWpNUlppNkxXajZLWmtjZUlUSFhMTG9ndEpFWGdvQnAtNHNYWnVfUWczN3ZvbGxPZFZtaXoxc19qNnpTSmlIM2VxQ0NwcUp0NGdzZlQ4ZHMtd2VTRkMyRTZTM3V5R3RJaGd3Q3ZkRU0xdw?oc=5\" target=\"_blank\" rel=\"nofollow noopener\">Dette rives vekk p\u00e5 julaften<\/a>&nbsp;&nbsp;DinSide<\/li>\n<li><a href=\"https:\/\/news.google.com\/rss\/articles\/CBMihwFBVV95cUxPeDNpRXp6bDFHUVBsM2pFSnYzOTd2Q3RzNnl2emNfdEZPcWVZN1hjalJqQm8wY3hYQmdlYksydmk2V0FuUkp3TXVWNDVfY0FXbHNfRW40Vy14STI2ZmZsSmtiN0pkb2NnbTBUcWQ0TzhKcF80WXl2ZlkyQnYzWFZGNVdTRjQ0MVk?oc=5\" target=\"_blank\" rel=\"nofollow noopener\">Dette er butikkenes \u00e5pningstider i julen<\/a>&nbsp;&nbsp;Moss Avis<\/li>\n<li><a href=\"https:\/\/news.google.com\/rss\/articles\/CBMiqwFBVV95cUxOem1VQThyRUVFcFhGWjlSX3B4WThpWWpjRnMwTzcxMTlYY3hRektTLTVybTF1a29pNDJOSmJaWWVrRi1ybmp4eDA5Vy1MQUtkM2ZwakhBZUM1ZnpvVXdRdWxydFJMeVJGWUZ5bmVPcnptVzhSa1RFMWFIc0I2aGNZNV90NGJrU2VUSl92ZzZDSEE4ZFd3RzdaSWFQanYxNGFyT09lSDRRX29xdjg?oc=5\" target=\"_blank\" rel=\"nofollow noopener\">S\u00f8r, Ski | Julens viktigste guide: Hva er \u00e5pent, og n\u00e5r? Sjekk alle \u00e5pningstidene her<\/a>&nbsp;&nbsp;\u00d8stlandets Blad<\/li>\n<li><a href=\"https:\/\/news.google.com\/rss\/articles\/CBMikAFBVV95cUxPeFprVzhOT3daRk8zcVFJUFI2X1ppc0xRdm1rZnQxdFFzdlNINW5DYnV6aEl4MlNfWFUyaDBHVjB5Q3R2TXIzY3pWckNXWklJVldZdEpIOGw2RUVHRDNJWHhfTXZJYkt5dUtEUGJCZlllV2txRXVRSGh3VEpIRTEzZE5NZm93RkVIbVdGbzBlMVQ?oc=5\" target=\"_blank\" rel=\"nofollow noopener\">N\u00e6ringsliv, Tista senter | Ute i siste liten? Slik er \u00e5pningstidene i julen<\/a>&nbsp;&nbsp;Halden Arbeiderblad<\/li>\n<\/ol>\n","protected":false},"excerpt":{"rendered":"Mangler du br\u00f8d? Dette er \u00e5pningstidene&nbsp;&nbsp;agderposten.no Dette rives vekk p\u00e5 julaften&nbsp;&nbsp;DinSide Dette er butikkenes \u00e5pningstider i julen&nbsp;&nbsp;Moss Avis&hellip;\n","protected":false},"author":2,"featured_media":121740,"comment_status":"","ping_status":"","sticky":false,"template":"","format":"standard","meta":{"footnotes":""},"categories":[10],"tags":[20,21,24,25,15,22,23,13,30,28,29,14,16,26,27],"class_list":{"0":"post-121739","1":"post","2":"type-post","3":"status-publish","4":"format-standard","5":"has-post-thumbnail","7":"category-norge","8":"tag-breaking-news","9":"tag-breakingnews","10":"tag-featured-news","11":"tag-featurednews","12":"tag-headlines","13":"tag-latest-news","14":"tag-latestnews","15":"tag-news","16":"tag-no","17":"tag-norge","18":"tag-norway","19":"tag-nyheter","20":"tag-overskrifter","21":"tag-top-stories","22":"tag-topstories"},"share_on_mastodon":{"url":"https:\/\/pubeurope.com\/@no\/115781484165487503","error":""},"_links":{"self":[{"href":"https:\/\/www.europesays.com\/no\/wp-json\/wp\/v2\/posts\/121739","targetHints":{"allow":["GET"]}}],"collection":[{"href":"https:\/\/www.europesays.com\/no\/wp-json\/wp\/v2\/posts"}],"about":[{"href":"https:\/\/www.europesays.com\/no\/wp-json\/wp\/v2\/types\/post"}],"author":[{"embeddable":true,"href":"https:\/\/www.europesays.com\/no\/wp-json\/wp\/v2\/users\/2"}],"replies":[{"embeddable":true,"href":"https:\/\/www.europesays.com\/no\/wp-json\/wp\/v2\/comments?post=121739"}],"version-history":[{"count":0,"href":"https:\/\/www.europesays.com\/no\/wp-json\/wp\/v2\/posts\/121739\/revisions"}],"wp:featuredmedia":[{"embeddable":true,"href":"https:\/\/www.europesays.com\/no\/wp-json\/wp\/v2\/media\/121740"}],"wp:attachment":[{"href":"https:\/\/www.europesays.com\/no\/wp-json\/wp\/v2\/media?parent=121739"}],"wp:term":[{"taxonomy":"category","embeddable":true,"href":"https:\/\/www.europesays.com\/no\/wp-json\/wp\/v2\/categories?post=121739"},{"taxonomy":"post_tag","embeddable":true,"href":"https:\/\/www.europesays.com\/no\/wp-json\/wp\/v2\/tags?post=121739"}],"curies":[{"name":"wp","href":"https:\/\/api.w.org\/{rel}","templated":true}]}}