{"id":121741,"date":"2025-12-25T17:53:09","date_gmt":"2025-12-25T17:53:09","guid":{"rendered":"https:\/\/www.europesays.com\/no\/121741\/"},"modified":"2025-12-25T17:53:09","modified_gmt":"2025-12-25T17:53:09","slug":"har-engasjert-bistandsadvokat-etter-dodsfallet","status":"publish","type":"post","link":"https:\/\/www.europesays.com\/no\/121741\/","title":{"rendered":"Har engasjert bistandsadvokat etter d\u00f8dsfallet"},"content":{"rendered":"<p class=\"extendedContent hyperion-css-eyn926\" data-test-tag=\"lead-text\">Norges Skiskytterforbund har etter Sivert Guttorm Bakkens (27) d\u00f8dsfall engasjert bistandsadvokat til de etterlatte. <\/p>\n<p><img decoding=\"async\" class=\"image-asset hyperion-css-u06ts1\" data-test-tag=\"image-asset\" src=\"https:\/\/www.europesays.com\/no\/wp-content\/uploads\/2025\/12\/2a756b08-bb95-4d7b-a309-09a3dd74e865\"  alt=\"Sivert Guttorm Bakken (27) var p\u00e5 treningssamling da han d\u00f8de. \"  loading=\"eager\" fetchpriority=\"high\" style=\"aspect-ratio:2048 \/ 1366\"\/>Sivert Guttorm Bakken (27) var p\u00e5 treningssamling da han d\u00f8de. Foto: Geir Olsen \/ NTB<\/p>\n<p class=\"paywall hyperion-css-1j42uic\">Sivert Guttorm Bakken ble funnet d\u00f8d p\u00e5 hotellrommet sitt i Lavaze i Italia lille julaften. Han hadde da p\u00e5 seg en h\u00f8ydemaske. <\/p>\n<p class=\"paywall hyperion-css-1j42uic\">\u2013 Dette er et ordin\u00e6rt advokatoppdrag for \u00e5 v\u00e6re bindeledd mellom italienske myndigheter og de etterlatte, samt bist\u00e5 med det praktiske knytte til \u00e5 bringe avd\u00f8de tilbake til Norge, sier advokat Bernt Heiberg hos Elden advokatfirma. <\/p>\n<p class=\"paywall hyperion-css-1j42uic\">Advokatfullmektig Oline Bredeli er f\u00f8rste juledag p\u00e5 vei til Italia for \u00e5 bist\u00e5 forbundet og de etterlatte, f\u00e5r Aftenposten opplyst. <\/p>\n<p class=\"paywall hyperion-css-1j42uic\">Etterforskningen etter Bakkens d\u00f8d p\u00e5g\u00e5r fortsatt. <\/p>\n<p class=\"paywall hyperion-css-1j42uic\">F\u00f8rst neste uke er resultatene av de rettsmedisinske unders\u00f8kelsene ventet. Det er uklart om bruken av h\u00f8ydemasken har noe med d\u00f8dsfallet \u00e5 gj\u00f8re. <\/p>\n<p class=\"paywall hyperion-css-1j42uic\">\u2013 Av hensyn til den p\u00e5g\u00e5ende etterforskningen kan jeg ikke g\u00e5 inn i sakens detaljer p\u00e5 n\u00e5v\u00e6rende tidspunkt, sier Heiberg. <\/p>\n","protected":false},"excerpt":{"rendered":"Norges Skiskytterforbund har etter Sivert Guttorm Bakkens (27) d\u00f8dsfall engasjert bistandsadvokat til de etterlatte. Sivert Guttorm Bakken (27)&hellip;\n","protected":false},"author":2,"featured_media":121742,"comment_status":"","ping_status":"","sticky":false,"template":"","format":"standard","meta":{"footnotes":""},"categories":[5],"tags":[20,21,24,25,15,19,22,23,17,18,13,30,28,29,14,16,26,27],"class_list":{"0":"post-121741","1":"post","2":"type-post","3":"status-publish","4":"format-standard","5":"has-post-thumbnail","7":"category-overskrifter","8":"tag-breaking-news","9":"tag-breakingnews","10":"tag-featured-news","11":"tag-featurednews","12":"tag-headlines","13":"tag-hovedoppslag","14":"tag-latest-news","15":"tag-latestnews","16":"tag-main-news","17":"tag-mainnews","18":"tag-news","19":"tag-no","20":"tag-norge","21":"tag-norway","22":"tag-nyheter","23":"tag-overskrifter","24":"tag-top-stories","25":"tag-topstories"},"share_on_mastodon":{"url":"https:\/\/pubeurope.com\/@no\/115781488171466201","error":""},"_links":{"self":[{"href":"https:\/\/www.europesays.com\/no\/wp-json\/wp\/v2\/posts\/121741","targetHints":{"allow":["GET"]}}],"collection":[{"href":"https:\/\/www.europesays.com\/no\/wp-json\/wp\/v2\/posts"}],"about":[{"href":"https:\/\/www.europesays.com\/no\/wp-json\/wp\/v2\/types\/post"}],"author":[{"embeddable":true,"href":"https:\/\/www.europesays.com\/no\/wp-json\/wp\/v2\/users\/2"}],"replies":[{"embeddable":true,"href":"https:\/\/www.europesays.com\/no\/wp-json\/wp\/v2\/comments?post=121741"}],"version-history":[{"count":0,"href":"https:\/\/www.europesays.com\/no\/wp-json\/wp\/v2\/posts\/121741\/revisions"}],"wp:featuredmedia":[{"embeddable":true,"href":"https:\/\/www.europesays.com\/no\/wp-json\/wp\/v2\/media\/121742"}],"wp:attachment":[{"href":"https:\/\/www.europesays.com\/no\/wp-json\/wp\/v2\/media?parent=121741"}],"wp:term":[{"taxonomy":"category","embeddable":true,"href":"https:\/\/www.europesays.com\/no\/wp-json\/wp\/v2\/categories?post=121741"},{"taxonomy":"post_tag","embeddable":true,"href":"https:\/\/www.europesays.com\/no\/wp-json\/wp\/v2\/tags?post=121741"}],"curies":[{"name":"wp","href":"https:\/\/api.w.org\/{rel}","templated":true}]}}