{"id":121745,"date":"2025-12-25T18:04:36","date_gmt":"2025-12-25T18:04:36","guid":{"rendered":"https:\/\/www.europesays.com\/no\/121745\/"},"modified":"2025-12-25T18:04:36","modified_gmt":"2025-12-25T18:04:36","slug":"morgenrapport-politiloggen-trafikkulykke-i-verdal-mann-til-sykehus","status":"publish","type":"post","link":"https:\/\/www.europesays.com\/no\/121745\/","title":{"rendered":"Morgenrapport, Politiloggen | Trafikkulykke i Verdal \u2013 mann til sykehus"},"content":{"rendered":"\n<p>Natt til onsdag klokka 00.56 fikk politiet melding om en trafikkulykke mellom to biler p\u00e5 E6 i <b>Verdal<\/b> ved \u00d8rmelen.<\/p>\n<p>\u2013 Trafikkulykken skjedde i 80-sonen. En bil har kommet over i motg\u00e5ende kj\u00f8refelt, og det skyldes sannsynlig et sykdomstilfelle hos den ene f\u00f8reren. Det er ingen mistanke om promille, men det blir selvsagt opprettet en sak, forteller operasjonsleder Trond Volden i politiet i Tr\u00f8ndelag til Tr\u00f8nder-Avisa onsdag morgen.<\/p>\n<p>F\u00f8reren av bilen som kom over i feil kj\u00f8refelt var en mann i 60-\u00e5rene, og vedkommende ble tatt med til sykehus for en sjekk. I det andre kj\u00f8ret\u00f8yet var en mann i 20-\u00e5rene.<\/p>\n<p>\u2013 Det er snakk om en personbil og en varebil. Begge bilene m\u00e5tte berges.<\/p>\n<p>Beruset mann<\/p>\n<p>I <b>Namsos<\/b> fikk politiet melding om en beruset mann klokka 02.47.<\/p>\n<p>\u2013 Han var ute av stand til \u00e5 ta vare p\u00e5 seg selv, og ble kj\u00f8rt til mottaket der oppe slik at han skulle slippe \u00e5 fryse. Det er snakk om en mann i 20-\u00e5rene, sier Volden.<\/p>\n<p>Ellers kan Volden melde om en rolig natt til julaften i hele fylket.<\/p>\n<p>Kun \u00e9n hendelse er registrert i politiloggen i <b>Trondheim<\/b> denne natta. Her fikk politiet melding om to personer som snoket rundt i en parkeringskjeller.<\/p>\n<p>\u2013 Politiet kj\u00f8rte til stedet og fikk raskt kontroll p\u00e5 en person, en kjent vinningskriminell i 30-\u00e5rene. Det ble funnet flere bager med formentlig tyvgods, blant annet turutstyr. Det var ogs\u00e5 t\u00f8mt et pulverapparat inne i en av bodene.<\/p>\n<p>Variert julev\u00e6r<\/p>\n<p>P\u00e5 julaften blir det variert v\u00e6r i Tr\u00f8ndelag. Yrs tekstvarsel sier f\u00f8lgende:<\/p>\n<p>\u00abS\u00f8rvestlig bris, p\u00e5 kysten og i fjellet liten til stiv kuling, dreiende vestlig i kveld. Skyet. Regn vesentlig nord for Trondheimsfjorden, sludd eller sn\u00f8 i h\u00f8yereliggende str\u00f8k, ellers oppholdsv\u00e6r. Litt sol i indre str\u00f8k i s\u00f8r. Lokalt fare for regn som fryser p\u00e5 kald bakke eller underkj\u00f8lt regn\u00bb.<\/p>\n<p>S\u00e5 kj\u00f8r forsiktig og ta deg god tid om du skal ut \u00e5 ferdes i trafikken i dag.<\/p>\n<p>P\u00e5 T-A.no<\/p>\n<p>Tvillingene i magen delte alt \u2013 ogs\u00e5 en livstruende tilstand. Legene anbefalte \u00e5 ofre den ene for \u00e5 redde den andre. Les om familien p\u00e5 Frosta som nektet \u00e5 velge bort en av tvillingene.<\/p>\n<p>  <a href=\"https:\/\/www.t-a.no\/5-116-2277733\" class=\"related-teaser has-image default-feature-teaser article--c-eRUmMG article--c-eRUmMG-jKCPdD-design-default\" rel=\"nofollow noopener\" target=\"_blank\"><\/p>\n<p>    <img decoding=\"async\" loading=\"lazy\"  src=\"https:\/\/www.europesays.com\/no\/wp-content\/uploads\/2025\/12\/_SWK0364.jpg\" alt=\"\" class=\"brick-c-cFOWSL\" style=\"\"\/><\/p>\n<p>\n            Les ogs\u00e5<\/p>\n<p>              Legene ba dem velge bort \u00e9n av dem\n        <\/p>\n<p>  <\/a><\/p>\n<p>Det finnes mange forskjellige m\u00e5ter \u00e5 bo p\u00e5 \u2013 og feire jul p\u00e5. Knut Roar Holmvik bor i en julepyntet amerikansk campingbil p\u00e5 Guldbergaunet i Steinkjer, og har aldri trivdes s\u00e5 godt. N\u00e5 har han pyntet til jul \u2013 i bilen.<\/p>\n<p>  <a href=\"https:\/\/www.t-a.no\/5-116-2279025\" class=\"related-teaser has-image default-story-teaser article--c-eRUmMG article--c-eRUmMG-jKCPdD-design-default\" rel=\"nofollow noopener\" target=\"_blank\"><\/p>\n<p>    <img decoding=\"async\" loading=\"lazy\"  src=\"https:\/\/www.europesays.com\/no\/wp-content\/uploads\/2025\/12\/IMG_5715.jpeg\" alt=\"\" class=\"brick-c-cFOWSL\" style=\"\"\/><\/p>\n<p>\n            Les ogs\u00e5<\/p>\n<p>              Flyttet inn i bilen: \u2013 Aldri trivdes s\u00e5 godt\n        <\/p>\n<p>  <\/a><\/p>\n<p>Har du ikke hentet alle gavene til jul? Da begynner det \u00e5 haste. Post i butikk har fortsatt pakker som ligger uavhentet.<\/p>\n<p>  <a href=\"https:\/\/www.t-a.no\/5-116-2279316\" class=\"related-teaser has-image default-story-teaser article--c-eRUmMG article--c-eRUmMG-jKCPdD-design-default\" rel=\"nofollow noopener\" target=\"_blank\"><\/p>\n<p>    <img decoding=\"async\" loading=\"lazy\"  src=\"https:\/\/www.europesays.com\/no\/wp-content\/uploads\/2025\/12\/image_680987A4-32A0-43A7-9B9B-92BE73EBC5D1_1766512079_1.jpeg\" alt=\"\" class=\"brick-c-cFOWSL\" style=\"\"\/><\/p>\n<p>\n            Les ogs\u00e5<\/p>\n<p>              Her er det fortsatt mye \u00e5 hente\n        <\/p>\n<p>  <\/a><\/p>\n<p>Riktig god jul fra alle oss i Tr\u00f8nder-Avisa!<\/p>\n","protected":false},"excerpt":{"rendered":"Natt til onsdag klokka 00.56 fikk politiet melding om en trafikkulykke mellom to biler p\u00e5 E6 i Verdal&hellip;\n","protected":false},"author":2,"featured_media":3842,"comment_status":"","ping_status":"","sticky":false,"template":"","format":"standard","meta":{"footnotes":""},"categories":[5],"tags":[36,20,21,24,25,15,19,22,23,17,18,739,783,13,30,28,29,14,16,782,1510,26,27,941,2133],"class_list":{"0":"post-121745","1":"post","2":"type-post","3":"status-publish","4":"format-standard","5":"has-post-thumbnail","7":"category-overskrifter","8":"tag-art","9":"tag-breaking-news","10":"tag-breakingnews","11":"tag-featured-news","12":"tag-featurednews","13":"tag-headlines","14":"tag-hovedoppslag","15":"tag-latest-news","16":"tag-latestnews","17":"tag-main-news","18":"tag-mainnews","19":"tag-morgenrapport","20":"tag-namsos","21":"tag-news","22":"tag-no","23":"tag-norge","24":"tag-norway","25":"tag-nyheter","26":"tag-overskrifter","27":"tag-politiloggen","28":"tag-story","29":"tag-top-stories","30":"tag-topstories","31":"tag-ulykker-og-hendelser","32":"tag-verdal"},"share_on_mastodon":{"url":"https:\/\/pubeurope.com\/@no\/115781531679748672","error":""},"_links":{"self":[{"href":"https:\/\/www.europesays.com\/no\/wp-json\/wp\/v2\/posts\/121745","targetHints":{"allow":["GET"]}}],"collection":[{"href":"https:\/\/www.europesays.com\/no\/wp-json\/wp\/v2\/posts"}],"about":[{"href":"https:\/\/www.europesays.com\/no\/wp-json\/wp\/v2\/types\/post"}],"author":[{"embeddable":true,"href":"https:\/\/www.europesays.com\/no\/wp-json\/wp\/v2\/users\/2"}],"replies":[{"embeddable":true,"href":"https:\/\/www.europesays.com\/no\/wp-json\/wp\/v2\/comments?post=121745"}],"version-history":[{"count":0,"href":"https:\/\/www.europesays.com\/no\/wp-json\/wp\/v2\/posts\/121745\/revisions"}],"wp:featuredmedia":[{"embeddable":true,"href":"https:\/\/www.europesays.com\/no\/wp-json\/wp\/v2\/media\/3842"}],"wp:attachment":[{"href":"https:\/\/www.europesays.com\/no\/wp-json\/wp\/v2\/media?parent=121745"}],"wp:term":[{"taxonomy":"category","embeddable":true,"href":"https:\/\/www.europesays.com\/no\/wp-json\/wp\/v2\/categories?post=121745"},{"taxonomy":"post_tag","embeddable":true,"href":"https:\/\/www.europesays.com\/no\/wp-json\/wp\/v2\/tags?post=121745"}],"curies":[{"name":"wp","href":"https:\/\/api.w.org\/{rel}","templated":true}]}}