{"id":121746,"date":"2025-12-25T18:11:10","date_gmt":"2025-12-25T18:11:10","guid":{"rendered":"https:\/\/www.europesays.com\/no\/121746\/"},"modified":"2025-12-25T18:11:10","modified_gmt":"2025-12-25T18:11:10","slug":"fortsetter-soket-etter-savnet-kvinne-utover-kvelden","status":"publish","type":"post","link":"https:\/\/www.europesays.com\/no\/121746\/","title":{"rendered":"Fort\u00adset\u00adter s\u00f8ket etter savnet kvinne utover kvel\u00adden"},"content":{"rendered":"<p>\u2013 S\u00f8ket fortsetter forel\u00f8pig selv om det blir m\u00f8rkt. Bakkemannskapene bruker lys, helikoptere har sine s\u00f8ksmuligheter fra lufta og selv fortsetter vi med hundepatruljer. Redningssk\u00f8yta fortsetter ogs\u00e5 sitt s\u00f8k fra fjorden, s\u00e5 langt jeg kjenner til, forteller innsatsleder Arnt Helge Dragland fra politiet til F\u00e6drelandsvennens reporter p\u00e5 stedet like f\u00f8r klokka 16 1. juledag.<\/p>\n<p><img decoding=\"async\" src=\"data:image\/gif;base64,R0lGODlhEAAJAIAAAP\/\/\/wAAACH5BAEAAAAALAAAAAAQAAkAAAIKhI+py+0Po5yUFQA7\" alt=\"\"\/><br \/>\n  Helikopter brukes i s\u00f8ket etter den savnede kvinnen.<br \/>\n  <strong>Foto:<\/strong> Anders Mjaaland<\/p>\n<p>Den 72 \u00e5r gamle kvinnen, som ble meldt savnet av et tysk turf\u00f8lge julaften formiddag, ble sist sett i turomr\u00e5det Skrelifallene i Lyngdal rundt klokka 12 onsdag. Politiet fikk melding fra AMK snaue tre timer senere, og satte da i gang en leteaksjon sammen med redningshelikopter og frivillige ansatte.<\/p>\n<p><a href=\"https:\/\/www.fvn.no\/nyheter\/nyhetsdognet\/i\/43qmGe\/har-startet-leteaksjon-etter-kvinne\" rel=\"noopener nofollow\" target=\"_blank\">Leteaksjonen har foreg\u00e5tt gjennom natta og utover dagen 1. juledag uten resultat.<\/a><\/p>\n<p><strong>Politiets hovedhypoteser er at kvinnen enten har g\u00e5tt seg vill, at hun har falt eller at noe helsemessig har inntruffet.<\/strong><\/p>\n<p>Det er ikke mistanke om at noe kriminelt skal ha skjedd med den tyske kvinnen.<\/p>\n<p>Observasjon julaften<\/p>\n<p>Klokka 15.27 1. juledag opplyser politiet at de er informert om observasjon av en kvinne ved Skreliveien, \u00abi omr\u00e5det mellom Hinderslandsveien og Eikenesveien i tidsrommet 24.12 kl 12-14\u00bb.<\/p>\n<p><strong>\u00abKvinnen er beskrevet som \u00abmer\u00bb enn 60 \u00e5r gammel, if\u00f8rt m\u00f8rk gr\u00f8nn jakke og m\u00f8rk bukse, lue og muligens if\u00f8rt solbriller. Det er uklart om vedkommende er relevant i sakens anledning\u00bb, uttalte operasjonsleder Ronny Aateigen Andersen.<\/strong><\/p>\n<p>Politiet \u00f8nsker \u00e5 komme i kontakt med kvinnen, eventuelt ogs\u00e5 med andre som har observasjoner av kvinnen i aktuelt tidsrom.<\/p>\n<p>Skrelifallene er et popul\u00e6rt turomr\u00e5de en snau halvtimes kj\u00f8retur vest for Lyngdal, nord for Lyngdalsfjorden. Hovedattraksjonen er den sv\u00e6re bekken som renner som et lite fossefall nedover bratte blankskurte svaberg.<\/p>\n<p><img decoding=\"async\" src=\"data:image\/gif;base64,R0lGODlhEAAJAIAAAP\/\/\/wAAACH5BAEAAAAALAAAAAAQAAkAAAIKhI+py+0Po5yUFQA7\" alt=\"\"\/><br \/>\n  Skrelia er et popul\u00e6rt turomr\u00e5de fra Lyngdal.<br \/>\n  <strong>Foto:<\/strong> Anders Mjaaland\u2013 Ikke mulig \u00e5 havne i sj\u00f8en ved fall fra toppen<\/p>\n<p>\u2013 Har det blitt s\u00f8kt ekstra langs disse fossefallene?<\/p>\n<p>\u2013 Ja, vi har s\u00f8kt ekstra godt her, og i resten av Skreli-gryta. Det er innenfor s\u00f8keomr\u00e5det som er h\u00f8yaktuelt, svarer innsatsleder Dragland.<\/p>\n<p>I s\u00f8ket har det ogs\u00e5 blitt kastet en dukke ned fossen, for \u00e5 se hvordan denne oppf\u00f8rer seg.<\/p>\n<p>\u2013 Vi fikk bekreftet at det ikke er mulig \u00e5 havne i sj\u00f8en ved et fall fra toppen av Skrelifallene, sier innsatsleder.<\/p>\n<p>\u2013 Hvordan ser dere p\u00e5 h\u00e5pet om \u00e5 finne kvinnen i live?<\/p>\n<p>\u2013 De vurderingene tas av kvalifisert personell, i dette tilfelle leger, som gj\u00f8r fortl\u00f8pende vurderinger. Og hvilke betraktninger de kommer med, avgj\u00f8r hva slags s\u00f8k vi vil drive, svarer Dragland.<\/p>\n<p><img decoding=\"async\" src=\"data:image\/gif;base64,R0lGODlhEAAJAIAAAP\/\/\/wAAACH5BAEAAAAALAAAAAAQAAkAAAIKhI+py+0Po5yUFQA7\" alt=\"\"\/><br \/>\n  Leteaksjonen etter den savnede kvinnen fortsetter etter m\u00f8rkets frambrudd. Her fra toppen av Skrelifallan.<br \/>\n  <strong>Foto:<\/strong> Anders MjaalandBer\u00f8mmer letemannskapene<\/p>\n<p>Det tas ogs\u00e5 fortl\u00f8pende vurderinger ang\u00e5ende sikkerheten til de frivillige, i et terreng som beskrives som \u00absv\u00e6rt glatt og krevende\u00bb.<\/p>\n<p><strong>\u2013 Vi tar definitivt sikkerheten p\u00e5 alvor, og vil ha alle mannskaper tilbake i god behold. Samtidig er letemannskapene godt trent for dette, med egne ledere som f\u00f8lger dem opp, sier Dragland.<\/strong><\/p>\n<p>Dersom noen har g\u00e5tt tur i omr\u00e5det og har gjort observasjoner av kvinnen, kan man kontakte politiet p\u00e5 02800.<\/p>\n<p><img decoding=\"async\" src=\"data:image\/gif;base64,R0lGODlhEAAJAIAAAP\/\/\/wAAACH5BAEAAAAALAAAAAAQAAkAAAIKhI+py+0Po5yUFQA7\" alt=\"\"\/><br \/>\n  Store styrker fra frivillige letemannskaper er med i s\u00f8ket etter kvinnen.<br \/>\n  <strong>Foto:<\/strong> Anders Mjaaland<\/p>\n<p>Han ber\u00f8mmer samtidig mannskapene som stiller opp midt i juleh\u00f8ytiden.<\/p>\n<p>\u2013 Det er helt fantastisk at de frivillige stiller opp som de gj\u00f8r. Og det er fortsatt nye folk p\u00e5 vei inn.<\/p>\n<p>Saken oppdateres.<\/p>\n","protected":false},"excerpt":{"rendered":"\u2013 S\u00f8ket fortsetter forel\u00f8pig selv om det blir m\u00f8rkt. Bakkemannskapene bruker lys, helikoptere har sine s\u00f8ksmuligheter fra lufta&hellip;\n","protected":false},"author":2,"featured_media":121747,"comment_status":"","ping_status":"","sticky":false,"template":"","format":"standard","meta":{"footnotes":""},"categories":[10],"tags":[20,21,24,25,15,22,23,717,13,30,28,29,14,16,254,34,48,4766,26,27],"class_list":{"0":"post-121746","1":"post","2":"type-post","3":"status-publish","4":"format-standard","5":"has-post-thumbnail","7":"category-norge","8":"tag-breaking-news","9":"tag-breakingnews","10":"tag-featured-news","11":"tag-featurednews","12":"tag-headlines","13":"tag-latest-news","14":"tag-latestnews","15":"tag-lyngdal","16":"tag-news","17":"tag-no","18":"tag-norge","19":"tag-norway","20":"tag-nyheter","21":"tag-overskrifter","22":"tag-politi","23":"tag-redningshelikopter","24":"tag-savnet","25":"tag-sok","26":"tag-top-stories","27":"tag-topstories"},"share_on_mastodon":{"url":"https:\/\/pubeurope.com\/@no\/115781558930855249","error":""},"_links":{"self":[{"href":"https:\/\/www.europesays.com\/no\/wp-json\/wp\/v2\/posts\/121746","targetHints":{"allow":["GET"]}}],"collection":[{"href":"https:\/\/www.europesays.com\/no\/wp-json\/wp\/v2\/posts"}],"about":[{"href":"https:\/\/www.europesays.com\/no\/wp-json\/wp\/v2\/types\/post"}],"author":[{"embeddable":true,"href":"https:\/\/www.europesays.com\/no\/wp-json\/wp\/v2\/users\/2"}],"replies":[{"embeddable":true,"href":"https:\/\/www.europesays.com\/no\/wp-json\/wp\/v2\/comments?post=121746"}],"version-history":[{"count":0,"href":"https:\/\/www.europesays.com\/no\/wp-json\/wp\/v2\/posts\/121746\/revisions"}],"wp:featuredmedia":[{"embeddable":true,"href":"https:\/\/www.europesays.com\/no\/wp-json\/wp\/v2\/media\/121747"}],"wp:attachment":[{"href":"https:\/\/www.europesays.com\/no\/wp-json\/wp\/v2\/media?parent=121746"}],"wp:term":[{"taxonomy":"category","embeddable":true,"href":"https:\/\/www.europesays.com\/no\/wp-json\/wp\/v2\/categories?post=121746"},{"taxonomy":"post_tag","embeddable":true,"href":"https:\/\/www.europesays.com\/no\/wp-json\/wp\/v2\/tags?post=121746"}],"curies":[{"name":"wp","href":"https:\/\/api.w.org\/{rel}","templated":true}]}}