{"id":121748,"date":"2025-12-25T18:12:17","date_gmt":"2025-12-25T18:12:17","guid":{"rendered":"https:\/\/www.europesays.com\/no\/121748\/"},"modified":"2025-12-25T18:12:17","modified_gmt":"2025-12-25T18:12:17","slug":"romano-gigantkjop-kan-gi-city-exit-for-oscar-bobb","status":"publish","type":"post","link":"https:\/\/www.europesays.com\/no\/121748\/","title":{"rendered":"Romano: Gigantkj\u00f8p kan gi City-exit for Oscar Bobb"},"content":{"rendered":"<p>Det er den velinformerte overgangsguruen Fabrizio Romano som hevder \u00e5 ha kilder p\u00e5 at Bobb seri\u00f8st vurderer \u00e5 s\u00f8ke seg vekk fra Manchester.<\/p>\n<p>En rekke Premier League-klubber skal den siste tiden ha jobbet med \u00e5 sikre seg Bournemouth-stjernen Semenyo. If\u00f8lge Romano og flere britiske medier skal imidlertid City v\u00e6re spillerens f\u00f8rstevalg.,<\/p>\n<p class=\"bold m-bold\" data-lab-font_weight=\"bold\">Det kan alts\u00e5 f\u00e5 konsekvenser for Bobb.<\/p>\n<p>\n\u2013 Dersom Manchester City klarer \u00e5 komme i m\u00e5l med Semenyo-handelen, som vi forventer, er jeg fortalt at Bobb kan komme til \u00e5 forlate klubben i januarvinduet. Det er en konkret sjanse for det, sier Romano <a href=\"https:\/\/www.youtube.com\/watch?app=desktop&amp;v=dK_BniG49Mo\" target=\"_blank\" rel=\"nofollow noopener\">i en video publisert p\u00e5 Youtube<\/a>.<\/p>\n<p>        <img class=\"image__img lazyload\" itemprop=\"image\" title=\"Foto: Terje Bendiksby \/ NTB\" alt=\"VM-KLAR: Oscar Bobb p\u00e5 vei inn til Carls pub for \u00e5 feire VM-billetten, som ble sikret i november. Foto: Terje Bendiksby \/ NTB\" width=\"675\" height=\"379\" bad-src=\"https:\/\/www.europesays.com\/no\/wp-content\/uploads\/2025\/12\/18299579.webp\" fetchpriority=\"auto\" \/><\/p>\n<p>      VM-KLAR: Oscar Bobb p\u00e5 vei inn til Carls pub for \u00e5 feire VM-billetten, som ble sikret i november.<br \/>\n         Foto: Terje Bendiksby \/ NTB<\/p>\n<p>\u2013 Hold \u00f8ye med Oscar Bobb. Jeg har blitt fortalt at flere klubber har ringt og forh\u00f8rt seg de siste dagene. Ryktene om at Crystal Palace er interessert stemmer, men flere skal v\u00e6re p\u00e5 banen, og ikke bare i England, legger han til.<\/p>\n<p data-lab-font_weight=\"\">Spesielt \u00e9n klubb nevnes. <\/p>\n<p class=\"bold m-bold\" data-lab-font_weight=\"bold\"> \u2013 Jeg kan fortelle dere at Borussia Dortmund har v\u00e6rt i kontakt med City den siste tiden for \u00e5 forst\u00e5 situasjonen til Bobb, sier Romano.<\/p>\n<p>Han peker videre p\u00e5 at den tyske storklubben mer enn en gang har hentet unge spillere fra Premier League og hatt suksess med det.<\/p>\n<p>Bobb har i h\u00f8st slitt med \u00e5 f\u00e5 fast spilletid i City. Vingen har ogs\u00e5 hatt skadetr\u00f8bbel.<\/p>\n<p>En overgang til en klubb der han f\u00e5r ukentlig spilletid, vil v\u00e6re godt nytt for landslagssjef St\u00e5le Solbakken foran VM-sluttspillet i USA, Canada og Mexico neste sommer.<\/p>\n","protected":false},"excerpt":{"rendered":"Det er den velinformerte overgangsguruen Fabrizio Romano som hevder \u00e5 ha kilder p\u00e5 at Bobb seri\u00f8st vurderer \u00e5&hellip;\n","protected":false},"author":2,"featured_media":121749,"comment_status":"","ping_status":"","sticky":false,"template":"","format":"standard","meta":{"footnotes":""},"categories":[5],"tags":[20,21,24,25,15,19,22,23,17,18,13,30,28,29,14,16,26,27],"class_list":{"0":"post-121748","1":"post","2":"type-post","3":"status-publish","4":"format-standard","5":"has-post-thumbnail","7":"category-overskrifter","8":"tag-breaking-news","9":"tag-breakingnews","10":"tag-featured-news","11":"tag-featurednews","12":"tag-headlines","13":"tag-hovedoppslag","14":"tag-latest-news","15":"tag-latestnews","16":"tag-main-news","17":"tag-mainnews","18":"tag-news","19":"tag-no","20":"tag-norge","21":"tag-norway","22":"tag-nyheter","23":"tag-overskrifter","24":"tag-top-stories","25":"tag-topstories"},"share_on_mastodon":{"url":"https:\/\/pubeurope.com\/@no\/115781562756271536","error":""},"_links":{"self":[{"href":"https:\/\/www.europesays.com\/no\/wp-json\/wp\/v2\/posts\/121748","targetHints":{"allow":["GET"]}}],"collection":[{"href":"https:\/\/www.europesays.com\/no\/wp-json\/wp\/v2\/posts"}],"about":[{"href":"https:\/\/www.europesays.com\/no\/wp-json\/wp\/v2\/types\/post"}],"author":[{"embeddable":true,"href":"https:\/\/www.europesays.com\/no\/wp-json\/wp\/v2\/users\/2"}],"replies":[{"embeddable":true,"href":"https:\/\/www.europesays.com\/no\/wp-json\/wp\/v2\/comments?post=121748"}],"version-history":[{"count":0,"href":"https:\/\/www.europesays.com\/no\/wp-json\/wp\/v2\/posts\/121748\/revisions"}],"wp:featuredmedia":[{"embeddable":true,"href":"https:\/\/www.europesays.com\/no\/wp-json\/wp\/v2\/media\/121749"}],"wp:attachment":[{"href":"https:\/\/www.europesays.com\/no\/wp-json\/wp\/v2\/media?parent=121748"}],"wp:term":[{"taxonomy":"category","embeddable":true,"href":"https:\/\/www.europesays.com\/no\/wp-json\/wp\/v2\/categories?post=121748"},{"taxonomy":"post_tag","embeddable":true,"href":"https:\/\/www.europesays.com\/no\/wp-json\/wp\/v2\/tags?post=121748"}],"curies":[{"name":"wp","href":"https:\/\/api.w.org\/{rel}","templated":true}]}}