{"id":121755,"date":"2025-12-25T18:26:08","date_gmt":"2025-12-25T18:26:08","guid":{"rendered":"https:\/\/www.europesays.com\/no\/121755\/"},"modified":"2025-12-25T18:26:08","modified_gmt":"2025-12-25T18:26:08","slug":"trafikk-trafikkulykke-bil-kom-over-i-motgaende-kjorefelt-flere-til-sykehus","status":"publish","type":"post","link":"https:\/\/www.europesays.com\/no\/121755\/","title":{"rendered":"Trafikk, Trafikkulykke | Bil kom over i motg\u00e5ende kj\u00f8refelt \u2013 flere til sykehus"},"content":{"rendered":"\n<p>\u2013 En bil har kommet over i motg\u00e5ende kj\u00f8refelt og truffet to andre biler. Per n\u00e5 meldt om en del skader p\u00e5 alle tre bilene, sier oppdragsleder \u00d8rjan Hustad i \u00d8st politidistrikt.<\/p>\n<p>Hendelsen har skjedd i H\u00f8landsveien i Aurskog-H\u00f8land.<\/p>\n<p>Til sammen fire personer var involvert i ulykken.<\/p>\n<p>\u2013 To personer fraktes til sykehus. Veibanen delvis stengt frem til bilberger er p\u00e5 stedet, sier Hustad.<\/p>\n<p>Saken oppdateres!<\/p>\n","protected":false},"excerpt":{"rendered":"\u2013 En bil har kommet over i motg\u00e5ende kj\u00f8refelt og truffet to andre biler. Per n\u00e5 meldt om&hellip;\n","protected":false},"author":2,"featured_media":7393,"comment_status":"","ping_status":"","sticky":false,"template":"","format":"standard","meta":{"footnotes":""},"categories":[5],"tags":[36,1177,20,21,24,25,15,19,22,23,17,18,13,30,28,29,14,16,1510,26,27,224,666],"class_list":{"0":"post-121755","1":"post","2":"type-post","3":"status-publish","4":"format-standard","5":"has-post-thumbnail","7":"category-overskrifter","8":"tag-art","9":"tag-aurskog-holand","10":"tag-breaking-news","11":"tag-breakingnews","12":"tag-featured-news","13":"tag-featurednews","14":"tag-headlines","15":"tag-hovedoppslag","16":"tag-latest-news","17":"tag-latestnews","18":"tag-main-news","19":"tag-mainnews","20":"tag-news","21":"tag-no","22":"tag-norge","23":"tag-norway","24":"tag-nyheter","25":"tag-overskrifter","26":"tag-story","27":"tag-top-stories","28":"tag-topstories","29":"tag-trafikk","30":"tag-trafikkulykke"},"share_on_mastodon":{"url":"https:\/\/pubeurope.com\/@no\/115781617896799644","error":""},"_links":{"self":[{"href":"https:\/\/www.europesays.com\/no\/wp-json\/wp\/v2\/posts\/121755","targetHints":{"allow":["GET"]}}],"collection":[{"href":"https:\/\/www.europesays.com\/no\/wp-json\/wp\/v2\/posts"}],"about":[{"href":"https:\/\/www.europesays.com\/no\/wp-json\/wp\/v2\/types\/post"}],"author":[{"embeddable":true,"href":"https:\/\/www.europesays.com\/no\/wp-json\/wp\/v2\/users\/2"}],"replies":[{"embeddable":true,"href":"https:\/\/www.europesays.com\/no\/wp-json\/wp\/v2\/comments?post=121755"}],"version-history":[{"count":0,"href":"https:\/\/www.europesays.com\/no\/wp-json\/wp\/v2\/posts\/121755\/revisions"}],"wp:featuredmedia":[{"embeddable":true,"href":"https:\/\/www.europesays.com\/no\/wp-json\/wp\/v2\/media\/7393"}],"wp:attachment":[{"href":"https:\/\/www.europesays.com\/no\/wp-json\/wp\/v2\/media?parent=121755"}],"wp:term":[{"taxonomy":"category","embeddable":true,"href":"https:\/\/www.europesays.com\/no\/wp-json\/wp\/v2\/categories?post=121755"},{"taxonomy":"post_tag","embeddable":true,"href":"https:\/\/www.europesays.com\/no\/wp-json\/wp\/v2\/tags?post=121755"}],"curies":[{"name":"wp","href":"https:\/\/api.w.org\/{rel}","templated":true}]}}