{"id":121760,"date":"2025-12-25T18:32:17","date_gmt":"2025-12-25T18:32:17","guid":{"rendered":"https:\/\/www.europesays.com\/no\/121760\/"},"modified":"2025-12-25T18:32:17","modified_gmt":"2025-12-25T18:32:17","slug":"vaervarsel-snoskredfare-betydelig-snoskredfare-pa-helgeland","status":"publish","type":"post","link":"https:\/\/www.europesays.com\/no\/121760\/","title":{"rendered":"V\u00e6rvarsel, Sn\u00f8skredfare | Betydelig sn\u00f8skredfare p\u00e5 Helgeland"},"content":{"rendered":"\n<p>1. juledag melder NVE om betydelig sn\u00f8skredfare for regionene Helgeland, Svartisen og Salten. Det skriver varsom.no.<\/p>\n<p>Varselet, som er p\u00e5 oransje niv\u00e5, gjelder b\u00e5de for  og skred med .<\/p>\n<p>Det anbefales p\u00e5 generelt grunnlag \u00e5 unng\u00e5 skredterreng. Ferdsel krever solid kunnskap, erfaring i rutevalg og evne til \u00e5 identifisere skredproblem, heter det i varselet.<\/p>\n<p>Faregraden er ventet \u00e5 g\u00e5 ned til gult niv\u00e5 igjen fredag, f\u00f8r det l\u00f8rdag oppjusteres til oransje igjen. L\u00f8rdag er det meldt kraftig vind, som bidrar til den \u00f8kte skredfaren.<\/p>\n<p>  <a href=\"https:\/\/www.ranablad.no\/5-42-1537530\" class=\"related-teaser has-image default-story-teaser article--c-eRUmMG article--c-eRUmMG-jKCPdD-design-default\" rel=\"nofollow noopener\" target=\"_blank\"><\/p>\n<p>    <img decoding=\"async\" loading=\"lazy\"  src=\"https:\/\/www.europesays.com\/no\/wp-content\/uploads\/2025\/12\/Skjermbilde+2025-12-25+150227.jpg\" alt=\"\" class=\"brick-c-cFOWSL\" style=\"\"\/><\/p>\n<p>\n            Les ogs\u00e5<\/p>\n<p>              Varsler kraftige vindkast i helgen \u2013 venter storm p\u00e5 kysten\n        <\/p>\n<p>  <\/a><\/p>\n<p>Samtidig har det de siste 24 timene kommet mye nedb\u00f8r i Nordland, og i enkelte omr\u00e5der nord for Rana og ved kysten ventes det 30\u201340 mm nedb\u00f8r torsdag, if\u00f8lge Meteorologisk instiutt. Det kan f\u00f8re til v\u00e5t is i veibanen.<\/p>\n<p>De stigende temperaturene vil f\u00f8re til stor sn\u00f8smelting, og det er dermed ogs\u00e5 sendt ut gult farevarsel for jord-, s\u00f8rpe- og flomskredfare i nordlige deler av Nordland, inkludert R\u00f8d\u00f8y, Mel\u00f8y og Saltfjellet.<\/p>\n<p>\u2013 Vannmetningsgraden i bakken \u00f8ker i takt med sn\u00f8smeltingen. Dette gir \u00f8kende fare for jord-, s\u00f8rpe- og flomskred langs bekker og i skr\u00e5ninger der sn\u00f8en smelter. Fare for utl\u00f8sning av s\u00f8rpeskred gjelder s\u00e6rlig i omr\u00e5der med mer enn 50 cm sn\u00f8, skriver varsom.no.<\/p>\n<p>For kommunene Lur\u00f8y, R\u00f8d\u00f8y og Mel\u00f8y er det ogs\u00e5 gult farevarsel for flom torsdag. Vannf\u00f8ringen vil \u00f8ke i bekker og elver i l\u00f8pet av torsdag grunnet mye nedb\u00f8r og sn\u00f8smelting. Dette kan f\u00f8re til lokale oversv\u00f8mmelser.<\/p>\n<p>Det er ventet at flomfaren vil g\u00e5 ned til gult niv\u00e5 fredag. Faren for jord-, s\u00f8rpe- og flomskred er ventet \u00e5 minke torsdag kveld.<\/p>\n<p>  <a href=\"https:\/\/www.ranablad.no\/5-42-1537218\" class=\"related-teaser default-story-teaser article--c-eRUmMG article--c-eRUmMG-jKCPdD-design-default article--c-eRUmMG-kpKLOW-cv\" rel=\"nofollow noopener\" target=\"_blank\"><\/p>\n<p>\n            Les ogs\u00e5<\/p>\n<p>              Sender ut farevarsel for is og sn\u00f8skred p\u00e5 julaften\n        <\/p>\n<p>  <\/a><\/p>\n","protected":false},"excerpt":{"rendered":"1. juledag melder NVE om betydelig sn\u00f8skredfare for regionene Helgeland, Svartisen og Salten. Det skriver varsom.no. Varselet, som&hellip;\n","protected":false},"author":2,"featured_media":5826,"comment_status":"","ping_status":"","sticky":false,"template":"","format":"standard","meta":{"footnotes":""},"categories":[10],"tags":[36,20,21,24,25,14448,15,8615,22,23,13,30,28,29,14,16,12080,1510,26,27,3588],"class_list":{"0":"post-121760","1":"post","2":"type-post","3":"status-publish","4":"format-standard","5":"has-post-thumbnail","7":"category-norge","8":"tag-art","9":"tag-breaking-news","10":"tag-breakingnews","11":"tag-featured-news","12":"tag-featurednews","13":"tag-flomfare","14":"tag-headlines","15":"tag-jordskredfare","16":"tag-latest-news","17":"tag-latestnews","18":"tag-news","19":"tag-no","20":"tag-norge","21":"tag-norway","22":"tag-nyheter","23":"tag-overskrifter","24":"tag-snoskredfare","25":"tag-story","26":"tag-top-stories","27":"tag-topstories","28":"tag-vaervarsel"},"share_on_mastodon":{"url":"https:\/\/pubeurope.com\/@no\/115781641584295552","error":""},"_links":{"self":[{"href":"https:\/\/www.europesays.com\/no\/wp-json\/wp\/v2\/posts\/121760","targetHints":{"allow":["GET"]}}],"collection":[{"href":"https:\/\/www.europesays.com\/no\/wp-json\/wp\/v2\/posts"}],"about":[{"href":"https:\/\/www.europesays.com\/no\/wp-json\/wp\/v2\/types\/post"}],"author":[{"embeddable":true,"href":"https:\/\/www.europesays.com\/no\/wp-json\/wp\/v2\/users\/2"}],"replies":[{"embeddable":true,"href":"https:\/\/www.europesays.com\/no\/wp-json\/wp\/v2\/comments?post=121760"}],"version-history":[{"count":0,"href":"https:\/\/www.europesays.com\/no\/wp-json\/wp\/v2\/posts\/121760\/revisions"}],"wp:featuredmedia":[{"embeddable":true,"href":"https:\/\/www.europesays.com\/no\/wp-json\/wp\/v2\/media\/5826"}],"wp:attachment":[{"href":"https:\/\/www.europesays.com\/no\/wp-json\/wp\/v2\/media?parent=121760"}],"wp:term":[{"taxonomy":"category","embeddable":true,"href":"https:\/\/www.europesays.com\/no\/wp-json\/wp\/v2\/categories?post=121760"},{"taxonomy":"post_tag","embeddable":true,"href":"https:\/\/www.europesays.com\/no\/wp-json\/wp\/v2\/tags?post=121760"}],"curies":[{"name":"wp","href":"https:\/\/api.w.org\/{rel}","templated":true}]}}