{"id":121761,"date":"2025-12-25T18:33:10","date_gmt":"2025-12-25T18:33:10","guid":{"rendered":"https:\/\/www.europesays.com\/no\/121761\/"},"modified":"2025-12-25T18:33:10","modified_gmt":"2025-12-25T18:33:10","slug":"kan-man-holde-seg-hjemme-sa-er-det-lurt","status":"publish","type":"post","link":"https:\/\/www.europesays.com\/no\/121761\/","title":{"rendered":"\u2013 Kan man holde seg hjemme s\u00e5 er det lurt"},"content":{"rendered":"<p>Meteorologene har sendt ut oransje farevarsel, og fylkeskommunen advarer om at veien over Aunfjellet kan bli stengt. N\u00e5 ber vakthavende meteorolog i Troms\u00f8 folk om \u00e5 holde seg hjemme n\u00e5r de kraftigste vindkastene treffer l\u00f8rdag morgen.<\/p>\n<p>\u2013 Natt til l\u00f8rdag, l\u00f8rdag morgen er det et sterkt lavtrykk som rammer oss. Det blir nordvestlig vind og kan komme opp mot orkan p\u00e5 kysten, sier Eirik Samuelsen, vakthavende meteorolog i Troms\u00f8.<\/p>\n<p>Med andre ord: L\u00f8rdag morgen er ikke tidspunktet for en markatur. Samuelsen oppfordrer alle til \u00e5 holde seg inne n\u00e5r vinden er p\u00e5 sitt sterkeste, men understreker at tidspunktet kan endre seg.<\/p>\n<p>\u2013 Man m\u00e5 f\u00f8lge med, fordi slike lavtrykk kan endre seg, b\u00e5de i styrke og n\u00e5r man kan forvente at de kommer. Uansett burde man nok la bilen st\u00e5 p\u00e5 l\u00f8rdag, det er ikke det beste reisev\u00e6ret.<\/p>\n<p><img decoding=\"async\" src=\"data:image\/gif;base64,R0lGODlhEAAJAIAAAP\/\/\/wAAACH5BAEAAAAALAAAAAAQAAkAAAIKhI+py+0Po5yUFQA7\" alt=\"\"\/><br \/>\n  Til helga forventer meteorologene sn\u00f8<br \/>\n  <strong>Foto:<\/strong> Jon Terje Eiter\u00e5 \/ Jon Terje Eiter\u00e5<\/p>\n<p>Vindkastene, som kan n\u00e5 opptil 38 sekundmeter, bringer med seg kald luft og nedb\u00f8r i helgen, if\u00f8lge meteorologen.<\/p>\n<p>\u2013 Det vil komme sn\u00f8 senere p\u00e5 l\u00f8rdag og utover s\u00f8ndagen. De sterkeste vindkastene gir seg etter noen timer, men vinden vil fortsatt merkes p\u00e5 s\u00f8ndag dersom man planlegger en skitur, avslutter Samuelsen.<\/p>\n<p>N\u00e5r vinden gir seg p\u00e5 s\u00f8ndag kveld vil sn\u00f8en etter all sansynlighet bli liggende.<\/p>\n<p><img decoding=\"async\" src=\"data:image\/gif;base64,R0lGODlhEAAJAIAAAP\/\/\/wAAACH5BAEAAAAALAAAAAAQAAkAAAIKhI+py+0Po5yUFQA7\" alt=\"\"\/><br \/>\n  SN\u00d8V\u00c6R I VENTE; selv om jula ikke ble s\u00e5 hvit som mange skulle \u00f8nske, ser det ut til \u00e5 bli et hvitt nytt \u00e5r som g\u00e5r harstadv\u00e6ringer i vente.<br \/>\n  <strong>Foto:<\/strong> Roar Edvardsen<\/p>\n","protected":false},"excerpt":{"rendered":"Meteorologene har sendt ut oransje farevarsel, og fylkeskommunen advarer om at veien over Aunfjellet kan bli stengt. N\u00e5&hellip;\n","protected":false},"author":2,"featured_media":121762,"comment_status":"","ping_status":"","sticky":false,"template":"","format":"standard","meta":{"footnotes":""},"categories":[5],"tags":[20,21,102,24,25,15,19,22,23,17,18,13,30,28,29,14,16,26,27,553,9166,7585],"class_list":{"0":"post-121761","1":"post","2":"type-post","3":"status-publish","4":"format-standard","5":"has-post-thumbnail","7":"category-overskrifter","8":"tag-breaking-news","9":"tag-breakingnews","10":"tag-farevarsel","11":"tag-featured-news","12":"tag-featurednews","13":"tag-headlines","14":"tag-hovedoppslag","15":"tag-latest-news","16":"tag-latestnews","17":"tag-main-news","18":"tag-mainnews","19":"tag-news","20":"tag-no","21":"tag-norge","22":"tag-norway","23":"tag-nyheter","24":"tag-overskrifter","25":"tag-top-stories","26":"tag-topstories","27":"tag-vaer","28":"tag-vaer-og-fore","29":"tag-vind"},"share_on_mastodon":{"url":"https:\/\/pubeurope.com\/@no\/115781645386209491","error":""},"_links":{"self":[{"href":"https:\/\/www.europesays.com\/no\/wp-json\/wp\/v2\/posts\/121761","targetHints":{"allow":["GET"]}}],"collection":[{"href":"https:\/\/www.europesays.com\/no\/wp-json\/wp\/v2\/posts"}],"about":[{"href":"https:\/\/www.europesays.com\/no\/wp-json\/wp\/v2\/types\/post"}],"author":[{"embeddable":true,"href":"https:\/\/www.europesays.com\/no\/wp-json\/wp\/v2\/users\/2"}],"replies":[{"embeddable":true,"href":"https:\/\/www.europesays.com\/no\/wp-json\/wp\/v2\/comments?post=121761"}],"version-history":[{"count":0,"href":"https:\/\/www.europesays.com\/no\/wp-json\/wp\/v2\/posts\/121761\/revisions"}],"wp:featuredmedia":[{"embeddable":true,"href":"https:\/\/www.europesays.com\/no\/wp-json\/wp\/v2\/media\/121762"}],"wp:attachment":[{"href":"https:\/\/www.europesays.com\/no\/wp-json\/wp\/v2\/media?parent=121761"}],"wp:term":[{"taxonomy":"category","embeddable":true,"href":"https:\/\/www.europesays.com\/no\/wp-json\/wp\/v2\/categories?post=121761"},{"taxonomy":"post_tag","embeddable":true,"href":"https:\/\/www.europesays.com\/no\/wp-json\/wp\/v2\/tags?post=121761"}],"curies":[{"name":"wp","href":"https:\/\/api.w.org\/{rel}","templated":true}]}}