{"id":121765,"date":"2025-12-25T18:38:13","date_gmt":"2025-12-25T18:38:13","guid":{"rendered":"https:\/\/www.europesays.com\/no\/121765\/"},"modified":"2025-12-25T18:38:13","modified_gmt":"2025-12-25T18:38:13","slug":"bolsonaro-lanserer-sonnen-som-president","status":"publish","type":"post","link":"https:\/\/www.europesays.com\/no\/121765\/","title":{"rendered":"Bolsonaro lanserer s\u00f8nnen som president"},"content":{"rendered":"<p>Den tidligere presidenten i Brasil, Jair Bolsonaro, virker \u00e5 ha sl\u00e5tt seg til ro med at han nok ikke p\u00e5 nytt vil bli valgt til landets president.\u00a0<\/p>\n<p>At Brasils h\u00f8yesterett d\u00f8mte ham til 27 \u00e5r og tre m\u00e5neders fengsel for fors\u00f8k p\u00e5 statskupp har nok hjulpet ham til \u00e5 tenke i de baner.<\/p>\n<p>Det betyr imidlertid ikke at han har gitt opp h\u00e5pet om at en med Bolsonaro-etternavnet kan bli landets president.<\/p>\n<p>P\u00e5 torsdag skrev Bolsonaro i et h\u00e5ndskrevet brev at han st\u00f8ttet s\u00f8nnen, Flavio Bolsonaro, i presidentvalget 2026, melder <a href=\"https:\/\/www.bloomberg.com\/news\/articles\/2025-12-25\/brazil-s-bolsonaro-releases-letter-backing-son-for-2026-presidential-race?srnd=homepage-europe\" rel=\"nofollow noopener\" target=\"_blank\">Bloomberg<\/a>.<\/p>\n<p>Bolsonaro junior vil da g\u00e5 opp mot sittende president Lula, dersom Flavio skulle bli nominert.<\/p>\n<p>Brevet ble p\u00e5 torsdag lest opp av Flavio foran sykehuset Bolsonaro for tiden er innlagt p\u00e5, hvor han skal opereres for brokk. Brokken er en konsekvens av knivstikkingen Bolsonaro ble utsatt for under presidentvalget i 2018, if\u00f8lge Bloomberg.<\/p>\n<blockquote class=\"twitter-tweet clear-none\">\n<p lang=\"pt\" dir=\"ltr\">Recebi com muita emo\u00e7\u00e3o a carta do meu pai, que carrega f\u00e9, confian\u00e7a e responsabilidade. O desafio \u00e9 grande, mas com sua b\u00ean\u00e7\u00e3o e a prote\u00e7\u00e3o de Deus, seguiremos no caminho certo pelo Brasil. pic.twitter.com\/ovxk1TSMOw <\/p>\n<p>\u2014 Flavio Bolsonaro (@FlavioBolsonaro) <a href=\"https:\/\/twitter.com\/FlavioBolsonaro\/status\/2004169437856043478?ref_src=twsrc%5Etfw\" rel=\"nofollow noopener\" target=\"_blank\">December 25, 2025<\/a><\/p><\/blockquote>\n<p> <script async src=\"https:\/\/platform.twitter.com\/widgets.js\" charset=\"utf-8\"><\/script><\/p>\n","protected":false},"excerpt":{"rendered":"Den tidligere presidenten i Brasil, Jair Bolsonaro, virker \u00e5 ha sl\u00e5tt seg til ro med at han nok&hellip;\n","protected":false},"author":2,"featured_media":121766,"comment_status":"","ping_status":"","sticky":false,"template":"","format":"standard","meta":{"footnotes":""},"categories":[12],"tags":[20,21,24,25,15,22,23,13,30,28,29,14,16,26,27,42,43,44,45],"class_list":{"0":"post-121765","1":"post","2":"type-post","3":"status-publish","4":"format-standard","5":"has-post-thumbnail","7":"category-verden","8":"tag-breaking-news","9":"tag-breakingnews","10":"tag-featured-news","11":"tag-featurednews","12":"tag-headlines","13":"tag-latest-news","14":"tag-latestnews","15":"tag-news","16":"tag-no","17":"tag-norge","18":"tag-norway","19":"tag-nyheter","20":"tag-overskrifter","21":"tag-top-stories","22":"tag-topstories","23":"tag-verden","24":"tag-world","25":"tag-world-news","26":"tag-worldnews"},"share_on_mastodon":{"url":"https:\/\/pubeurope.com\/@no\/115781664952261552","error":""},"_links":{"self":[{"href":"https:\/\/www.europesays.com\/no\/wp-json\/wp\/v2\/posts\/121765","targetHints":{"allow":["GET"]}}],"collection":[{"href":"https:\/\/www.europesays.com\/no\/wp-json\/wp\/v2\/posts"}],"about":[{"href":"https:\/\/www.europesays.com\/no\/wp-json\/wp\/v2\/types\/post"}],"author":[{"embeddable":true,"href":"https:\/\/www.europesays.com\/no\/wp-json\/wp\/v2\/users\/2"}],"replies":[{"embeddable":true,"href":"https:\/\/www.europesays.com\/no\/wp-json\/wp\/v2\/comments?post=121765"}],"version-history":[{"count":0,"href":"https:\/\/www.europesays.com\/no\/wp-json\/wp\/v2\/posts\/121765\/revisions"}],"wp:featuredmedia":[{"embeddable":true,"href":"https:\/\/www.europesays.com\/no\/wp-json\/wp\/v2\/media\/121766"}],"wp:attachment":[{"href":"https:\/\/www.europesays.com\/no\/wp-json\/wp\/v2\/media?parent=121765"}],"wp:term":[{"taxonomy":"category","embeddable":true,"href":"https:\/\/www.europesays.com\/no\/wp-json\/wp\/v2\/categories?post=121765"},{"taxonomy":"post_tag","embeddable":true,"href":"https:\/\/www.europesays.com\/no\/wp-json\/wp\/v2\/tags?post=121765"}],"curies":[{"name":"wp","href":"https:\/\/api.w.org\/{rel}","templated":true}]}}