{"id":121767,"date":"2025-12-25T18:40:31","date_gmt":"2025-12-25T18:40:31","guid":{"rendered":"https:\/\/www.europesays.com\/no\/121767\/"},"modified":"2025-12-25T18:40:31","modified_gmt":"2025-12-25T18:40:31","slug":"rodt-farevarsel-om-snoskred-i-troms-2","status":"publish","type":"post","link":"https:\/\/www.europesays.com\/no\/121767\/","title":{"rendered":"R\u00f8dt farevarsel om sn\u00f8skred i Troms"},"content":{"rendered":"<p>    Meteorologisk institutt har julaften oppdatert sitt farevarsel om nedb\u00f8r for Nord-Norge. Det er stor fare for sn\u00f8skred.<\/p>\n<p>\n        Lyngen i Troms er en av stedene der det er utstedt r\u00f8dt farevarsel om sn\u00f8 f\u00f8rste juledag.<br \/>\n        Arkivfoto: Terje Pedersen \/ NTB\n    <\/p>\n<p class=\"kicker t30 tertiary color_mobile_tertiary\" style=\"\">Innenriks<\/p>\n<p>De store nedb\u00f8rsmengdene i Nord-Norge fortsetter og f\u00f8rer til \u00f8kt fare for sn\u00f8skred. Det er julaften utstedt r\u00f8dt farevarsel om sn\u00f8skred flere steder, noe som er den h\u00f8yeste og mest alvorlige graderingen. <\/p>\n<p>Flere store skred vil l\u00f8sne av seg selv p\u00e5 dagen p\u00e5 grunn av mildv\u00e6r, sv\u00e6rt mye nedb\u00f8r og mye vind, heter det i varselet for Nord-Troms, Lyngen og Indre Troms for f\u00f8rste juledag.<\/p>\n<p>I de \u00f8vrige delene av Troms, samt p\u00e5 Helgeland og i Vest-Finnmark er sn\u00f8skredvarselet p\u00e5 oransje niv\u00e5, alts\u00e5 nest mest alvorlig.<\/p>\n<p>Nedb\u00f8ren fortsetter<\/p>\n<p>Farevarselet om regn vil holde seg p\u00e5 gult niv\u00e5 for Nordland, Troms og Vest-Finnmark. Omr\u00e5det omfattet av oransje varsel, er uendret, heter det.<\/p>\n<p>Det kan komme mellom 40 og 90 millimeter nedb\u00f8r p\u00e5 24 timer i kombinasjon med kuling og periodevis liten storm fra vest. Nedb\u00f8ren vil komme som regn ogs\u00e5 i fjellet, heter det videre.<\/p>\n<p>I l\u00f8pet av den siste delen av julaften og f\u00f8rste juledag blir det sv\u00e6rt mye regn i deler av Ofoten og Salten, enkelte steder 70 millimeter p\u00e5 12 timer.<\/p>\n<p>Konsekvensene blir vanskelige kj\u00f8reforhold p\u00e5 grunn av overvann og fare for vannplaning. Veier kan bli stengt, og det kan v\u00e6re mye vann i veibanen, s\u00e6rlig ved bekke- og elvel\u00f8p. <\/p>\n<p>Mange reiser kan f\u00e5 lengre reisetid, og farevarselet inneb\u00e6rer ogs\u00e5 at veibanen kan bli dekket av v\u00e5t is.<\/p>\n<p>Sn\u00f8 i S\u00f8r-Norge ogs\u00e5<\/p>\n<p>Torsdag og fredag skal det sn\u00f8 mye i h\u00f8yden ogs\u00e5 i S\u00f8r-Norge. Jo h\u00f8yere og kaldere, jo mer ustabil kan sn\u00f8en v\u00e6re \u2013 og dermed blir det \u00f8kt fare for sn\u00f8skred ogs\u00e5 i deler av S\u00f8r-Norge.<\/p>\n<p>P\u00e5 de h\u00f8yeste toppene over mildv\u00e6rsgrensa vil det kunne l\u00f8sne store t\u00f8rre flakskred av seg selv. I mellomh\u00f8yder vil regn kunne svekke vedvarende svake lag i sn\u00f8dekket, og store, v\u00e5te flakskred kan forekomme. <\/p>\n<p>I lavlandet og der mildv\u00e6r og regn t\u00e6rer mest p\u00e5 sn\u00f8dekket, vil det l\u00f8sne v\u00e5te l\u00f8ssn\u00f8skred. Unng\u00e5 skredterreng, heter det i farevarselet.<\/p>\n","protected":false},"excerpt":{"rendered":"Meteorologisk institutt har julaften oppdatert sitt farevarsel om nedb\u00f8r for Nord-Norge. Det er stor fare for sn\u00f8skred. Lyngen&hellip;\n","protected":false},"author":2,"featured_media":121768,"comment_status":"","ping_status":"","sticky":false,"template":"","format":"standard","meta":{"footnotes":""},"categories":[5],"tags":[20,21,24,25,15,19,22,23,17,18,13,30,28,29,14,16,26,27],"class_list":{"0":"post-121767","1":"post","2":"type-post","3":"status-publish","4":"format-standard","5":"has-post-thumbnail","7":"category-overskrifter","8":"tag-breaking-news","9":"tag-breakingnews","10":"tag-featured-news","11":"tag-featurednews","12":"tag-headlines","13":"tag-hovedoppslag","14":"tag-latest-news","15":"tag-latestnews","16":"tag-main-news","17":"tag-mainnews","18":"tag-news","19":"tag-no","20":"tag-norge","21":"tag-norway","22":"tag-nyheter","23":"tag-overskrifter","24":"tag-top-stories","25":"tag-topstories"},"share_on_mastodon":{"url":"https:\/\/pubeurope.com\/@no\/115781672951931946","error":""},"_links":{"self":[{"href":"https:\/\/www.europesays.com\/no\/wp-json\/wp\/v2\/posts\/121767","targetHints":{"allow":["GET"]}}],"collection":[{"href":"https:\/\/www.europesays.com\/no\/wp-json\/wp\/v2\/posts"}],"about":[{"href":"https:\/\/www.europesays.com\/no\/wp-json\/wp\/v2\/types\/post"}],"author":[{"embeddable":true,"href":"https:\/\/www.europesays.com\/no\/wp-json\/wp\/v2\/users\/2"}],"replies":[{"embeddable":true,"href":"https:\/\/www.europesays.com\/no\/wp-json\/wp\/v2\/comments?post=121767"}],"version-history":[{"count":0,"href":"https:\/\/www.europesays.com\/no\/wp-json\/wp\/v2\/posts\/121767\/revisions"}],"wp:featuredmedia":[{"embeddable":true,"href":"https:\/\/www.europesays.com\/no\/wp-json\/wp\/v2\/media\/121768"}],"wp:attachment":[{"href":"https:\/\/www.europesays.com\/no\/wp-json\/wp\/v2\/media?parent=121767"}],"wp:term":[{"taxonomy":"category","embeddable":true,"href":"https:\/\/www.europesays.com\/no\/wp-json\/wp\/v2\/categories?post=121767"},{"taxonomy":"post_tag","embeddable":true,"href":"https:\/\/www.europesays.com\/no\/wp-json\/wp\/v2\/tags?post=121767"}],"curies":[{"name":"wp","href":"https:\/\/api.w.org\/{rel}","templated":true}]}}