{"id":121773,"date":"2025-12-25T18:46:28","date_gmt":"2025-12-25T18:46:28","guid":{"rendered":"https:\/\/www.europesays.com\/no\/121773\/"},"modified":"2025-12-25T18:46:28","modified_gmt":"2025-12-25T18:46:28","slug":"vi-har-blitt-sa-effektive-at-vi-sliter-oss-helt-ut-idet-jula-starter","status":"publish","type":"post","link":"https:\/\/www.europesays.com\/no\/121773\/","title":{"rendered":"Vi har blitt s\u00e5 effektive at vi sliter oss helt ut idet jula starter"},"content":{"rendered":"<p><strong>Buzzordet i 2025 <\/strong>er AI, og praten g\u00e5r i hvor f\u00e5 timer i uka vi egentlig skal jobbe fremover.<\/p>\n<p><strong>Dessverre hjalp n\u00e5tidens<\/strong> mest hippe verkt\u00f8y, ChatGPT, lite da dassen sviktet et par dager f\u00f8r jul.<\/p>\n<p><strong>Jeg hadde sett<\/strong> fram til rolige juledager i landlige omgivelser p\u00e5 Berg i Troms\u00f8. Disconnect to reconnect.<\/p>\n<p><strong>I jakten p\u00e5<\/strong> effektivisering har vi blitt s\u00e5 effektive at vi ofte sliter oss helt ut idet jula starter.<\/p>\n<p><strong>Tar du av <\/strong>fra Oteren og kj\u00f8rer 2\u20133 mil innover, kommer du til et sted som heter Furuflaten. Et sted med sterk industrihistorie \u2013 s\u00e6rlig kjent etter krigen, da elva i omr\u00e5det viste seg perfekt for mursteinsproduksjon.<\/p>\n<p><strong>I moderne tid <\/strong>er det merkevaren Cinderella som har tatt stafettpinnen videre.<\/p>\n<p>\u00abCinderella \u2013 made in Lyngen.\u00bb<\/p>\n<p><strong>Det st\u00e5r stolt <\/strong>p\u00e5 skiltet som m\u00f8ter deg n\u00e5r du ankommer en usedvanlig stor industribygning, p\u00e5 et sted der det knapt har v\u00e6rt et hus \u00e5 se de siste 40 minuttene.<\/p>\n<p><strong>I kjent stil <\/strong>svingte jeg inn p\u00e5 parkeringsplassen kl. 15.15. Jeg hadde v\u00e6rt i kontakt med folk \u00absentralt\u00bb, og visste at det i teorien skulle v\u00e6re hjelp \u00e5 f\u00e5 helt fram til 15.30 \u2013 til og med lille julaften.<\/p>\n<p><strong>Idet jeg g\u00e5r<\/strong> inn hovedinngangen, aner jeg fare.<\/p>\n<p>D\u00f8nn stille.<\/p>\n<p>Ringeklokka p\u00e5 d\u00f8ra merket service reagerer ikke.<\/p>\n<p><strong>Etter hundrevis av<\/strong> timer i stille omgivelser p\u00e5 buddhistiske klostre har jeg i det minste l\u00e6rt meg \u00e5 kjenne igjen stress i kroppen.<\/p>\n<p><strong>Jeg finner en <\/strong>ny d\u00f8r. Den leder inn i en stor produksjonshall. Igjen \u2013 imponerende.<\/p>\n<p><strong>Oppe p\u00e5 en<\/strong> mesanin ser jeg to menn som tydelig er i ferd med \u00e5 avslutte et m\u00f8te. Det blir i alle fall avsluttet idet jeg g\u00e5r uinvitert inn d\u00f8ra.<\/p>\n<p><strong>Jeg forklarer situasjonen. <\/strong>Den ene tar meg med til verkstedet og ber meg hente dassen.<\/p>\n<p><strong>N\u00e5r han tar <\/strong>fram verkt\u00f8yet og sp\u00f8r hva som er galt, sier han i forbifarten at det er tjue \u00e5r siden sist han skrudde p\u00e5 en do.<\/p>\n<p>Jeg blir nysgjerrig p\u00e5 hvem han er.<\/p>\n<p><strong>Frode, viser det seg,<\/strong> er leder for doen som er made in Lyngen. Last man standing.<\/p>\n<p><strong>Han forteller at <\/strong>han pleier \u00e5 legge m\u00f8ter sent p\u00e5 fredager \u2013 mest for \u00e5 terge folk som har tatt tidlig fri.<\/p>\n<p><strong>Mens han har <\/strong>hodet dypt inne i doen, ringer kona. Han forklarer rolig at han hjelper en som har tatt turen helt fra Troms\u00f8. Hun virker ikke overentusiastisk over at den siste ettermiddagen f\u00f8r jul brukes p\u00e5 \u00e5 skru dass for en jypling. Hun nevner middag. Og julekonsert.<\/p>\n<p><strong>Frode smiler og <\/strong>sier at menn kan v\u00e6re litt uoppmerksomme \u2013 men at vi har evnen til \u00e5 sortere. Og at det nok handler om mer enn bare dette: alt som skal p\u00e5 plass f\u00f8r jul.<\/p>\n<p><strong>Etter litt feils\u00f8king <\/strong>fungerer plutselig vidunderverket \u2013 best\u00e5ende av intet mindre enn syv patenter.<\/p>\n<p>Det blir do til jul.<\/p>\n<p><strong>P\u00e5 vei hjem<\/strong> i bilen f\u00e5r jeg tid til \u00e5 reflektere over hva jeg egentlig var vitne til.<\/p>\n<p><strong>Og hvor mye <\/strong>jeg setter pris p\u00e5 at slike m\u00f8ter fortsatt finnes \u2013 i en verden som blir stadig mer effektiv. S\u00e5 effektiv at vi nesten ikke har tid til \u00e5 hjelpe hverandre lenger.<\/p>\n","protected":false},"excerpt":{"rendered":"Buzzordet i 2025 er AI, og praten g\u00e5r i hvor f\u00e5 timer i uka vi egentlig skal jobbe&hellip;\n","protected":false},"author":2,"featured_media":121774,"comment_status":"","ping_status":"","sticky":false,"template":"","format":"standard","meta":{"footnotes":""},"categories":[10],"tags":[20,21,24,25,14449,15,5593,22,23,1007,13,30,28,29,14,16,9832,26,27],"class_list":{"0":"post-121773","1":"post","2":"type-post","3":"status-publish","4":"format-standard","5":"has-post-thumbnail","7":"category-norge","8":"tag-breaking-news","9":"tag-breakingnews","10":"tag-featured-news","11":"tag-featurednews","12":"tag-furuflaten","13":"tag-headlines","14":"tag-jul","15":"tag-latest-news","16":"tag-latestnews","17":"tag-menn","18":"tag-news","19":"tag-no","20":"tag-norge","21":"tag-norway","22":"tag-nyheter","23":"tag-overskrifter","24":"tag-tid","25":"tag-top-stories","26":"tag-topstories"},"share_on_mastodon":{"url":"https:\/\/pubeurope.com\/@no\/115781696451450053","error":""},"_links":{"self":[{"href":"https:\/\/www.europesays.com\/no\/wp-json\/wp\/v2\/posts\/121773","targetHints":{"allow":["GET"]}}],"collection":[{"href":"https:\/\/www.europesays.com\/no\/wp-json\/wp\/v2\/posts"}],"about":[{"href":"https:\/\/www.europesays.com\/no\/wp-json\/wp\/v2\/types\/post"}],"author":[{"embeddable":true,"href":"https:\/\/www.europesays.com\/no\/wp-json\/wp\/v2\/users\/2"}],"replies":[{"embeddable":true,"href":"https:\/\/www.europesays.com\/no\/wp-json\/wp\/v2\/comments?post=121773"}],"version-history":[{"count":0,"href":"https:\/\/www.europesays.com\/no\/wp-json\/wp\/v2\/posts\/121773\/revisions"}],"wp:featuredmedia":[{"embeddable":true,"href":"https:\/\/www.europesays.com\/no\/wp-json\/wp\/v2\/media\/121774"}],"wp:attachment":[{"href":"https:\/\/www.europesays.com\/no\/wp-json\/wp\/v2\/media?parent=121773"}],"wp:term":[{"taxonomy":"category","embeddable":true,"href":"https:\/\/www.europesays.com\/no\/wp-json\/wp\/v2\/categories?post=121773"},{"taxonomy":"post_tag","embeddable":true,"href":"https:\/\/www.europesays.com\/no\/wp-json\/wp\/v2\/tags?post=121773"}],"curies":[{"name":"wp","href":"https:\/\/api.w.org\/{rel}","templated":true}]}}