{"id":121779,"date":"2025-12-25T19:04:25","date_gmt":"2025-12-25T19:04:25","guid":{"rendered":"https:\/\/www.europesays.com\/no\/121779\/"},"modified":"2025-12-25T19:04:25","modified_gmt":"2025-12-25T19:04:25","slug":"det-sykeste-jeg-har-opplevd","status":"publish","type":"post","link":"https:\/\/www.europesays.com\/no\/121779\/","title":{"rendered":"&#8211; Det sykeste jeg har opplevd"},"content":{"rendered":"<p>            <img decoding=\"async\" src=\"https:\/\/www.europesays.com\/no\/wp-content\/uploads\/2025\/12\/1766689455_550_DB_VM_Banner_12fps.gif\" alt=\"\" loading=\"lazy\"\/><\/p>\n<p>LONDON (Dagbladet): Vi m\u00f8ter Tore Andr\u00e9 Flo (52) like ved London Bridge i den engelske hovedstaden. Han vet det ikke n\u00e5r vi h\u00e5ndhilser, men halvannen time seinere vandrer han p\u00e5 brua over Themsen i gummist\u00f8vlene vi har i baggen.<\/p>\n<p>Men f\u00f8r vi kommer dit, snakker vi om VM-historiene til mannen som spilte en av hovedrollene i VM-kampen som blir kalt \u00abMirakelet i Marseille\u00bb.<\/p>\n<p>Han er godt kjent i storbyen, hvor han tilbrakte flere \u00e5r som Chelsea-spiller og trener i klubbens akademi. Han tilbringer fortsatt mye tid her n\u00e5r han ikke har samlinger og andre ting som f\u00f8lger med jobben hans som trener for Norges G16-lag.<\/p>\n<p>Flo kommer rett fra et annet intervju, og etter litt sm\u00e5prat spoler den tidligere m\u00e5ltyven tilbake til 90-tallet da han fikk kallenavnet \u00abFlonaldo\u00bb.<\/p>\n<p> &#8211; Jeg var en person som ikke hadde lyst p\u00e5 s\u00e5 mye oppmerksomhet. Jeg ville jo bare v\u00e6re Tore Andr\u00e9 p\u00e5 den tida, forteller han.<\/p>\n<p>        <img loading=\"lazy\" decoding=\"async\" src=\"https:\/\/www.europesays.com\/no\/wp-content\/uploads\/2025\/12\/83993324.webp\" width=\"667\" height=\"381\" title=\"GAMLE TRAKTER: Tore Andr\u00e9 Flo m\u00f8ter Dagbladet i London. Foto: Bj\u00f8rn Langsem\/Dagbladet\" alt=\"\" class=\"\" style=\"--aspect-ratio-image: 1.75; \"\/><\/p>\n<p>\n        GAMLE TRAKTER: Tore Andr\u00e9 Flo m\u00f8ter Dagbladet i London. Foto: Bj\u00f8rn Langsem\/Dagbladet\n    <\/p>\n<p>&#8211; Det eksploderte\t<\/p>\n<p> <a href=\"https:\/\/www.dagbladet.no\/emne\/vm-heltene\" target=\"_blank\" rel=\"nofollow noopener\">I denne artikkelserien tar Dagbladet for seg historiene til Norges landslagshelter fra VM i 1994 og VM i 1998<\/a>. <\/p>\n<p>Det var i mai i 1997, litt over ett \u00e5r f\u00f8r VM i 1998, at han fikk kallenavnet etter \u00e5 ha scoret to m\u00e5l i 4-2-seieren mot Brasil i en privatlandskamp.<\/p>\n<p class=\"font-weight-normal m-font-weight-normal\" data-lab-font_weight=\"font-weight-normal\">&#8211; Jeg synes det var artig og en kul greie. Jeg var bare en sjenert fyr p\u00e5 den tida og burde sikkert brukt det mye mer enn det jeg gjorde. Hadde jeg f\u00e5tt en s\u00e5nn greie n\u00e5 til dags, hadde jeg brukt det, for det det var verdt.<\/p>\n<p>        <img loading=\"lazy\" decoding=\"async\" src=\"https:\/\/www.europesays.com\/no\/wp-content\/uploads\/2025\/12\/83993289.webp\" width=\"667\" height=\"521\" title=\"FLONALDO-IS: - Jeg fortalte det til ungene for noen \u00e5r siden. De har jo ikke peiling p\u00e5 hva som skjedde f\u00f8r i tida. Isen var kjempegod, men pistasj er nok ikke alles favoritt. Det var Drillo-isen som var mest popul\u00e6r, forteller Tore Andr\u00e9 Flo. Foto: Hennig Olsen\" alt=\"\" class=\"\" style=\"--aspect-ratio-image: 1.28; \"\/><\/p>\n<p>\n        FLONALDO-IS: &#8211; Jeg fortalte det til ungene for noen \u00e5r siden. De har jo ikke peiling p\u00e5 hva som skjedde f\u00f8r i tida. Isen var kjempegod, men pistasj er nok ikke alles favoritt. Det var Drillo-isen som var mest popul\u00e6r, forteller Tore Andr\u00e9 Flo. Foto: Hennig Olsen\n    <\/p>\n<p>Flo forteller at kampen ble en d\u00f8r\u00e5pner. P\u00e5 Ullevaal stadion var nemlig en rekke klubber p\u00e5 plass for \u00e5 se p\u00e5 ham, deriblant Chelsea, som han signerte for.<\/p>\n<p>&#8211; Det var etter den kampen det eksploderte for meg. Det var veldig spesielt med all oppmerksomheten. Jeg var en person som ikke hadde lyst p\u00e5 det. Jeg ville spille fotball og hadde ikke lyst p\u00e5 alt det andre.<\/p>\n<p>Han p\u00e5peker at dagens spillere blir skjermet p\u00e5 en helt annen m\u00e5te.<\/p>\n<p>&#8211; P\u00e5 mange m\u00e5ter har spillerne det lettere n\u00e5, siden de nesten ikke m\u00e5 ta stilling til noe selv. De har folk som gj\u00f8r alt for seg, og hvis de ikke vil gj\u00f8re noe, slipper de \u00e5 si nei selv.<\/p>\n<p>        <img loading=\"lazy\" decoding=\"async\" src=\"https:\/\/www.europesays.com\/no\/wp-content\/uploads\/2025\/12\/83988369.webp\" width=\"686\" height=\"392\" title=\"1997: Tore Andr\u00e9 Flo i duell mot Roberto Carlos i en privatlandskamp. F\u00f8rstnevnte scoret to m\u00e5l. Foto: Ole C. H Thomassen \/ Dagbladet\" alt=\"\" class=\"\" style=\"--aspect-ratio-image: 1.75; \"\/><\/p>\n<p>\n        1997: Tore Andr\u00e9 Flo i duell mot Roberto Carlos i en privatlandskamp. F\u00f8rstnevnte scoret to m\u00e5l. Foto: Ole C. H Thomassen \/ Dagbladet\n    <\/p>\n<p>Han fortsetter:<\/p>\n<p>&#8211; Da jeg spilte f\u00f8r, var alle journalistene inne i garderoben og sto oppe i deg mens du dusjet, omtrent. Jeg f\u00f8lte at jeg aldri fikk fred og m\u00e5tte beskytte meg selv. Det tok en del energi \u00e5 alltid m\u00e5tte v\u00e6re tilgjengelig, forteller han.<\/p>\n<p class=\"italic m-italic\" data-lab-italic=\"italic\">Nedenfor kan du se noe av det Flo m\u00e5tte stille opp p\u00e5 utenfor fotballbanen:<\/p>\n<p>&#8211; Hauset opp til en stor sak \t<\/p>\n<p>VM i 1998 startet i La Baule i den vestlige delen av Frankrike for det norske landslaget. Flo forteller at han var veldig forn\u00f8yd med innlosjeringen.<\/p>\n<p>&#8211; Vi hadde v\u00e5rt eget Flo-hus, og det synes jeg var kjempeartig. Det \u00e5 g\u00e5 inn i VM og bo med bror og fetter ga en trygg og avslappende atmosf\u00e6re. Vi hadde det veldig kjekt og kunne v\u00e6re oss selv.<\/p>\n<p>        <img loading=\"lazy\" decoding=\"async\" src=\"https:\/\/www.europesays.com\/no\/wp-content\/uploads\/2025\/12\/83988078.webp\" width=\"980\" height=\"559\" title=\"FLO-BR\u00d8DRENE: Tore Andr\u00e9 og Jostein Flo. - Jeg synes det var veldig spesielt kjekt med VM \u00e5 bo med broren min. Foto: Ole C. H Thomassen \/ Dagbladet\" alt=\"\" class=\"\" style=\"--aspect-ratio-image: 1.75; \"\/><\/p>\n<p>\n        FLO-BR\u00d8DRENE: Tore Andr\u00e9 og Jostein Flo. &#8211; Jeg synes det var veldig spesielt kjekt med VM \u00e5 bo med broren min. Foto: Ole C. H Thomassen \/ Dagbladet\n    <\/p>\n<p>Han forteller at de koste seg p\u00e5 kveldene i huset, men gikk ikke p\u00e5 pub slik noen av de andre ble fersket for. Han sikter til Henning Berg og Erik \u00abMyggen\u00bb Myklands tur p\u00e5 pub som skapte oppstandelse under mesterskapet.<\/p>\n<p>Flo husker at det \u00abble litt styr etter det\u00bb, men at det likevel ble noen enheter i Flo-huset.<\/p>\n<p class=\"font-weight-bold m-font-weight-bold\" data-lab-font_weight=\"font-weight-bold\">&#8211; Vi kunne ta oss noen glass med vin, men vi var ikke s\u00e5 mye ute blant folk. Det gjorde vi i Flo-huset, og det ble ikke noen overskrifter av det. Det var et voldsomt styr med de andre, og det ble hauset opp til en kjempestor sak. Det var ikke et problem for oss innad i gruppa, slik jeg opplevde det, at de gjorde det. Alle tok seg et glass i ny og ne, forklarer han.<\/p>\n<p>        <img loading=\"lazy\" decoding=\"async\" src=\"https:\/\/www.europesays.com\/no\/wp-content\/uploads\/2025\/12\/83988596.webp\" width=\"667\" height=\"381\" title=\"KORT SENG: - Jeg kan ikke huske at jeg sov d\u00e5rlig, men det var ikke bare i Frankrike at sengene var litt for korte for oss, sier Tore Andr\u00e9 Flo da han f\u00e5r se artikkelen fra 1998. Foto: Faksimile, Dagbladet\" alt=\"\" class=\"\" style=\"--aspect-ratio-image: 1.75; \"\/><\/p>\n<p>\n        KORT SENG: &#8211; Jeg kan ikke huske at jeg sov d\u00e5rlig, men det var ikke bare i Frankrike at sengene var litt for korte for oss, sier Tore Andr\u00e9 Flo da han f\u00e5r se artikkelen fra 1998. Foto: Faksimile, Dagbladet\n    <\/p>\n<p>P\u00e5 sp\u00f8rsm\u00e5l om hva de gjorde f\u00f8r og mellom kampene, svarer Flo:<\/p>\n<p>&#8211; Det ble litt tennis, bordtennis, bading og s\u00e5 videre. Vi bare koste oss og hadde det fint under mesterskapet.<\/p>\n<p>&#8211; Jeg har g\u00e5tt gjennom arkivene, og der st\u00e5r det at du tapte mot Drillo i bordtennis?<\/p>\n<p> Flo ser litt overrasket ut over sp\u00f8rsm\u00e5let og drar fingrene gjennom h\u00e5ret f\u00f8r han smiler og leser utklippet av artikkelen vi har tatt med oss. <\/p>\n<p class=\"font-weight-bold m-font-weight-bold\" data-lab-font_weight=\"font-weight-bold\">&#8211; Det skuffet meg. Jeg f\u00f8lte jeg var kjempegod i racketsporter, men Drillo var j\u00e6kla god i bordtennis. I tennis krevde det litt mer springing, og der tok jeg ham, svarer han.<\/p>\n<p>Han legger til:<\/p>\n<p>&#8211; Skulle jeg drevet med en annen sport enn fotball, hadde det blitt en racketsport. Jeg er jo fra Stryn, og da m\u00e5tte du sykle en mil for \u00e5 finne en tennisbane, s\u00e5 vi m\u00e5tte spille tennis p\u00e5 veggen hjemme.<\/p>\n<p>        <img loading=\"lazy\" decoding=\"async\" src=\"https:\/\/www.europesays.com\/no\/wp-content\/uploads\/2025\/12\/83993361.webp\" width=\"667\" height=\"381\" title=\"ENGASJERT: Tore Andr\u00e9 Flo har drevet med racketsporter siden han var liten. Han forteller at han ble glad da Sogndal endelig fikk en padelhall i fjor. Foto: Bj\u00f8rn Langsem \/ Dagbladet\" alt=\"\" class=\"\" style=\"--aspect-ratio-image: 1.75; \"\/><\/p>\n<p>\n        ENGASJERT: Tore Andr\u00e9 Flo har drevet med racketsporter siden han var liten. Han forteller at han ble glad da Sogndal endelig fikk en padelhall i fjor. Foto: Bj\u00f8rn Langsem \/ Dagbladet\n    <\/p>\n<p>&#8211; Ganske misforn\u00f8yd\t<\/p>\n<p> Han stortrivdes utenfor banen, men Flo og resten av det norske landslaget var langt fra i rute etter de to f\u00f8rste gruppespillskampene. <\/p>\n<p>&#8211; Personlig var jeg ganske misforn\u00f8yd. Jeg var under pari mot Marokko og Skottland. Jeg tror Marokko overrasket oss og var bedre enn det vi hadde trodd. De spilte veldig godt, gikk nesten videre p\u00e5 v\u00e5r regning og var gode i mesterskapet, sier han om kampen som endte 2-2 mot Marokko.<\/p>\n<p>I neste kamp klarte Drillos mannskap bare 1-1 mot Skottland.<\/p>\n<p>&#8211; Jeg hadde Colin Hendry, som spilte for Blackburn, p\u00e5 meg hele kampen. Han var en steint\u00f8ff spiller og fotfulgte meg. Jeg fikk ikke s\u00e5 mye til i den kampen heller, oppsummerer Flo.<\/p>\n<p>        <img loading=\"lazy\" decoding=\"async\" src=\"https:\/\/www.europesays.com\/no\/wp-content\/uploads\/2025\/12\/83987813.webp\" width=\"667\" height=\"514\" title=\"HYLLER DRILLO: - Drillo var fantastisk. Han hadde en avslappende v\u00e6rem\u00e5te som gjorde at vi senket skuldrene og fikk troa p\u00e5 at vi kunne sl\u00e5 hvem som helst, og at vi virkelig var gode. Han tryllet der, sier Tore Andr\u00e9 Flo. Foto: Arnt E. Folvik\/Dagbladet\" alt=\"\" class=\"\" style=\"--aspect-ratio-image: 1.30; \"\/><\/p>\n<p>\n        HYLLER DRILLO: &#8211; Drillo var fantastisk. Han hadde en avslappende v\u00e6rem\u00e5te som gjorde at vi senket skuldrene og fikk troa p\u00e5 at vi kunne sl\u00e5 hvem som helst, og at vi virkelig var gode. Han tryllet der, sier Tore Andr\u00e9 Flo. Foto: Arnt E. Folvik\/Dagbladet\n    <\/p>\n<p>Dermed m\u00e5tte de klare det helt store og sl\u00e5 Brasil for \u00e5 g\u00e5 til \u00e5ttendelsfinalen.<\/p>\n<p>&#8211; Jeg tror vi hadde sett for oss \u00e5 ha minst fire poeng, helst seks, f\u00f8r vi skulle m\u00f8te Brasil. Brasil var jo det beste laget i hele verden. Vi m\u00e5tte vinne, og vi visste det var en vanskelig oppgave. Samtidig hadde vi sl\u00e5tt dem \u00e5ret f\u00f8r og visste at det var mulig.<\/p>\n<p>    Fakta:<\/p>\n<p> F\u00f8dt: 15. juni 1973<\/p>\n<p>Landskamper\/m\u00e5l: 76\/23<\/p>\n<p>Klubber: Stryn (1989-1992), Sogndal (1993-94), Troms\u00f8 (1995), Brann (1996-97), Chelsea (1997-2000), Rangers (2000-02), Sunderland (2002-03), Siena (2003-05), V\u00e5lerenga (2005-06), Leeds (2006-2008), Milton Keynes Dons (2008-2009), Sogndal (2011-2012). <\/p>\n<p>      Vis mer<br \/>\n      Vis mindre<\/p>\n<p>\u00abMirakelet i Marseille\u00bb\t<\/p>\n<p>Avansement s\u00e5 helt umulig ut da Bebeto sendte Brasil opp i ledelsen etter 77 minutter. Men i l\u00f8pet av fem minutter hadde Flo scoret og skaffet straffesparket som Kjetil Rekdal omsatte.<\/p>\n<p>De hadde st\u00e5tt for det st\u00f8rste \u00f8yeblikket i norsk fotballhistorie. Flo beskriver bragden slik:<\/p>\n<p>&#8211; Det var en enorm utl\u00f8sning av f\u00f8lelser. Man bygger seg opp til et VM i mange m\u00e5neder, og du har nerver og alle mulige f\u00f8lelser. Der kunne alt komme ut.<\/p>\n<p>&#8211; Da er liksom hele karrieren verdt det n\u00e5r du f\u00e5r oppleve et s\u00e5nt \u00f8yeblikk. Jeg vet ikke hvor mange tusen nordmenn det var i Marseille den kvelden, men \u00e5 se hvor gale og jublende alle var der og da, var fantastisk \u00e5 oppleve. Etter kampen sto alle verdens TV-kanaler klare til intervju. Det var helt vilt og det sykeste jeg har opplevd.<\/p>\n<p>        <img loading=\"lazy\" decoding=\"async\" src=\"https:\/\/www.europesays.com\/no\/wp-content\/uploads\/2025\/12\/83987852.webp\" width=\"980\" height=\"559\" title=\"VM-HELTER: Kjetil Rekdal og Tore Andr\u00e9 Flo. Foto: Arnt E. Folvik\/Dagbladet\" alt=\"\" class=\"\" style=\"--aspect-ratio-image: 1.75; \"\/><\/p>\n<p>\n        VM-HELTER: Kjetil Rekdal og Tore Andr\u00e9 Flo. Foto: Arnt E. Folvik\/Dagbladet\n    <\/p>\n<p>Flo forteller videre at han ble beskyldt for \u00e5 ha filmet seg til straffesparket som f\u00f8rte til 2-1-seieren.<\/p>\n<p>&#8211; Jeg husker jeg var litt skuffet p\u00e5 kvelden over at folk stilte sp\u00f8rsm\u00e5l ved straffa. Fotballpresidenten tok bildet opp p\u00e5 skjermen p\u00e5 en pressekonferanse dagen etter og viste kameravinkelen hvor det var soleklart. Hvis noen har v\u00e6rt i tvil noen gang, b\u00f8r de se den fra den vinkelen.<\/p>\n<p>        <img loading=\"lazy\" decoding=\"async\" src=\"https:\/\/www.europesays.com\/no\/wp-content\/uploads\/2025\/12\/83993484.webp\" width=\"980\" height=\"559\" title=\"BILDEBEVIS: Tore Andr\u00e9 Flo ble dratt i tr\u00f8ya og skaffet straffespark mot Brasil. Foto: NTB\" alt=\"\" class=\"\" style=\"--aspect-ratio-image: 1.75; \"\/><\/p>\n<p>\n        BILDEBEVIS: Tore Andr\u00e9 Flo ble dratt i tr\u00f8ya og skaffet straffespark mot Brasil. Foto: NTB\n    <\/p>\n<p>Han blir stadig minnet om \u00abMirakelet i Marseille\u00bb.<\/p>\n<p>&#8211; Det kommer opp hver uke, selv om det snart er 27 \u00e5r siden. Her om dagen sendte noen meg et bilde av hvor klar straffen s\u00e5 ut med riktig vinkel. Jeg var nesten ikke klar over at den var s\u00e5 klar f\u00f8r noen sendte meg bildet p\u00e5 Facebook.<\/p>\n<p>        <img loading=\"lazy\" decoding=\"async\" src=\"https:\/\/www.europesays.com\/no\/wp-content\/uploads\/2025\/12\/83987923.webp\" width=\"667\" height=\"381\" title=\"OMRINGET: Pressen ville ha en bit av Tore Andr\u00e9 Flo etter Brasil-kampen. Foto: Arnt E. Folvik\/Dagbladet\" alt=\"\" class=\"\" style=\"--aspect-ratio-image: 1.75; \"\/><\/p>\n<p>\n        OMRINGET: Pressen ville ha en bit av Tore Andr\u00e9 Flo etter Brasil-kampen. Foto: Arnt E. Folvik\/Dagbladet\n    <\/p>\n<p>&#8211; Glemmer det aldri\t<\/p>\n<p>VM-eventyret endte i \u00e5ttendelsfinalen mot Italia. Christian Vieri scoret kampens eneste m\u00e5l, men det er en helt annen situasjon som har brent seg fast i Flos minne.<\/p>\n<p>&#8211; Jeg glemmer aldri at jeg hadde en heading p\u00e5 slutten av kampen som jeg var s\u00e5 sikker p\u00e5 skulle bli m\u00e5l, men Gianluca Pagliuca reddet den. \u00abHvordan i alle dager klarte han \u00e5 redde den?\u00bb tenkte jeg.<\/p>\n<p>&#8211; Har du tenkt mye over den situasjonen?<\/p>\n<p class=\"font-weight-bold m-font-weight-bold\" data-lab-font_weight=\"font-weight-bold\">&#8211; Ja, jeg trodde det skulle bli scoring og at det kunne tatt oss mye lenger, men samtidig m\u00e5 man v\u00e6re glad for det man fikk til. Vi f\u00f8lte vi kom hjem som helter, men ogs\u00e5 at vi kunne sl\u00e5tt Italia, svarer \u00abFlonaldo\u00bb.<\/p>\n<p>F\u00f8r VM uttalte den italienske fotballegenden Gianluca Vialli at Norge var en av outsiderne til \u00e5 g\u00e5 hele veien. Han var b\u00e5de Flos lagkamerat og manager i Chelsea p\u00e5 slutten av 90-tallet.<\/p>\n<p>&#8211; Vialli var en fantastisk person. Han var en god kar. Vi gikk jo ikke hele veien som han meldte, men jeg f\u00f8lte vi gjorde et bra mesterskap, sier Flo om Viallis sp\u00e5dom.\u00a0<\/p>\n<p><a href=\"https:\/\/www.dagbladet.no\/sport\/fotballverden-sorger\/78224572\" rel=\"nofollow noopener\" target=\"_blank\">Italieneren d\u00f8de<\/a> 58 \u00e5r gammel etter lengre tids sykdom i 2023.<\/p>\n<p>        <img loading=\"lazy\" decoding=\"async\" src=\"https:\/\/www.europesays.com\/no\/wp-content\/uploads\/2025\/12\/83993946.webp\" width=\"667\" height=\"394\" title=\"TRIO: Tore Andr\u00e9 Flo omkranset av de italienske Chelsea legendene Gianfranco Zola og Gianluca Vialli p\u00e5 Stamford Bridge i 2018. Foto: Shutterstock\/NTB\" alt=\"\" class=\"\" style=\"--aspect-ratio-image: 1.69; \"\/><\/p>\n<p>\n        TRIO: Tore Andr\u00e9 Flo omkranset av de italienske Chelsea legendene Gianfranco Zola og Gianluca Vialli p\u00e5 Stamford Bridge i 2018. Foto: Shutterstock\/NTB\n    <\/p>\n<p>        <img loading=\"lazy\" decoding=\"async\" src=\"https:\/\/www.europesays.com\/no\/wp-content\/uploads\/2025\/12\/83993650.webp\" width=\"667\" height=\"481\" title=\"SP\u00c5DOM: Legenden Gianluca Vialli mente at Norge, Spania, Jugoslavia og Argentina var outsiderne til \u00e5 ta VM-gull. Foto: Faksimile, Dagbladet\" alt=\"\" class=\"\" style=\"--aspect-ratio-image: 1.39; \"\/><\/p>\n<p>\n        SP\u00c5DOM: Legenden Gianluca Vialli mente at Norge, Spania, Jugoslavia og Argentina var outsiderne til \u00e5 ta VM-gull. Foto: Faksimile, Dagbladet\n    <\/p>\n<p>&#8211; Nesten ikke grenser\t<\/p>\n<p>Den tidligere Chelsea-spilleren ser ikke bort fra at dagens landslag kan n\u00e5 langt i VM neste sommer.<\/p>\n<p>&#8211; Det virker som de er en god gjeng og har godt samhold. Det er mye press, s\u00e5 det er viktig \u00e5 ha det bra sammen og senke skuldrene innimellom for \u00e5 prestere. Jeg ser p\u00e5 laget og m\u00e5ten de kan spille p\u00e5, og da er det nesten ikke grenser for hvor langt de kan g\u00e5, mener han.<\/p>\n<p>        <img loading=\"lazy\" decoding=\"async\" src=\"https:\/\/www.europesays.com\/no\/wp-content\/uploads\/2025\/12\/83994511.webp\" width=\"667\" height=\"434\" title=\"M\u00c5L: Tore Andr\u00e9 Flo scoret mot Brasil. Brasilianske Junior Baiano klarte ikke \u00e5 stanse den norske m\u00e5lsniken. Foto: ALLSPORT\" alt=\"\" class=\"\" style=\"--aspect-ratio-image: 1.54; \"\/><\/p>\n<p>\n        M\u00c5L: Tore Andr\u00e9 Flo scoret mot Brasil. Brasilianske Junior Baiano klarte ikke \u00e5 stanse den norske m\u00e5lsniken. Foto: ALLSPORT\n    <\/p>\n<p>Flo tror at nordmenn er litt redde for \u00e5 melde og tro p\u00e5 hvor bra det norske landslaget kan gj\u00f8re det.<\/p>\n<p class=\"font-weight-bold m-font-weight-bold\" data-lab-font_weight=\"font-weight-bold\">&#8211; N\u00e5 begynner folk ute i Europa og verden \u00e5 se at vi har blant verdens beste spillere. Jeg tror flere og flere kommer til \u00e5 snakke om at Norge kan komme knallangt. Mannskapet er utrolig godt, og en generasjon som er fantastisk god. Det er det ingen tvil om.<\/p>\n<p>&#8211; Vi var store spillere i store ligaer, men n\u00e5 har vi Arsenals kaptein som leder Premier League, Haaland som er toppscorer og andre som gj\u00f8r det utrolig bra. Det er en miks der, og hvis du sammenlikner med andre nasjoner, kan jeg ikke se at Norge skal v\u00e6re s\u00e5 mye d\u00e5rligere enn de beste nasjonene.<\/p>\n<p>    Norges VM-kamper:<\/p>\n<p>Her er oppsettet for gruppen (klokkeslettene er i amerikansk tid, og det er seks timer forskjell til Norge):<\/p>\n<p>* Tirsdag 16. juni: Frankrike &#8211; Senegal 15.00 (New\u00a0York), Irak\/Bolivia\/Surinam &#8211; Norge 18.00 (Boston).<\/p>\n<p>* Mandag 22. juni: Frankrike &#8211; Irak\/Bolivia\/Surinam 17.00 (Philadelphia), Norge &#8211; Senegal 20.00 (New\u00a0York).<\/p>\n<p>* Fredag 26. juni: Norge &#8211; Frankrike 15.00 (Boston), Senegal &#8211; Irak\/Bolivia\/Surinam 15.00 (Toronto).<\/p>\n<p>(NTB)<\/p>\n<p>      Vis mer<br \/>\n      Vis mindre<\/p>\n","protected":false},"excerpt":{"rendered":"LONDON (Dagbladet): Vi m\u00f8ter Tore Andr\u00e9 Flo (52) like ved London Bridge i den engelske hovedstaden. Han vet&hellip;\n","protected":false},"author":2,"featured_media":121780,"comment_status":"","ping_status":"","sticky":false,"template":"","format":"standard","meta":{"footnotes":""},"categories":[59],"tags":[11770,92,4145,30,28,29,83,82,14450,11859],"class_list":{"0":"post-121779","1":"post","2":"type-post","3":"status-publish","4":"format-standard","5":"has-post-thumbnail","7":"category-sport","8":"tag-den-norske-vm-drommen","9":"tag-fotball","10":"tag-herrelandslaget","11":"tag-no","12":"tag-norge","13":"tag-norway","14":"tag-sport","15":"tag-sports","16":"tag-vm-heltene","17":"tag-vm2026"},"share_on_mastodon":{"url":"https:\/\/pubeurope.com\/@no\/115781768176471556","error":""},"_links":{"self":[{"href":"https:\/\/www.europesays.com\/no\/wp-json\/wp\/v2\/posts\/121779","targetHints":{"allow":["GET"]}}],"collection":[{"href":"https:\/\/www.europesays.com\/no\/wp-json\/wp\/v2\/posts"}],"about":[{"href":"https:\/\/www.europesays.com\/no\/wp-json\/wp\/v2\/types\/post"}],"author":[{"embeddable":true,"href":"https:\/\/www.europesays.com\/no\/wp-json\/wp\/v2\/users\/2"}],"replies":[{"embeddable":true,"href":"https:\/\/www.europesays.com\/no\/wp-json\/wp\/v2\/comments?post=121779"}],"version-history":[{"count":0,"href":"https:\/\/www.europesays.com\/no\/wp-json\/wp\/v2\/posts\/121779\/revisions"}],"wp:featuredmedia":[{"embeddable":true,"href":"https:\/\/www.europesays.com\/no\/wp-json\/wp\/v2\/media\/121780"}],"wp:attachment":[{"href":"https:\/\/www.europesays.com\/no\/wp-json\/wp\/v2\/media?parent=121779"}],"wp:term":[{"taxonomy":"category","embeddable":true,"href":"https:\/\/www.europesays.com\/no\/wp-json\/wp\/v2\/categories?post=121779"},{"taxonomy":"post_tag","embeddable":true,"href":"https:\/\/www.europesays.com\/no\/wp-json\/wp\/v2\/tags?post=121779"}],"curies":[{"name":"wp","href":"https:\/\/api.w.org\/{rel}","templated":true}]}}