{"id":121789,"date":"2025-12-25T19:31:31","date_gmt":"2025-12-25T19:31:31","guid":{"rendered":"https:\/\/www.europesays.com\/no\/121789\/"},"modified":"2025-12-25T19:31:31","modified_gmt":"2025-12-25T19:31:31","slug":"trafikkmeldinger-farevarsel-varsler-kraftige-vindkast-i-helgen-venter-storm-pa-kysten","status":"publish","type":"post","link":"https:\/\/www.europesays.com\/no\/121789\/","title":{"rendered":"Trafikkmeldinger, Farevarsel | Varsler kraftige vindkast i helgen \u2013 venter storm p\u00e5 kysten"},"content":{"rendered":"\n<p>Meteorologisk institutt har sendt ut gult farevarsel for kraftige vindkast. Varselet gjelder for l\u00f8rdag 27. desember, fra klokken 04:00 til 16:00.<\/p>\n<p>Det ventes lokalt vindkast p\u00e5 30\u201335 m\/s fra nordvest og nordlig retning, og p\u00e5 kysten ventes perioder med liten til full storm, skriver de p\u00e5 varsom.no.<\/p>\n<p>Vinden kan ogs\u00e5 p\u00e5virke b\u00e5de trafikken og str\u00f8mnettet:<\/p>\n<ul>\n<li>Enkelte reiser vil kunne f\u00e5 lengre reisetid. Bruer og utsatte veistrekninger kan bli stengt<\/li>\n<li>Det er fare for innstillinger av flyavganger, b\u00e5ter og annen transport<\/li>\n<li>Str\u00f8mforsyningen kan bli p\u00e5virket, for eksempel som f\u00f8lge av tr\u00e6r som knekker eller kommer i kontakt med str\u00f8mnettet<\/li>\n<li>Den sterke vinden kan ogs\u00e5 gi h\u00f8ye b\u00f8lger i fjordstr\u00f8k og innsj\u00f8er<\/li>\n<li>Kraftig vind og nedb\u00f8r <a href=\"https:\/\/www.ranablad.no\/betydelig-snoskredfare-pa-helgeland\/s\/5-42-1537518\" rel=\"Follow nofollow noopener\" target=\"_blank\">gir ogs\u00e5 \u00f8kt fare for sn\u00f8skred<\/a><\/li>\n<\/ul>\n<p>De r\u00e5der til \u00e5 sikre l\u00f8se gjenstander og \u00e5 unng\u00e5 un\u00f8dig ferdsel p\u00e5 utsatte steder. Faren avtar l\u00f8rdag ettermiddag.<\/p>\n<p>Det er ogs\u00e5 varslet mye nedb\u00f8r p\u00e5 Helgeland 3. juledag:<\/p>\n","protected":false},"excerpt":{"rendered":"Meteorologisk institutt har sendt ut gult farevarsel for kraftige vindkast. Varselet gjelder for l\u00f8rdag 27. desember, fra klokken&hellip;\n","protected":false},"author":2,"featured_media":121790,"comment_status":"","ping_status":"","sticky":false,"template":"","format":"standard","meta":{"footnotes":""},"categories":[5],"tags":[36,20,21,102,24,25,15,19,22,23,17,18,13,30,28,29,14,16,1510,26,27,665,14451],"class_list":{"0":"post-121789","1":"post","2":"type-post","3":"status-publish","4":"format-standard","5":"has-post-thumbnail","7":"category-overskrifter","8":"tag-art","9":"tag-breaking-news","10":"tag-breakingnews","11":"tag-farevarsel","12":"tag-featured-news","13":"tag-featurednews","14":"tag-headlines","15":"tag-hovedoppslag","16":"tag-latest-news","17":"tag-latestnews","18":"tag-main-news","19":"tag-mainnews","20":"tag-news","21":"tag-no","22":"tag-norge","23":"tag-norway","24":"tag-nyheter","25":"tag-overskrifter","26":"tag-story","27":"tag-top-stories","28":"tag-topstories","29":"tag-trafikkmeldinger","30":"tag-vindkast"},"share_on_mastodon":{"url":"https:\/\/pubeurope.com\/@no\/115781873367407448","error":""},"_links":{"self":[{"href":"https:\/\/www.europesays.com\/no\/wp-json\/wp\/v2\/posts\/121789","targetHints":{"allow":["GET"]}}],"collection":[{"href":"https:\/\/www.europesays.com\/no\/wp-json\/wp\/v2\/posts"}],"about":[{"href":"https:\/\/www.europesays.com\/no\/wp-json\/wp\/v2\/types\/post"}],"author":[{"embeddable":true,"href":"https:\/\/www.europesays.com\/no\/wp-json\/wp\/v2\/users\/2"}],"replies":[{"embeddable":true,"href":"https:\/\/www.europesays.com\/no\/wp-json\/wp\/v2\/comments?post=121789"}],"version-history":[{"count":0,"href":"https:\/\/www.europesays.com\/no\/wp-json\/wp\/v2\/posts\/121789\/revisions"}],"wp:featuredmedia":[{"embeddable":true,"href":"https:\/\/www.europesays.com\/no\/wp-json\/wp\/v2\/media\/121790"}],"wp:attachment":[{"href":"https:\/\/www.europesays.com\/no\/wp-json\/wp\/v2\/media?parent=121789"}],"wp:term":[{"taxonomy":"category","embeddable":true,"href":"https:\/\/www.europesays.com\/no\/wp-json\/wp\/v2\/categories?post=121789"},{"taxonomy":"post_tag","embeddable":true,"href":"https:\/\/www.europesays.com\/no\/wp-json\/wp\/v2\/tags?post=121789"}],"curies":[{"name":"wp","href":"https:\/\/api.w.org\/{rel}","templated":true}]}}