{"id":121791,"date":"2025-12-25T19:36:09","date_gmt":"2025-12-25T19:36:09","guid":{"rendered":"https:\/\/www.europesays.com\/no\/121791\/"},"modified":"2025-12-25T19:36:09","modified_gmt":"2025-12-25T19:36:09","slug":"naeringsliv-overhalla-lindbak-overtar-overhalla-it-fra-nyttar","status":"publish","type":"post","link":"https:\/\/www.europesays.com\/no\/121791\/","title":{"rendered":"N\u00e6ringsliv, Overhalla | Lindbak overtar Overhalla IT fra nytt\u00e5r"},"content":{"rendered":"\n<p><b>NAMSOS\/OVERHALLA:<\/b> \u2013 Det var kvalitet \u00e5 finne en partner som deler samme verdi og filosofi som oss \u2013 \u00e5 v\u00e6re tett p\u00e5 kundene og levere, sier daglig leder i Overhalla IT, Rune Martin Heglum Amdal.<\/p>\n<p>Ove Kj\u00e6rstad har v\u00e6rt avdelingsleder hos Lindbak i Namsos siden 1998. N\u00e5 \u00f8nsker han flere nye venner velkommen.<\/p>\n<p>\u2013 Vi har i mange \u00e5r jobbet siden og ogs\u00e5 hatt felles dialog og samspill om noen kunder allerede. Vi opplever at vi ogs\u00e5 deler samme verdier med \u00e5 v\u00e6re engasjerte, transparente, kundeorienterte og nyskapende, sier Kj\u00e6rstad.<\/p>\n<p>            Fakta<\/p>\n<ul>\n<li><b>Lindbak<\/b> er en nasjonal, familieeid akt\u00f8r innen kontorm\u00f8bler, utskriftstjenester, lyd og bilde, IT-l\u00f8sninger og kaffe og vann. <\/li>\n<li>Konsernet har ca. 310 medarbeidere med ei omsetning 1,1 milliarder kroner i 2024 .<\/li>\n<li>Hovedkontoret er i Trondheim, og selskapet har 29 kontorer rundt om i landet \u2013 deriblant i Namsos.<\/li>\n<li>\n<p><b>Overhalla IT <\/b>er lokalisert p\u00e5 Skogmo industripark og leverer IT-l\u00f8sninger til bedrifter i hele Tr\u00f8ndelag.<\/p>\n<\/li>\n<li>\n<p>Selskapet ble etablert i 2009 og tilbyr et bredt spekter av IT-tjenester (datasikkerhet, datalagring, programvare- og nettverksl\u00f8sninger, r\u00e5dgivning, hosting\/domene og infrastruktur).<\/p>\n<\/li>\n<\/ul>\n<p>Bedriftene skal etter hvert samlokaliseres i Namsos.<\/p>\n<p>\u2013 Vi skal bevare kontor p\u00e5 Skogmo i tillegg til at vi bemanner Namsos-avdelinga. Det blir noen flere personer til \u00e5 f\u00f8lge opp kundene lokalt, og jeg gleder meg til \u00e5 skape gode kundeopplevelser og god butikk sammen, sier Amdal.<\/p>\n<p>Overhalla IT omsatte i 2024 for 9,3 millioner og fikk et driftsresultat p\u00e5 300.000 kroner.<\/p>\n","protected":false},"excerpt":{"rendered":"NAMSOS\/OVERHALLA: \u2013 Det var kvalitet \u00e5 finne en partner som deler samme verdi og filosofi som oss \u2013&hellip;\n","protected":false},"author":2,"featured_media":121792,"comment_status":"","ping_status":"","sticky":false,"template":"","format":"standard","meta":{"footnotes":""},"categories":[56],"tags":[36,60,61,14452,783,62,30,28,29,7401,1510],"class_list":{"0":"post-121791","1":"post","2":"type-post","3":"status-publish","4":"format-standard","5":"has-post-thumbnail","7":"category-naeringsliv","8":"tag-art","9":"tag-business","10":"tag-economy","11":"tag-lindbak","12":"tag-namsos","13":"tag-naeringsliv","14":"tag-no","15":"tag-norge","16":"tag-norway","17":"tag-overhalla","18":"tag-story"},"share_on_mastodon":{"url":"https:\/\/pubeurope.com\/@no\/115781893192850293","error":""},"_links":{"self":[{"href":"https:\/\/www.europesays.com\/no\/wp-json\/wp\/v2\/posts\/121791","targetHints":{"allow":["GET"]}}],"collection":[{"href":"https:\/\/www.europesays.com\/no\/wp-json\/wp\/v2\/posts"}],"about":[{"href":"https:\/\/www.europesays.com\/no\/wp-json\/wp\/v2\/types\/post"}],"author":[{"embeddable":true,"href":"https:\/\/www.europesays.com\/no\/wp-json\/wp\/v2\/users\/2"}],"replies":[{"embeddable":true,"href":"https:\/\/www.europesays.com\/no\/wp-json\/wp\/v2\/comments?post=121791"}],"version-history":[{"count":0,"href":"https:\/\/www.europesays.com\/no\/wp-json\/wp\/v2\/posts\/121791\/revisions"}],"wp:featuredmedia":[{"embeddable":true,"href":"https:\/\/www.europesays.com\/no\/wp-json\/wp\/v2\/media\/121792"}],"wp:attachment":[{"href":"https:\/\/www.europesays.com\/no\/wp-json\/wp\/v2\/media?parent=121791"}],"wp:term":[{"taxonomy":"category","embeddable":true,"href":"https:\/\/www.europesays.com\/no\/wp-json\/wp\/v2\/categories?post=121791"},{"taxonomy":"post_tag","embeddable":true,"href":"https:\/\/www.europesays.com\/no\/wp-json\/wp\/v2\/tags?post=121791"}],"curies":[{"name":"wp","href":"https:\/\/api.w.org\/{rel}","templated":true}]}}