{"id":121793,"date":"2025-12-25T19:37:16","date_gmt":"2025-12-25T19:37:16","guid":{"rendered":"https:\/\/www.europesays.com\/no\/121793\/"},"modified":"2025-12-25T19:37:16","modified_gmt":"2025-12-25T19:37:16","slug":"omkamp-om-melgaards-kunst-angriper-sentralt-regnestykke","status":"publish","type":"post","link":"https:\/\/www.europesays.com\/no\/121793\/","title":{"rendered":"Omkamp om Melgaards kunst \u2013 angriper sentralt regnestykke"},"content":{"rendered":"\n<p class=\"_lead_o9xde_2 _lead_xtcu6_50 layout-component text-serif-m layout-normal text-serif-l layout-component layout-wide layout-padded _wide_17hqh_1 layout-padded\">Skyldte Bjarne Melgaard sine forretningspartnere mange millioner da han skrev over store deler av kunstnerskapet sin? Nei, det var omvendt, argumenterer advokaten hans.<\/p>\n<p><img alt=\"Bjarne Melgaard i samtale med sin advokat, Stine Helene Pettersen, i lagmannsretten. Foto: Annemor Larsen \/ VG\" class=\"_image_qp4xg_65 layout-component layout-wide\" data-fullscreen- data-track-element-type=\"Article image fullscreen\" data-track-name=\"ImageFullscreen\" fetchpriority=\"high\" decoding=\"sync\" loading=\"eager\" height=\"4632\" itemprop=\"image\"  src=\"https:\/\/www.europesays.com\/no\/wp-content\/uploads\/2025\/12\/08dc9544-6f82-4e79-9acd-e8a69dbbfb25\"  style=\"object-position:0% 0%\" width=\"6945\"\/>Bjarne Melgaard i samtale med sin advokat, Stine Helene Pettersen, i lagmannsretten. Foto: Annemor Larsen \/ VG<\/p>\n<ul aria-hidden=\"true\" class=\"_images_ntbth_112\">\n<li><a class=\"_link_ntbth_117\" href=\"https:\/\/www.vg.no\/forfatter\/markus-tobiassen\" style=\"z-index:1\" title=\"Markus Tobiassen\" rel=\"nofollow noopener\" target=\"_blank\"><img alt=\"Bilde av Markus Tobiassen\" class=\"_image_ntbth_93\" fetchpriority=\"low\" loading=\"lazy\" decoding=\"async\" itemprop=\"image\"  src=\"https:\/\/www.europesays.com\/no\/wp-content\/uploads\/2025\/12\/1766691432_57_039e383b-db02-4a08-b565-5686b27a1fc4\"  width=\"480\"\/><\/a><\/li>\n<\/ul>\n<p> Oppdatert torsdag 25. desember kl. 20:08    <\/p>\n<ul class=\"_list_o9xde_3 _list_64s2r_85 _unordered_o9xde_106 text-sans-m\">\n<li class=\"_item_o9xde_30\">Bjarne Melgaard kjemper i lagmannsretten mot sine forretningspartnere, Stein Lie og Svein Roar Grande.<\/li>\n<li class=\"_item_o9xde_30\">Striden gjelder en avtale fra 2020, hvor Melgaard ga fra seg kontrollen over store deler av kunstnerskapet sitt.<\/li>\n<li class=\"_item_o9xde_30\">Melgaards advokater hevder forretningsmennene skyldte Melgaard penger, ikke omvendt, da han skrev fra seg kunstnen sin.<\/li>\n<li class=\"_item_o9xde_30\">Usikkerhet rundt Melgaards tilstand under avtaleinng\u00e5elsen er ogs\u00e5 tema i retten.<\/li>\n<\/ul>\n<p>Vis mer <\/p>\n<p class=\"_paragraph_o9xde_4 _paragraph_xtcu6_10 layout-component text-serif-m layout-normal text-serif-m layout-padded\">Kunstneren Bjarne Melgaard har gjennom desember v\u00e6rt tilbake i retten for en omkamp med sine mange\u00e5rige forretningspartnere, Stein Lie og Svein Roar Grande. <\/p>\n<p class=\"_paragraph_o9xde_4 _paragraph_xtcu6_10 layout-component text-serif-m layout-normal text-serif-m layout-padded\">I tingretten tapte Melgaard p\u00e5 alle punkter.<\/p>\n<p class=\"_paragraph_o9xde_4 _paragraph_xtcu6_10 layout-component text-serif-m layout-normal text-serif-m layout-padded\">I potten ligger store deler av Melgaards kunstnerskap, hundrevis av statuer, malerier og tegninger, samt tusenvis av trykk.<\/p>\n<p><img decoding=\"async\" alt=\"Bilde av Svein Roar Grande\" class=\"_image_ygndg_42\" height=\"27\" itemprop=\"image\" loading=\"lazy\"  src=\"https:\/\/www.europesays.com\/no\/wp-content\/uploads\/2025\/12\/b3f4b0dd-c828-44d0-b691-c70a943411af\"  width=\"40\"\/><strong class=\"_name_ygndg_51 title-serif-xs\">Svein Roar Grande<\/strong><\/p>\n<p class=\"_paragraph_o9xde_4 text-sans-m _description_ygndg_56\">Tidligere forretningspartner av Bjarne Melgaard.<\/p>\n<p class=\"_paragraph_o9xde_4 _paragraph_xtcu6_10 layout-component text-serif-m layout-normal text-serif-m layout-padded\">Striden dreier seg om en avtale Melgaard underskrev i 2020. Den skulle sette strek over et <a href=\"https:\/\/www.vg.no\/spesial\/2023\/melgaard\/\" class=\"_link_o9xde_39\" rel=\"nofollow noopener\" target=\"_blank\">tidvis kaotisk forretningssamarbeid<\/a>, med flere titalls tidligere inng\u00e5tte avtaler. <\/p>\n<p class=\"_paragraph_o9xde_4 _paragraph_xtcu6_10 layout-component text-serif-m layout-normal text-serif-m layout-padded\">De sentrale delene av avtalen var:<\/p>\n<ul class=\"_list_o9xde_3 _list_xtcu6_9 _unordered_o9xde_106 layout-component text-serif-m layout-normal text-serif-m layout-padded\">\n<li class=\"_item_o9xde_30\">Melgaard ga fra seg kontrollen over hundrevis av malerier og statuer, samt tusenvis av trykk.<\/li>\n<li class=\"_item_o9xde_30\">Forretningsmennene fikk rett til \u00e5 produsere nye statuer og trykk i Melgaards navn, som kunne signeres av noen andre.<\/li>\n<li class=\"_item_o9xde_30\">Til gjengjeld skulle Melgaards gjeld til forretningsmennene strykes. De skulle ogs\u00e5 gj\u00f8re opp annen gjeld.<\/li>\n<\/ul>\n<p class=\"_paragraph_o9xde_4 _paragraph_xtcu6_10 layout-component text-serif-m layout-normal text-serif-m layout-padded\"><strong class=\"_strong_o9xde_25\">Men Melgaards advokater hevder i retten at om det fantes noen gjeld, s\u00e5 var det forretningsmennene som skyldte Melgaard penger, ikke omvendt. <\/strong><\/p>\n<p class=\"_paragraph_o9xde_4 _paragraph_xtcu6_10 layout-component text-serif-m layout-normal text-serif-m layout-padded\">Det er et av deres sentrale argumenter for at avtalen m\u00e5 annulleres. <\/p>\n<p class=\"_paragraph_o9xde_4 _paragraph_xtcu6_10 layout-component text-serif-m layout-normal text-serif-m layout-padded\">Lie og Grandes advokat, Alex Borch bestrider det nye regnestykket. Han mener at eventuelle endringer i regnestykket \u00abuansett ikke gj\u00f8r den inng\u00e5tte hovedavtalen urimelig\u00bb. <\/p>\n<p>Sp\u00f8rsm\u00e5l og svarHva handler konflikten om?<\/p>\n<p class=\"_paragraph_o9xde_4 _paragraph_xtcu6_10 _paragraph_16v91_10 layout-component text-serif-m layout-normal text-sans-m layout-padded\" itemprop=\"text\">Konflikten handler om <a href=\"https:\/\/www.vg.no\/spesial\/2023\/melgaard\/\" class=\"_link_o9xde_39\" rel=\"nofollow noopener\" target=\"_blank\">en avtale<\/a> som Bjarne Melgaard inngikk med sine tidligere forretningspartnere, Stein Lie og Svein Roar Grande, i 2020.<\/p>\n<p class=\"_paragraph_o9xde_4 _paragraph_xtcu6_10 _paragraph_16v91_10 layout-component text-serif-m layout-normal text-sans-m layout-padded\" itemprop=\"text\">Gjennom denne avtalen ga Melgaard fra seg eierskapet til store deler av sitt kunstnerskap, inkludert hundrevis av statuer, malerier og tegninger, samt tusenvis av trykk.<\/p>\n<p class=\"_paragraph_o9xde_4 _paragraph_xtcu6_10 _paragraph_16v91_10 layout-component text-serif-m layout-normal text-sans-m layout-padded\" itemprop=\"text\">Melgaard mener han ble utnyttet og villedet, samtidig som han i lange perioder var avhengig av tunge rusmidler. Han mener han ble lurt til \u00e5 tro at han skyldte dem store summer og \u00f8nsker avtalen kjent ugyldig. <\/p>\n<p class=\"_paragraph_o9xde_4 _paragraph_xtcu6_10 _paragraph_16v91_10 layout-component text-serif-m layout-normal text-sans-m layout-padded\" itemprop=\"text\">Lie og Grande hevder derimot at de har investert over 100 millioner kroner i Melgaard og at han virkelig skyldte dem penger.<\/p>\n<p class=\"_paragraph_o9xde_4 _paragraph_xtcu6_10 _paragraph_16v91_10 layout-component text-serif-m layout-normal text-sans-m layout-padded\" itemprop=\"text\">De mener Melgaard har en historikk med \u00e5 bryte avtaler og at han n\u00e5 fors\u00f8ker \u00e5 presse dem for penger. De ser p\u00e5 hans anklager som en del av et m\u00f8nster der han vender seg mot tidligere st\u00f8ttespillere n\u00e5r pengene er brukt opp.<\/p>\n<p>Hva var resultatet f\u00f8rste runde i retten?<\/p>\n<p class=\"_paragraph_o9xde_4 _paragraph_xtcu6_10 _paragraph_16v91_10 layout-component text-serif-m layout-normal text-sans-m layout-padded\" itemprop=\"text\">Bjarne Melgaard\u00a0<a href=\"https:\/\/www.vg.no\/nyheter\/i\/4BrgRa\/bjarne-melgaard-tapte-soeksmaal\" data-track-element-type=\"Link\" data-track-id=\"link:4BrgRa\" class=\"_link_o9xde_39\" rel=\"nofollow noopener\" target=\"_blank\">tapte<\/a>\u00a0rettssaken mot Stein Lie og Svein Roar Grande p\u00e5 alle punkter. Oslo tingrett konkluderte med at avtalen mellom partene var gyldig og ikke urimelig.<\/p>\n<p class=\"_paragraph_o9xde_4 _paragraph_xtcu6_10 _paragraph_16v91_10 layout-component text-serif-m layout-normal text-sans-m layout-padded\" itemprop=\"text\">Melgaard ble d\u00f8mt til \u00e5 betale Lie over 10 millioner kroner og Grande over 2,3 millioner kroner for mislighold av avtale, husleie, skader p\u00e5 bolig, oppbevaring av kunst og saksomkostninger.<\/p>\n<p>Hva var tingrettens vurdering?<\/p>\n<p class=\"_paragraph_o9xde_4 _paragraph_xtcu6_10 _paragraph_16v91_10 layout-component text-serif-m layout-normal text-sans-m layout-padded\" itemprop=\"text\">Domstolen mente at det ikke var sannsynliggjort at Melgaards rusmisbruk p\u00e5virket hans inng\u00e5else av avtalen. Retten p\u00e5pekte at Melgaard hadde advokater og andre hjelpere rundt seg da avtalen ble inng\u00e5tt, mens Lie og Grande ikke hadde profesjonell hjelp.<\/p>\n<p class=\"_paragraph_o9xde_4 _paragraph_xtcu6_10 _paragraph_16v91_10 layout-component text-serif-m layout-normal text-sans-m layout-padded\" itemprop=\"text\">Dommeren konkluderte med at avtalen \u00absamlet sett [&#8230;] \u00f8konomisk gunstig avtale for Melgaard\u00bb.<\/p>\n<p>Hva er verdien av kunsten de kjemper om?<\/p>\n<p class=\"_paragraph_o9xde_4 _paragraph_xtcu6_10 _paragraph_16v91_10 layout-component text-serif-m layout-normal text-sans-m layout-padded\" itemprop=\"text\">Melgaards side har ansl\u00e5tt at kunsten kan v\u00e6re verdt mellom 200 og 300 millioner kroner.<\/p>\n<p class=\"_paragraph_o9xde_4 _paragraph_xtcu6_10 _paragraph_16v91_10 layout-component text-serif-m layout-normal text-sans-m layout-padded\" itemprop=\"text\">Lie og Grande mener imidlertid at verdien er mye lavere. Dette er en viktig del av konflikten, da det p\u00e5virker regnestykket for hvem som skylder hvem penger.<\/p>\n<p class=\"_paragraph_o9xde_4 _paragraph_xtcu6_10 _paragraph_16v91_10 layout-component text-serif-m layout-normal text-sans-m layout-padded\" itemprop=\"text\">Eksperter frykter at markedet for Melgaards kunst kan kollapse. Dette skyldes blant annet at det n\u00e5 produseres nye Melgaard-verk uten at kunstneren selv er involvert, noe som kan skape tvil om verkene er ekte. I tillegg er det s\u00e5 mange Melgaard-verk p\u00e5 markedet at prisene faller.<\/p>\n<p class=\"_paragraph_o9xde_4 _paragraph_xtcu6_10 layout-component text-serif-m layout-normal text-serif-m layout-padded\">Et sentralt bevis har v\u00e6rt flere enorme fargekodede excel-ark.<\/p>\n<p class=\"_paragraph_o9xde_4 _paragraph_xtcu6_10 layout-component text-serif-m layout-normal text-serif-m layout-padded\">De skal vise hva forretningsmennene betalte Melgaard opp gjennom \u00e5rene. <\/p>\n<p class=\"_paragraph_o9xde_4 _paragraph_xtcu6_10 layout-component text-serif-m layout-normal text-serif-m layout-padded\">Melgaards advokatteam har i retten forklart hvordan de har brukt m\u00e5nedsvis p\u00e5 \u00e5 tr\u00e5le gjennom hver eneste linje i dokumentene. <\/p>\n<p class=\"_paragraph_o9xde_4 _paragraph_xtcu6_10 layout-component text-serif-m layout-normal text-serif-m layout-padded\">De mener \u00e5 ha funnet:<\/p>\n<ul class=\"_list_o9xde_3 _list_xtcu6_9 _unordered_o9xde_106 layout-component text-serif-m layout-normal text-serif-m layout-padded\">\n<li class=\"_item_o9xde_30\">Betalinger som er telt to ganger.<\/li>\n<li class=\"_item_o9xde_30\">Betalinger fra andre som er telt som betalinger fra Grande og Lie.<\/li>\n<li class=\"_item_o9xde_30\">At Lie og Grandes egne utgifter er f\u00f8rt som betalinger til Melgaard.<\/li>\n<li class=\"_item_o9xde_30\">P\u00e5st\u00e5tte betalinger som ikke er dokumentert med kontoutskrift eller lignende.<\/li>\n<\/ul>\n<p><img alt=\"Bjarne Melgaard sammen med sin franske bulldogg, Sophie.  Foto: Espen Rasmussen \/ VG\" class=\"_image_qp4xg_65 layout-component layout-normal\" data-fullscreen- data-track-element-type=\"Article image fullscreen\" data-track-name=\"ImageFullscreen\" decoding=\"async\" loading=\"lazy\" height=\"5464\" itemprop=\"image\"  src=\"https:\/\/www.europesays.com\/no\/wp-content\/uploads\/2025\/12\/e0907375-b823-4922-b08e-2d528b0c700e\"  style=\"object-position:0% 0%\" width=\"8192\"\/>Bjarne Melgaard sammen med sin franske bulldogg, Sophie.  Foto: Espen Rasmussen \/ VG<\/p>\n<p class=\"_paragraph_o9xde_4 _paragraph_xtcu6_10 layout-component text-serif-m layout-normal text-serif-m layout-padded\">Lie og Grandes side har g\u00e5tt med p\u00e5 \u00e5 fjerne noen av pengeoverf\u00f8ringene i regnestykket. <\/p>\n<p class=\"_paragraph_o9xde_4 _paragraph_xtcu6_10 layout-component text-serif-m layout-normal text-serif-m layout-padded\">Men advokat Alex Borch angrep deler av det nye regnestykket tilbake, og mente Melgaards side selv har gjort flere feil i regnestykket de legger frem.<\/p>\n<p class=\"_paragraph_o9xde_4 _paragraph_xtcu6_10 layout-component text-serif-m layout-normal text-serif-m layout-padded\">Partene er derfor fortsatt uenige om hva svaret p\u00e5 regnestykket skal v\u00e6re. <\/p>\n<p><img alt=\"Fra venstre: advokat Alex Borch. I midten sitter Knut Lie, s\u00f8nnen til Stein Lie, og til h\u00f8yre advokatfullmektig Silje Fredwall.   Foto: Annemor Larsen \/ VG\" class=\"_image_qp4xg_65 layout-component layout-normal\" data-fullscreen- data-track-element-type=\"Article image fullscreen\" data-track-name=\"ImageFullscreen\" decoding=\"async\" loading=\"lazy\" height=\"4860\" itemprop=\"image\"  src=\"https:\/\/www.europesays.com\/no\/wp-content\/uploads\/2025\/12\/d135d754-97f1-4196-a377-98f26814ee23\"  style=\"object-position:0% 0%\" width=\"7286\"\/>Fra venstre: advokat Alex Borch. I midten sitter Knut Lie, s\u00f8nnen til Stein Lie, og til h\u00f8yre advokatfullmektig Silje Fredwall.   Foto: Annemor Larsen \/ VG<\/p>\n<p class=\"_paragraph_o9xde_4 _paragraph_xtcu6_10 layout-component text-serif-m layout-normal text-serif-m layout-padded\">Hvor mye Melgaard skal ha skyldt Lie og Grande har endret seg flere ganger.<\/p>\n<p class=\"_paragraph_o9xde_4 _paragraph_xtcu6_10 layout-component text-serif-m layout-normal text-serif-m layout-padded\">Utgangspunktet til Lie og Grandes advokat i prosedyren var at Melgaard skyldte dem cirka 34 millioner kroner da avtalen ble inng\u00e5tt. <\/p>\n<p class=\"_paragraph_o9xde_4 _paragraph_xtcu6_10 layout-component text-serif-m layout-normal text-serif-m layout-padded\">Han sa at han fortsatt mener svaret p\u00e5 hva Melgaard skyldte er:<\/p>\n<p class=\"_paragraph_o9xde_4 _paragraph_xtcu6_10 layout-component text-serif-m layout-normal text-serif-m layout-padded\">\u2013 N\u00e6rmere 34 millioner enn null. <\/p>\n<p class=\"_paragraph_o9xde_4 _paragraph_xtcu6_10 layout-component text-serif-m layout-normal text-serif-m layout-padded\">Etter \u00e5 ha g\u00e5tt gjennom betalinger de g\u00e5r med p\u00e5 \u00e5 trekke, landet Lie og Grandes side p\u00e5 at Melgaard fortsatt skyldte omkring 25 millioner kroner da avtalen ble inng\u00e5tt.<\/p>\n<p><img alt=\"Foto: Annemor Larsen \/ VG\" class=\"_image_qp4xg_65 layout-component layout-normal\" data-fullscreen- data-track-element-type=\"Article image fullscreen\" data-track-name=\"ImageFullscreen\" decoding=\"async\" loading=\"lazy\" height=\"5464\" itemprop=\"image\"  src=\"https:\/\/www.europesays.com\/no\/wp-content\/uploads\/2025\/12\/05a4c926-cea1-4695-8eb0-a5f42e5335f5\"  style=\"object-position:0% 0%\" width=\"8192\"\/>Foto: Annemor Larsen \/ VG<\/p>\n<p class=\"_paragraph_o9xde_4 _paragraph_xtcu6_10 layout-component text-serif-m layout-normal text-serif-m layout-padded\">Melgaards advokat, Stine Hel\u00e9n Pettersen, mener derimot at svaret p\u00e5 regnestykket er at Melgaard aldri skyldte forretningsmennene noe.<\/p>\n<p class=\"_paragraph_o9xde_4 _paragraph_xtcu6_10 layout-component text-serif-m layout-normal text-serif-m layout-padded\">Fordi s\u00e5 mange av de p\u00e5st\u00e5tte pengeoverf\u00f8ringene mangler bankutskrift eller annen dokumentasjon, har Melgaards side ikke landet p\u00e5 en n\u00f8yaktig sum p\u00e5 sitt regnestykke.<\/p>\n<p class=\"_paragraph_o9xde_4 _paragraph_xtcu6_10 layout-component text-serif-m layout-normal text-serif-m layout-padded\">Men de argumenterte i retten for at summen av feilene de mener \u00e5 ha funnet i de fargekodede excel-arkene, er at det var forretningsmennene som skyldte Melgaard penger, ikke omvendt.<\/p>\n<p class=\"_paragraph_o9xde_4 _paragraph_xtcu6_10 layout-component text-serif-m layout-normal text-serif-m layout-padded\">Melgaards advokat mener derfor kunstneren ga fra seg en enorm kunstskatt mot at forretningsmennene bare gjorde opp en annen gjeld p\u00e5 under 5 millioner kroner til kreditorer i USA \u2013 og at avtalen derfor var klart urimelig.<\/p>\n<p> Skannet Melgaards hjerne<\/p>\n<p class=\"_paragraph_o9xde_4 _paragraph_xtcu6_10 layout-component text-serif-m layout-normal text-serif-m layout-padded\">Et annet sentralt sp\u00f8rsm\u00e5l er hvilken forfatning Melgaard var i \u2013 etter \u00e5revis med bruk av tunge rusmidler \u2013 da avtalen ble inng\u00e5tt.<\/p>\n<p class=\"_paragraph_o9xde_4 _paragraph_xtcu6_10 layout-component text-serif-m layout-normal text-serif-m layout-padded\">Tingretten kom til at dette ikke hadde noen avgj\u00f8rende betydning.<\/p>\n<p class=\"_paragraph_o9xde_4 _paragraph_xtcu6_10 layout-component text-serif-m layout-normal text-serif-m layout-padded\">I ankesaken har to av Melgaards psykiatere gjennom \u00e5rene vitnet, samt en nevropsykolog, som blant annet har analysert en MR-skanningMR-skanningEn medisinsk unders\u00f8kelse som kan skape ekstremt detaljerte bilder av blant annet kroppens indre organer. av Melgaards hjerne.<\/p>\n<p class=\"_paragraph_o9xde_4 _paragraph_xtcu6_10 layout-component text-serif-m layout-normal text-serif-m layout-padded\">Dom i saken er ventet i februar 2026.<\/p>\n","protected":false},"excerpt":{"rendered":"Skyldte Bjarne Melgaard sine forretningspartnere mange millioner da han skrev over store deler av kunstnerskapet sin? Nei, det&hellip;\n","protected":false},"author":2,"featured_media":121794,"comment_status":"","ping_status":"","sticky":false,"template":"","format":"standard","meta":{"footnotes":""},"categories":[12],"tags":[20,21,24,25,15,635,22,23,13,30,28,29,14,16,26,27,42,43,44,45],"class_list":{"0":"post-121793","1":"post","2":"type-post","3":"status-publish","4":"format-standard","5":"has-post-thumbnail","7":"category-verden","8":"tag-breaking-news","9":"tag-breakingnews","10":"tag-featured-news","11":"tag-featurednews","12":"tag-headlines","13":"tag-kunst","14":"tag-latest-news","15":"tag-latestnews","16":"tag-news","17":"tag-no","18":"tag-norge","19":"tag-norway","20":"tag-nyheter","21":"tag-overskrifter","22":"tag-top-stories","23":"tag-topstories","24":"tag-verden","25":"tag-world","26":"tag-world-news","27":"tag-worldnews"},"share_on_mastodon":{"url":"https:\/\/pubeurope.com\/@no\/115781897632591078","error":""},"_links":{"self":[{"href":"https:\/\/www.europesays.com\/no\/wp-json\/wp\/v2\/posts\/121793","targetHints":{"allow":["GET"]}}],"collection":[{"href":"https:\/\/www.europesays.com\/no\/wp-json\/wp\/v2\/posts"}],"about":[{"href":"https:\/\/www.europesays.com\/no\/wp-json\/wp\/v2\/types\/post"}],"author":[{"embeddable":true,"href":"https:\/\/www.europesays.com\/no\/wp-json\/wp\/v2\/users\/2"}],"replies":[{"embeddable":true,"href":"https:\/\/www.europesays.com\/no\/wp-json\/wp\/v2\/comments?post=121793"}],"version-history":[{"count":0,"href":"https:\/\/www.europesays.com\/no\/wp-json\/wp\/v2\/posts\/121793\/revisions"}],"wp:featuredmedia":[{"embeddable":true,"href":"https:\/\/www.europesays.com\/no\/wp-json\/wp\/v2\/media\/121794"}],"wp:attachment":[{"href":"https:\/\/www.europesays.com\/no\/wp-json\/wp\/v2\/media?parent=121793"}],"wp:term":[{"taxonomy":"category","embeddable":true,"href":"https:\/\/www.europesays.com\/no\/wp-json\/wp\/v2\/categories?post=121793"},{"taxonomy":"post_tag","embeddable":true,"href":"https:\/\/www.europesays.com\/no\/wp-json\/wp\/v2\/tags?post=121793"}],"curies":[{"name":"wp","href":"https:\/\/api.w.org\/{rel}","templated":true}]}}