{"id":121795,"date":"2025-12-25T19:38:09","date_gmt":"2025-12-25T19:38:09","guid":{"rendered":"https:\/\/www.europesays.com\/no\/121795\/"},"modified":"2025-12-25T19:38:09","modified_gmt":"2025-12-25T19:38:09","slug":"beiarelva-flommet-over-fylkesvei-ble-stengt-nrk-nordland","status":"publish","type":"post","link":"https:\/\/www.europesays.com\/no\/121795\/","title":{"rendered":"Beiarelva flommet over \u2013 fylkesvei ble stengt \u2013 NRK Nordland"},"content":{"rendered":"<p>Etter flere dager med vinterregn og mildv\u00e6r har vannf\u00f8ringen i Beiarelva \u00f8kt kraftig.<\/p>\n<p><strong>N\u00e5 har den kommet helt inn p\u00e5 fylkesveien. Derfor har Nordland fylkeskommune i samarbeid med kontrakt\u00f8r valgt \u00e5 stenge veien.<\/strong><\/p>\n<p>\u2013 Elva har steget omtrent en halv meter fra i formiddag. Isen har vokst p\u00e5 seg og det kommer mer vann oppstr\u00f8ms.<\/p>\n<p>Det sier r\u00e5dmann i Beiarn kommune, Ole Petter Nybakk.<\/p>\n<p>N\u00e5 har vannmassene kommet ut p\u00e5 veien.<\/p>\n<p>Hundre uten str\u00f8m<\/p>\n<p>Torsdag ettermiddag besluttet Nordland fylkeskommune \u00e5 stenge fylkesvei 7492 i begge retninger.<\/p>\n<p><strong>Men det er ikke bare store vannmengder som er et problem for beiarv\u00e6ringene.<\/strong><\/p>\n<p>\u2013 N\u00e5 er store deler av bygda ogs\u00e5 uten str\u00f8m. Vi iverksetter egne rutiner med tanke p\u00e5 helse blant annet. Vaktmannskaper og beredskapsleder er ute og gj\u00f8r hva de kan, sier Nybakk.<\/p>\n<p><img decoding=\"async\"   src=\"data:image\/gif;base64,R0lGODlhAQABAIAAAAAAAP\/\/\/yH5BAEAAAAALAAAAAABAAEAAAIBRAA7\" loading=\"eager\" alt=\"Ole Petter Nybakk\" title=\"Foto: ola helness \/ nrk\"\/><\/p>\n<p class=\"\">R\u00e5dmann i Beiarn kommune, Ole Petter Nybakk sier at de er p\u00e5 vakt, men enn\u00e5 ikke anser situasjonen for \u00e5 v\u00e6re dramatisk.<\/p>\n<p>Foto: ola helness \/ nrk<\/p>\n<p>Arva melder at nesten 100 husstander er ber\u00f8rt av str\u00f8mstans. \u00c5rsaken er de h\u00f8ye vannmassene.<\/p>\n<p>\u2013 Mont\u00f8rer er p\u00e5 vei og skal seksjonere ut ber\u00f8rt del av str\u00f8mnettet. Vi kommer tilbake med oppdatering n\u00e5r vi har kommer frem til stedet, skriver Arva i en melding til AN.<\/p>\n<p>\u00c5rsaken til den kraftige vannstanden er en kombinasjon av mildv\u00e6r, regn og mye is i elvel\u00f8pet.<\/p>\n<p><img decoding=\"async\"   src=\"data:image\/gif;base64,R0lGODlhAQABAIAAAAAAAP\/\/\/yH5BAEAAAAALAAAAAABAAEAAAIBRAA7\" loading=\"eager\" alt=\"Beiarelva n\u00e5r snart fylkesveien. Den ble stengt kort tid etter.\" title=\"Foto: Freddy Olsen \/ privat\"\/><\/p>\n<p class=\"\">R\u00e5dmannen sier at beredskapsledelse og vaktmannskap er ute og gj\u00f8r hva de kan, forteller r\u00e5dmannen.<\/p>\n<p>Foto: Freddy Olsen \/ privat<\/p>\n<p>Ikke fare for at bygda blir delt i to<\/p>\n<p>Nybakk sier at det ikke er fare for at bygda blir delt i to, slik de har sett ved tidligere hendelser.<\/p>\n<p>Det g\u00e5r nemlig vei p\u00e5 begge sider av dalf\u00f8ret i det aktuelle omr\u00e5det. Hvis situasjonen utvikler seg, og veien blir stengt p\u00e5 den andre siden av dalf\u00f8ret, vil kommunen iverksette nye tiltak.<\/p>\n<p>\u2013 Vi anser enn\u00e5 ikke situasjonen \u00e5 v\u00e6re dramatisk. Men vi er n\u00f8dt til \u00e5 v\u00e6re v\u00e5ken p\u00e5 at det kan v\u00e6re ytterligere forverring, s\u00e6rlig hvis str\u00f8mstansen blir langvarig.<\/p>\n<p><img decoding=\"async\"   src=\"data:image\/gif;base64,R0lGODlhAQABAIAAAAAAAP\/\/\/yH5BAEAAAAALAAAAAABAAEAAAIBRAA7\" loading=\"eager\" alt=\"Et hus st\u00e5r i vann etter at Beiarelva har flommet over sine grenser\" title=\"Foto: Freddy Olsen \/ privat\"\/><\/p>\n<p class=\"\">Huset p\u00e5 Osbakk st\u00e5r n\u00e5 i enda en halv meter isvann fra Beiarelva.<\/p>\n<p>Foto: Freddy Olsen \/ privat<\/p>\n<p>Tidligere i formiddag ble et hus p\u00e5 Osbakk i Beiarn st\u00e5r n\u00e5 omgitt av vannmasser. Siden det har elva steget en halv meter.<\/p>\n<p>Den saken omtalte <a href=\"https:\/\/www.an.no\/hus-star-i-vann-kommunen-folger-situasjonen\/s\/5-4-2300134\" ec-id=\"https:\/\/www.an.no\/hus-star-i-vann-kommunen-folger-situasjonen\/s\/5-4-2300134\" ec-name=\"Avisa Nordland\" rel=\"nofollow noopener\" target=\"_blank\">Avisa Nordland<\/a> f\u00f8rst.<\/p>\n<p>\u2013 Elva har sluppet<\/p>\n<p>Omkring kl. 19.30 forteller ordf\u00f8rer at elva har begynt \u00e5 flyte nedover igjen. Huset p\u00e5 Osbak er utenfor fare for \u00e5 bli tatt av elva.<\/p>\n<p>N\u00e5 har vannet g\u00e5tt ned til normalen og isen har trukket seg tilbake.<\/p>\n<p>\u2013 Det er noe is p\u00e5 \u00e5krene, men det er sm\u00e5 bekymringer i forhold til hva det kunne ha v\u00e6rt, sier ordf\u00f8rer Andre Kristoffersen.<\/p>\n<p>\u2013 Jeg er veldig glad for at elva har sluppet, s\u00e5nn at vi er klare for mer regnv\u00e6r p\u00e5 l\u00f8rdag.<\/p>\n<p>Isen har knekt \u00e9n str\u00f8mp\u00e5le, ellers sier ordf\u00f8rer at det meste allerede er ryddet opp.<\/p>\n<p>Han legger til at det er begrenset ferdsel p\u00e5 Osbakk inntil videre.<\/p>\n<p>Omtrent samtidig melder Arva at n\u00e5 kun 12 kunder er ber\u00f8rt av str\u00f8mstansen.<\/p>\n<p>\u2013 Kunder p\u00e5 Osbakk er fortsatt utkoblet, og blir uten utover natten, skriver de i en melding.<\/p>\n<p>Publisert<\/p>\n<p>25.12.2025, kl. 18.45<\/p>\n<p>Oppdatert<\/p>\n<p>25.12.2025, kl. 19.48<\/p>\n","protected":false},"excerpt":{"rendered":"Etter flere dager med vinterregn og mildv\u00e6r har vannf\u00f8ringen i Beiarelva \u00f8kt kraftig. N\u00e5 har den kommet helt&hellip;\n","protected":false},"author":2,"featured_media":121796,"comment_status":"","ping_status":"","sticky":false,"template":"","format":"standard","meta":{"footnotes":""},"categories":[10],"tags":[20,21,24,25,15,22,23,13,30,28,29,14,16,26,27],"class_list":{"0":"post-121795","1":"post","2":"type-post","3":"status-publish","4":"format-standard","5":"has-post-thumbnail","7":"category-norge","8":"tag-breaking-news","9":"tag-breakingnews","10":"tag-featured-news","11":"tag-featurednews","12":"tag-headlines","13":"tag-latest-news","14":"tag-latestnews","15":"tag-news","16":"tag-no","17":"tag-norge","18":"tag-norway","19":"tag-nyheter","20":"tag-overskrifter","21":"tag-top-stories","22":"tag-topstories"},"share_on_mastodon":{"url":"https:\/\/pubeurope.com\/@no\/115781900888026932","error":""},"_links":{"self":[{"href":"https:\/\/www.europesays.com\/no\/wp-json\/wp\/v2\/posts\/121795","targetHints":{"allow":["GET"]}}],"collection":[{"href":"https:\/\/www.europesays.com\/no\/wp-json\/wp\/v2\/posts"}],"about":[{"href":"https:\/\/www.europesays.com\/no\/wp-json\/wp\/v2\/types\/post"}],"author":[{"embeddable":true,"href":"https:\/\/www.europesays.com\/no\/wp-json\/wp\/v2\/users\/2"}],"replies":[{"embeddable":true,"href":"https:\/\/www.europesays.com\/no\/wp-json\/wp\/v2\/comments?post=121795"}],"version-history":[{"count":0,"href":"https:\/\/www.europesays.com\/no\/wp-json\/wp\/v2\/posts\/121795\/revisions"}],"wp:featuredmedia":[{"embeddable":true,"href":"https:\/\/www.europesays.com\/no\/wp-json\/wp\/v2\/media\/121796"}],"wp:attachment":[{"href":"https:\/\/www.europesays.com\/no\/wp-json\/wp\/v2\/media?parent=121795"}],"wp:term":[{"taxonomy":"category","embeddable":true,"href":"https:\/\/www.europesays.com\/no\/wp-json\/wp\/v2\/categories?post=121795"},{"taxonomy":"post_tag","embeddable":true,"href":"https:\/\/www.europesays.com\/no\/wp-json\/wp\/v2\/tags?post=121795"}],"curies":[{"name":"wp","href":"https:\/\/api.w.org\/{rel}","templated":true}]}}