{"id":121799,"date":"2025-12-25T19:55:18","date_gmt":"2025-12-25T19:55:18","guid":{"rendered":"https:\/\/www.europesays.com\/no\/121799\/"},"modified":"2025-12-25T19:55:18","modified_gmt":"2025-12-25T19:55:18","slug":"fornebu-lysaker-sammenstot-pa-e18-ett-felt-stengt","status":"publish","type":"post","link":"https:\/\/www.europesays.com\/no\/121799\/","title":{"rendered":"Fornebu, Lysaker | Sammenst\u00f8t p\u00e5 E18: Ett felt stengt"},"content":{"rendered":"\n<p>N\u00f8detatene var p\u00e5 stedet klokken 17. Uhellet har skjedd i utg\u00e5ende retning, alts\u00e5 mot Drammen.<\/p>\n<p>Ett felt m\u00e5tte stenges p\u00e5 E18, if\u00f8lge Veitrafikksentralen.<\/p>\n<p>Et vogntog og en personbil skal v\u00e6re involvert.<\/p>\n<p>P\u00e5 Politiloggen beskrives forel\u00f8pet slik: \u00abPersonbilen kom fra Fornebu, og ifm feltskiftet kolliderte kj\u00f8ret\u00f8yene. Ingen personskade, de st\u00e5r i h\u00f8yre felt uten til mye bryderi for resten av trafikken, og vi er p\u00e5 stedet\u00bb.<\/p>\n<p>\u2013 Et helt ubetydelig trafikkuhell for alle andre enn dem som er p\u00e5 stedet. Det blir sannsynligvis skademelding, sier operasjonsleder Rune Hekkelstrand i politiet.<\/p>\n<p>Trafikken glir helt fint forbi, if\u00f8lge Budstikkas reporter p\u00e5 stedet.<\/p>\n<p><b>Klokken 17.25 bekrefter Hekkelstrand: Saken l\u00f8ses med skademelding. Personbilen er n\u00e5 tauet vekk, og E18 er \u00e5pen for normal ferdsel utg\u00e5ende. <\/b><\/p>\n","protected":false},"excerpt":{"rendered":"N\u00f8detatene var p\u00e5 stedet klokken 17. Uhellet har skjedd i utg\u00e5ende retning, alts\u00e5 mot Drammen. Ett felt m\u00e5tte&hellip;\n","protected":false},"author":2,"featured_media":121800,"comment_status":"","ping_status":"","sticky":false,"template":"","format":"standard","meta":{"footnotes":""},"categories":[10],"tags":[36,20,21,24,25,925,15,22,23,924,13,30,28,29,14,16,4499,1510,26,27],"class_list":{"0":"post-121799","1":"post","2":"type-post","3":"status-publish","4":"format-standard","5":"has-post-thumbnail","7":"category-norge","8":"tag-art","9":"tag-breaking-news","10":"tag-breakingnews","11":"tag-featured-news","12":"tag-featurednews","13":"tag-fornebu","14":"tag-headlines","15":"tag-latest-news","16":"tag-latestnews","17":"tag-lysaker","18":"tag-news","19":"tag-no","20":"tag-norge","21":"tag-norway","22":"tag-nyheter","23":"tag-overskrifter","24":"tag-snaroya","25":"tag-story","26":"tag-top-stories","27":"tag-topstories"},"share_on_mastodon":{"url":"https:\/\/pubeurope.com\/@no\/115781967792469106","error":""},"_links":{"self":[{"href":"https:\/\/www.europesays.com\/no\/wp-json\/wp\/v2\/posts\/121799","targetHints":{"allow":["GET"]}}],"collection":[{"href":"https:\/\/www.europesays.com\/no\/wp-json\/wp\/v2\/posts"}],"about":[{"href":"https:\/\/www.europesays.com\/no\/wp-json\/wp\/v2\/types\/post"}],"author":[{"embeddable":true,"href":"https:\/\/www.europesays.com\/no\/wp-json\/wp\/v2\/users\/2"}],"replies":[{"embeddable":true,"href":"https:\/\/www.europesays.com\/no\/wp-json\/wp\/v2\/comments?post=121799"}],"version-history":[{"count":0,"href":"https:\/\/www.europesays.com\/no\/wp-json\/wp\/v2\/posts\/121799\/revisions"}],"wp:featuredmedia":[{"embeddable":true,"href":"https:\/\/www.europesays.com\/no\/wp-json\/wp\/v2\/media\/121800"}],"wp:attachment":[{"href":"https:\/\/www.europesays.com\/no\/wp-json\/wp\/v2\/media?parent=121799"}],"wp:term":[{"taxonomy":"category","embeddable":true,"href":"https:\/\/www.europesays.com\/no\/wp-json\/wp\/v2\/categories?post=121799"},{"taxonomy":"post_tag","embeddable":true,"href":"https:\/\/www.europesays.com\/no\/wp-json\/wp\/v2\/tags?post=121799"}],"curies":[{"name":"wp","href":"https:\/\/api.w.org\/{rel}","templated":true}]}}