{"id":121801,"date":"2025-12-25T20:02:17","date_gmt":"2025-12-25T20:02:17","guid":{"rendered":"https:\/\/www.europesays.com\/no\/121801\/"},"modified":"2025-12-25T20:02:17","modified_gmt":"2025-12-25T20:02:17","slug":"wang-toppidrett-mobbing-tonsberg-skolen-er-blant-de-beste-i-landet-jeg-er-utrolig-stolt-tonsbergs-blad","status":"publish","type":"post","link":"https:\/\/www.europesays.com\/no\/121801\/","title":{"rendered":"Wang Toppidrett, Mobbing | T\u00f8nsberg-skolen er blant de beste i landet: \u2013 Jeg er utrolig stolt &#8211; T\u00f8nsbergs Blad"},"content":{"rendered":"<ol>\n<li><a href=\"https:\/\/news.google.com\/rss\/articles\/CBMinAFBVV95cUxPdDRiWWR1WkpoeXJERm9LLUdwcnN3MVBQaXkzV01rNF9UYXJyNVpndDZwbG0tdUtrOTgyMVgxeEEwNkJBRk5CTGNTc0ltaURDT2dNb2FzSHEzSlh5TVJmSU5LajlRbHMweGRMekhIYXhwc1JFdERXckNaaVZIWFRqS3NHeTNxOTNIRUtBUTRhblJzdDIzTDNzQnVKYkI?oc=5\" target=\"_blank\" rel=\"nofollow noopener\">Wang Toppidrett, Mobbing | T\u00f8nsberg-skolen er blant de beste i landet: \u2013 Jeg er utrolig stolt<\/a>&nbsp;&nbsp;T\u00f8nsbergs Blad<\/li>\n<li><a href=\"https:\/\/news.google.com\/rss\/articles\/CBMirgFBVV95cUxQWV83d1QtbG9UODM3VTQ4R0tEOWJad2xfZFdxSVdXWW5DZU5KbUwtMkp3TjhvSTFSbl9SSnV4cDZ4bU1yR1k3czRZMHUtMjM2TG5LS0NwQUNEMXJCNmRFcFRjNmRwUzVNTFM5bVJTQ1dKZEZqaDIwQlVmRlpTVnBlMVI1WVNLTm13d21sU2QyUmZMdWQzYmZaTFFCZnJwT28zcHRQbUotT0d5M19RZUE?oc=5\" target=\"_blank\" rel=\"nofollow noopener\">Honn\u00f8r til l\u00e6rerne! Mobbingen p\u00e5 vei ned.<\/a>&nbsp;&nbsp;Aftenposten<\/li>\n<li><a href=\"https:\/\/news.google.com\/rss\/articles\/CBMijAFBVV95cUxQaHRJTUVISXhpSWNmUUpOTFctQmMzbW5uemxVMW9abzdyaEtjNEh5Qm1VZ1ZDa2ROdm5zaUtScG15VF81R2FXcDZtWV9BVnY5eW5LTi1yOWFDckljSzI3NGo4LVVRX3dsZ2dfdXc1Z0hPWGNaSG9Ra1FWX1M1UXVGOEVYSVBSSWNwR2k3MQ?oc=5\" target=\"_blank\" rel=\"nofollow noopener\">(+) Du skal h\u00f8re mye f\u00f8r \u00f8rene detter av<\/a>&nbsp;&nbsp;agderposten.no<\/li>\n<li><a href=\"https:\/\/news.google.com\/rss\/articles\/CBMiiAFBVV95cUxQT1Jqc2FkT2p6RFFBdFg4emRDVnVxdWlTb0plVkQxb1ZWTUFxejEzYmxpeFMyRXlZUlc5NHI0N1pMcHE5dmJDUzVyRFlFUFlhREdsbU9WZFZRLUU0VTFHb2VmQUwyRlRMQlBnV3BrbWMyVDFJamh5a19mdldNRUFsREVaX1dTMktp?oc=5\" target=\"_blank\" rel=\"nofollow noopener\">Debatt, Elevunders\u00f8kelsen | F\u00e6rre mobbes \u2013 men vi kan ikke slippe taket<\/a>&nbsp;&nbsp;Budstikka<\/li>\n<li><a href=\"https:\/\/news.google.com\/rss\/articles\/CBMioAFBVV95cUxPOTV1MkN1TnNrMEJITEZ2MUxsUjRoN1NRTnp0N194WTN0a205SHNxekJST3VuSDNoYmVtMDMzM2xrSXN1ZEtGc1hMUE0tSWlQS2ZZQ1NTSmt0YXJldjFqbXFzQ1R3MlR5MFZ3bVJ5dzAzNE1KNVNWMWNUTTJSSC1WQmdoOEpWUWNMc3ZtbWxGRnd1bUlqYnl1NlNSN0stZlZT?oc=5\" target=\"_blank\" rel=\"nofollow noopener\">Barn og unge, Elverum | Elverum-skole mer enn halverte mobbetallene: \u2013 Det fungerer<\/a>&nbsp;&nbsp;\u00d8stlendingen<\/li>\n<\/ol>\n","protected":false},"excerpt":{"rendered":"Wang Toppidrett, Mobbing | T\u00f8nsberg-skolen er blant de beste i landet: \u2013 Jeg er utrolig stolt&nbsp;&nbsp;T\u00f8nsbergs Blad Honn\u00f8r&hellip;\n","protected":false},"author":2,"featured_media":121802,"comment_status":"","ping_status":"","sticky":false,"template":"","format":"standard","meta":{"footnotes":""},"categories":[10],"tags":[20,21,24,25,15,22,23,13,30,28,29,14,16,26,27],"class_list":{"0":"post-121801","1":"post","2":"type-post","3":"status-publish","4":"format-standard","5":"has-post-thumbnail","7":"category-norge","8":"tag-breaking-news","9":"tag-breakingnews","10":"tag-featured-news","11":"tag-featurednews","12":"tag-headlines","13":"tag-latest-news","14":"tag-latestnews","15":"tag-news","16":"tag-no","17":"tag-norge","18":"tag-norway","19":"tag-nyheter","20":"tag-overskrifter","21":"tag-top-stories","22":"tag-topstories"},"share_on_mastodon":{"url":"https:\/\/pubeurope.com\/@no\/115781995308951084","error":""},"_links":{"self":[{"href":"https:\/\/www.europesays.com\/no\/wp-json\/wp\/v2\/posts\/121801","targetHints":{"allow":["GET"]}}],"collection":[{"href":"https:\/\/www.europesays.com\/no\/wp-json\/wp\/v2\/posts"}],"about":[{"href":"https:\/\/www.europesays.com\/no\/wp-json\/wp\/v2\/types\/post"}],"author":[{"embeddable":true,"href":"https:\/\/www.europesays.com\/no\/wp-json\/wp\/v2\/users\/2"}],"replies":[{"embeddable":true,"href":"https:\/\/www.europesays.com\/no\/wp-json\/wp\/v2\/comments?post=121801"}],"version-history":[{"count":0,"href":"https:\/\/www.europesays.com\/no\/wp-json\/wp\/v2\/posts\/121801\/revisions"}],"wp:featuredmedia":[{"embeddable":true,"href":"https:\/\/www.europesays.com\/no\/wp-json\/wp\/v2\/media\/121802"}],"wp:attachment":[{"href":"https:\/\/www.europesays.com\/no\/wp-json\/wp\/v2\/media?parent=121801"}],"wp:term":[{"taxonomy":"category","embeddable":true,"href":"https:\/\/www.europesays.com\/no\/wp-json\/wp\/v2\/categories?post=121801"},{"taxonomy":"post_tag","embeddable":true,"href":"https:\/\/www.europesays.com\/no\/wp-json\/wp\/v2\/tags?post=121801"}],"curies":[{"name":"wp","href":"https:\/\/api.w.org\/{rel}","templated":true}]}}