{"id":121803,"date":"2025-12-25T20:08:09","date_gmt":"2025-12-25T20:08:09","guid":{"rendered":"https:\/\/www.europesays.com\/no\/121803\/"},"modified":"2025-12-25T20:08:09","modified_gmt":"2025-12-25T20:08:09","slug":"russland-kan-feilberegne-og-angripe-nato","status":"publish","type":"post","link":"https:\/\/www.europesays.com\/no\/121803\/","title":{"rendered":"Russland kan feilberegne, og angripe Nato"},"content":{"rendered":"<p>    P\u00e5 samme m\u00e5te som Vladimir Putin tok sjansen p\u00e5 \u00e5 invadere Ukraina i februar 2022, kan Russland igjen beg\u00e5 en ny etterretningstabbe og utfordre Nato p\u00e5 feil grunnlag.<\/p>\n<p>\n        \u2013 Risikoen ligger i at de samme mekanismene som gjorde at Russland feilberegnet situasjonen i Ukraina s\u00e5 grundig som de gjorde i 2022, kan f\u00f8re til en tilsvarende feillesing av europeisk politisk samhold og milit\u00e6r evne, til at de tror de kan komme unna med et avgrenset sjokkangrep, mener milit\u00e6r ekspert Palle Ydsteb\u00f8.<br \/>\n        Alexei Druzhinin\n    <\/p>\n<p>Det mener oberstl\u00f8ytnant Palle Ydsteb\u00f8, hovedl\u00e6rer ved seksjon for landmakt ved Krigsskolen. Han har milit\u00e6r utdanning fra Luftforsvaret, Krigsskolen og Forsvarets stabskole, hovedfag historie fra Universitetet i Troms\u00f8 og doktorgrad i War Studies ved University of Glasgow.<\/p>\n<p class=\"italic m-italic\" data-lab-italic=\"italic\">\u2013 Tror du Russland vil g\u00e5 til krig mot Nato?<\/p>\n<p>\u2013 Nei, ikke hvis de europeiske Nato-landene f\u00e5r fart p\u00e5 den milit\u00e6re opprustningen og viser et politisk samhold som overbeviser Russland om at risikoen er for stor. Hvis det blir for mye vingling og mangel p\u00e5 styrkeoppbygging i Europa, kan Russland tolke, eller feiltolke, det som en svakhet de kan utnytte og forsterke, for eksempel med et avgrenset milit\u00e6rt anslag mot Baltikum eller s\u00e5gar Svalbard, svarer Ydsteb\u00f8.<\/p>\n<p>Putin kan ta feil igjen<\/p>\n<p>                <img decoding=\"async\" src=\"https:\/\/www.europesays.com\/no\/wp-content\/uploads\/2025\/12\/216127.webp\" width=\"480\" height=\"274\" title=\"Hovedl\u00e6rer ved seksjon for landmakt p\u00e5 Krigsskolen ved Forsvarets h\u00f8yskole, Palle Ydsteb\u00f8, har erfaring fra Luftforsvaret, Ingeni\u00f8rv\u00e5pnet, H\u00e6rstaben, Etteretningstjenesten og Forsvarets stabsskole, samt internasjonal erfaring fra Afghanistan, Tyskland og FN-styrken i S\u00f8r-Sudan.\" alt=\"\" loading=\"lazy\" style=\"\"\/><\/p>\n<p>\n            Hovedl\u00e6rer ved seksjon for landmakt p\u00e5 Krigsskolen ved Forsvarets h\u00f8yskole, Palle Ydsteb\u00f8, har erfaring fra Luftforsvaret, Ingeni\u00f8rv\u00e5pnet, H\u00e6rstaben, Etteretningstjenesten og Forsvarets stabsskole, samt internasjonal erfaring fra Afghanistan, Tyskland og FN-styrken i S\u00f8r-Sudan.<\/p>\n<p>Han mener det kan v\u00e6re en fare for at Kreml-regimet nok en gang beg\u00e5r generaltabben som da Putin ga store russiske styrker ordre om \u00e5 innta Ukraina natt til 24. februar 2022, noe som viste seg \u00e5 v\u00e6re betydelig mer krevende enn antatt.<\/p>\n<p>I dag, snart fire \u00e5r etter krigsutbruddet, har Vladimir Putin fortsatt ikke klart \u00e5 oppn\u00e5 sine m\u00e5l med spesialoperasjonen, nemlig \u00e5 okkupere fire ukrainske regioner, avsette regjeringen i Kyiv og demilitarisere Ukraina.<\/p>\n<p>\u2013 Tror de kan komme unna med et avgrenset sjokkangrep <\/p>\n<p>Tvert imot har ukrainerne vist seg mer motstandsdyktige enn de fleste hadde sett for seg. I tillegg har de mottatt s\u00e5 mye vestlige v\u00e5pen, og f\u00e5tt s\u00e5 mye milit\u00e6r oppl\u00e6ring, at knapt noe annet Nato-land i Europa er mer militarisert akkurat n\u00e5.<\/p>\n<p>Finsk og svensk Nato-medlemskap har dessuten gitt Russland en potensiell frontlinje og motstandere de tidligere ikke hadde.<\/p>\n<p>\u2013 Risikoen ligger i at de samme mekanismene som gjorde at Russland feilberegnet situasjonen i Ukraina s\u00e5 grundig som de gjorde i 2022, kan f\u00f8re til en tilsvarende feillesing av europeisk politisk samhold og milit\u00e6r evne, til at de tror de kan komme unna med et avgrenset sjokkangrep. I tillegg m\u00e5 de europeiske landene reagere mer kontant p\u00e5 alle Russlands undergravingstiltak for at russerne ikke skal forledes til \u00e5 tro at europeerne er s\u00e5 svake at de kan lykkes med et avgrenset milit\u00e6rt angrep.<\/p>\n<p>                <img decoding=\"async\" src=\"https:\/\/www.europesays.com\/no\/wp-content\/uploads\/2025\/12\/1348075.webp\" width=\"480\" height=\"274\" title=\"Et bilde av \u00f8delagte russiske stridsvogner og pansrede kj\u00f8ret\u00f8y i landsbyen Dmytrivka, vest for Kyiv, Ukraina, 1. april 2022.\" alt=\"\" loading=\"lazy\" style=\"\"\/><\/p>\n<p>\n            Et bilde av \u00f8delagte russiske stridsvogner og pansrede kj\u00f8ret\u00f8y i landsbyen Dmytrivka, vest for Kyiv, Ukraina, 1. april 2022.<br \/>\n            Zohra Bensemra\n        <\/p>\n<p>\u2013 Russland har ikke ressurser til en st\u00f8rre krig mot Nato<\/p>\n<p class=\"italic m-italic\" data-lab-italic=\"italic\">\u2013 Hvor sterkt er Nato n\u00e5, og g\u00e5r opprustningen raskt nok for \u00e5 kunne avskrekke Putin?<\/p>\n<p>\u2013 Europeisk Nato alene er overlegne i lufta og p\u00e5 sj\u00f8en, men har en vei \u00e5 g\u00e5 p\u00e5 landstyrker. Selv om det er materiell- og styrkemessig paritet n\u00e5r en regner med Ukraina, s\u00e5 er det nok en god del som m\u00e5 gj\u00f8res p\u00e5 st\u00f8ttestrukturer, som strategisk logistikk. Men p\u00e5 det feltet har heller ikke Russland ressurser til en st\u00f8rre krig mot Nato.<\/p>\n<p>Mye kan gj\u00f8res med standardisering av lovverk og f\u00e5 til en milit\u00e6r \u00abSchengen-avtale\u00bb, som gj\u00f8r det like lett \u00e5 flytte milit\u00e6re styrker innen Europa som alt annet. I tillegg m\u00e5 strategisk infrastruktur, spesielt jernbane og bruer, oppgraderes kraftig for b\u00e5de deployering av reserver og etterforsyning, svarer Palle Ydsteb\u00f8.<\/p>\n","protected":false},"excerpt":{"rendered":"P\u00e5 samme m\u00e5te som Vladimir Putin tok sjansen p\u00e5 \u00e5 invadere Ukraina i februar 2022, kan Russland igjen&hellip;\n","protected":false},"author":2,"featured_media":121804,"comment_status":"","ping_status":"","sticky":false,"template":"","format":"standard","meta":{"footnotes":""},"categories":[12],"tags":[20,21,24,25,15,22,23,13,30,28,29,14,16,26,27,42,43,44,45],"class_list":{"0":"post-121803","1":"post","2":"type-post","3":"status-publish","4":"format-standard","5":"has-post-thumbnail","7":"category-verden","8":"tag-breaking-news","9":"tag-breakingnews","10":"tag-featured-news","11":"tag-featurednews","12":"tag-headlines","13":"tag-latest-news","14":"tag-latestnews","15":"tag-news","16":"tag-no","17":"tag-norge","18":"tag-norway","19":"tag-nyheter","20":"tag-overskrifter","21":"tag-top-stories","22":"tag-topstories","23":"tag-verden","24":"tag-world","25":"tag-world-news","26":"tag-worldnews"},"share_on_mastodon":{"url":"https:\/\/pubeurope.com\/@no\/115782019219202646","error":""},"_links":{"self":[{"href":"https:\/\/www.europesays.com\/no\/wp-json\/wp\/v2\/posts\/121803","targetHints":{"allow":["GET"]}}],"collection":[{"href":"https:\/\/www.europesays.com\/no\/wp-json\/wp\/v2\/posts"}],"about":[{"href":"https:\/\/www.europesays.com\/no\/wp-json\/wp\/v2\/types\/post"}],"author":[{"embeddable":true,"href":"https:\/\/www.europesays.com\/no\/wp-json\/wp\/v2\/users\/2"}],"replies":[{"embeddable":true,"href":"https:\/\/www.europesays.com\/no\/wp-json\/wp\/v2\/comments?post=121803"}],"version-history":[{"count":0,"href":"https:\/\/www.europesays.com\/no\/wp-json\/wp\/v2\/posts\/121803\/revisions"}],"wp:featuredmedia":[{"embeddable":true,"href":"https:\/\/www.europesays.com\/no\/wp-json\/wp\/v2\/media\/121804"}],"wp:attachment":[{"href":"https:\/\/www.europesays.com\/no\/wp-json\/wp\/v2\/media?parent=121803"}],"wp:term":[{"taxonomy":"category","embeddable":true,"href":"https:\/\/www.europesays.com\/no\/wp-json\/wp\/v2\/categories?post=121803"},{"taxonomy":"post_tag","embeddable":true,"href":"https:\/\/www.europesays.com\/no\/wp-json\/wp\/v2\/tags?post=121803"}],"curies":[{"name":"wp","href":"https:\/\/api.w.org\/{rel}","templated":true}]}}