{"id":121811,"date":"2025-12-25T20:16:17","date_gmt":"2025-12-25T20:16:17","guid":{"rendered":"https:\/\/www.europesays.com\/no\/121811\/"},"modified":"2025-12-25T20:16:17","modified_gmt":"2025-12-25T20:16:17","slug":"ikke-mulig-a-lande","status":"publish","type":"post","link":"https:\/\/www.europesays.com\/no\/121811\/","title":{"rendered":"&#8211; Ikke mulig \u00e5 lande"},"content":{"rendered":"<p class=\"kicker \" style=\"\">\u00abHjemme Alene\u00bb-filmene:\u00a0<\/p>\n<p>  35 \u00e5r etter at den f\u00f8rste \u00abHjemme Alene\u00bb-filmen kom ut, mimrer Brenda Fricker over Macaulay Culkin &#8211;\u00a0 og menneskene rundt ham.\u00a0<\/p>\n<p>\n    \u00abDUE-DAMA\u00bb: Brenda Fricker, som spilte rollen som due-dama i \u00abHjemme Alene 2: Flukten fra New York\u00bb. Hun gir et unikt innblikk i hvordan det var \u00e5 jobbe med barnestjerna Macaulay Culkin. Foto: 20th Century Fox\/Kobal\/REX\/NTB\n  <\/p>\n<p>Filmserien \u00abHjemme Alene\u00bb er for mange nordmenn et fast innslag i jula. Den f\u00f8rste filmen kom i 1990, og den feirer med det 35-\u00e5rs jubileum i \u00e5r.\u00a0<\/p>\n<p class=\"font-weight-bold m-font-weight-bold\" data-lab-font_weight=\"font-weight-bold\">Siden den gang har livet endret seg massivt for skuespillerne som spilte i filmene.\u00a0<\/p>\n<p>    <a itemprop=\"url\" href=\"https:\/\/www.dagbladet.no\/kjendis\/vil-fjerne-trump-fra-alene-hjemme\/73285596\" rel=\"nofollow noopener\" target=\"_blank\"><\/p>\n<p>        <img loading=\"lazy\" decoding=\"async\" src=\"https:\/\/www.europesays.com\/no\/wp-content\/uploads\/2025\/12\/73285681.webp\" width=\"980\" height=\"441\" title=\"Vil fjerne Trump fra \u00abAlene hjemme\u00bb\" alt=\"\" class=\"lazyload\" style=\"--aspect-ratio-image: 2.22; \"\/><\/p>\n<p>        Vil fjerne Trump fra \u00abAlene hjemme\u00bb<\/p>\n<p>    <\/a><\/p>\n<p> Macaulay Culkin (45), som spiller den snarr\u00e5dige ungen Kevin MacCallister, som blir forlatt hjemme alene i jula, var bare ti \u00e5r gammel da den f\u00f8rste filmen kom ut. N\u00e5 er han blitt 45 \u00e5r gammel.\u00a0\u00a0<\/p>\n<p> I tillegg til \u00abHjemme Alene\u00bb fra 1990, kom \u00abHjemme Alene 2: Flukten fra New York\u00bb i 1992. I etterkant kom det fire filmer til i serien, alle uten Culkin i hovedrollen, og uten Chris Colombus, som regisserte de to f\u00f8rste, i registolen.\u00a0\u00a0<\/p>\n<p>        <img loading=\"lazy\" decoding=\"async\" src=\"https:\/\/www.europesays.com\/no\/wp-content\/uploads\/2025\/12\/83997836.webp\" width=\"667\" height=\"454\" title=\"JULESTEMNING: I \u00abHjemme Alene 2\u00bb har Kevin McCallister klart \u00e5 havne i New York mutters alene i jula. Bandittene som fulgte ham i f\u00f8rste film var imidlertid p\u00e5 plass. Foto: Moviestore\/REX\/NTB\" alt=\"\" class=\"\" style=\"--aspect-ratio-image: 1.47; \"\/><\/p>\n<p>\n        JULESTEMNING: I \u00abHjemme Alene 2\u00bb har Kevin McCallister klart \u00e5 havne i New York mutters alene i jula. Bandittene som fulgte ham i f\u00f8rste film var imidlertid p\u00e5 plass. Foto: Moviestore\/REX\/NTB\n    <\/p>\n<p>Et stort press  <\/p>\n<p> I forbindelse med 35-\u00e5rsjubileet p\u00e5 den f\u00f8rste filmen har Culkin v\u00e6rt p\u00e5 en turn\u00e9 av visninger og publikumsamtaler, blant annet i California.\u00a0<\/p>\n<p>I oktober delte han refleksjoner om innspillingen av de to filmene til lokalradioen <a href=\"https:\/\/laist.com\/news\/arts-and-entertainment\/macaulay-culkin-on-home-alone-35-years-later\" rel=\"nofollow noopener\" target=\"_blank\">LAist<\/a>.\u00a0<\/p>\n<p>&#8211; Det f\u00f8les som tre fjerdedeler av livet siden, sier Culkin om innspillingen, som startet da han bare var ni \u00e5r gammel. <\/p>\n<p>        <img loading=\"lazy\" decoding=\"async\" src=\"https:\/\/www.europesays.com\/no\/wp-content\/uploads\/2025\/12\/83997766.webp\" width=\"980\" height=\"559\" title=\"GIFT: I dag er Macaulay Culkin gift med Disney Channel-skuespilleren Brenda Song (37). Sammen har de s\u00f8nnene Dakota (4) og Carson (3). Foto: Apu Gomes \/ AP \/ NTB\" alt=\"\" class=\"\" style=\"--aspect-ratio-image: 1.75; \"\/><\/p>\n<p>\n        GIFT: I dag er Macaulay Culkin gift med Disney Channel-skuespilleren Brenda Song (37). Sammen har de s\u00f8nnene Dakota (4) og Carson (3). Foto: Apu Gomes \/ AP \/ NTB\n    <\/p>\n<p> Han har fortalt at suksessen f\u00f8rte til at han raskt ble behandlet som voksen, b\u00e5de av filmbransjen og av menneskene rundt ham. Forventningene endret seg n\u00e6rmest over natten, sier han.\u00a0<\/p>\n<p>&#8211; Plutselig ba de meg om \u00e5 selge filmer, ikke bare v\u00e6re med i dem. <\/p>\n<p>        Vil du bo i \u00abHjemme alene\u00bb-huset? N\u00e5 er det til salgs!<\/p>\n<p> If\u00f8lge Culkin f\u00f8rte presset til at barndommen ble kortere enn for andre p\u00e5 samme alder.\u00a0<\/p>\n<p>&#8211; Folk sa hele tida \u00abdu er 11 og snart 30\u00bb, og jeg tenkte bare \u00abkan jeg ikke f\u00e5 v\u00e6re 11 og snart 12?\u00bb.<\/p>\n<p>        <img loading=\"lazy\" decoding=\"async\" src=\"https:\/\/www.europesays.com\/no\/wp-content\/uploads\/2025\/12\/83997762.webp\" width=\"686\" height=\"460\" title=\"BARNESKUESPILLER: Culkin var bare ni \u00e5r gammel da den f\u00f8rste \u00abHjemme Alene\u00bb-filmen ble spilt inn. Filmene gjorde at han ble verdensber\u00f8mt. Foto: Moviestore\/REX\/NTB\" alt=\"\" class=\"\" style=\"--aspect-ratio-image: 1.49; \"\/><\/p>\n<p>\n        BARNESKUESPILLER: Culkin var bare ni \u00e5r gammel da den f\u00f8rste \u00abHjemme Alene\u00bb-filmen ble spilt inn. Filmene gjorde at han ble verdensber\u00f8mt. Foto: Moviestore\/REX\/NTB\n    <\/p>\n<p>I tidsrommet 1994 til 2003 var det stille fra den popul\u00e6re barneskuespilleren.\u00a0<\/p>\n<p>I samme tidsrom ble han\u00a0<a href=\"https:\/\/www.dagbladet.no\/kjendis\/fyller-40-dette-gjor-han-na\/72780929\" rel=\"nofollow noopener\" target=\"_blank\">juridisk frigjort fra foreldrene<\/a>\u00a0sine som 14-\u00e5ring, etter at begge hadde fors\u00f8kt \u00e5 f\u00e5 kontroll over s\u00f8nnens formue p\u00e5 17 millioner kroner, da de skilte seg.<\/p>\n<p>    <a itemprop=\"url\" href=\"https:\/\/www.dagbladet.no\/kjendis\/sjokkerer-fansen-helt-uventet\/80630148\" rel=\"nofollow noopener\" target=\"_blank\"><\/p>\n<p>        <img loading=\"lazy\" decoding=\"async\" src=\"https:\/\/www.europesays.com\/no\/wp-content\/uploads\/2025\/12\/80631500.webp\" width=\"980\" height=\"441\" title=\"Sjokkerer fansen: - Helt uventet\" alt=\"\" class=\"lazyload\" style=\"--aspect-ratio-image: 2.22; \"\/><\/p>\n<p>        Sjokkerer fansen: &#8211; Helt uventet<\/p>\n<p>    <\/a><\/p>\n<p>&#8211; Selvf\u00f8lgelig endte han opp som rusavhengig<\/p>\n<p>Den irske skuespilleren Brenda Fricker (80) er b\u00e5de prisbel\u00f8nt og erfaren. Hun mottok blant annet en Oscar for beste kvinnelige skuespiller i en birolle i 1990, for rollen som Christy Brown i filmen \u00abMy Left Foot\u00bb<\/p>\n<p>    <a itemprop=\"url\" href=\"https:\/\/www.dagbladet.no\/kjendis\/die-hard-debatt-ikke-en-julefilm\/83875183\" rel=\"nofollow noopener\" target=\"_blank\"><\/p>\n<p>        <img loading=\"lazy\" decoding=\"async\" src=\"https:\/\/www.europesays.com\/no\/wp-content\/uploads\/2025\/12\/1766693775_550_74878819.webp\" width=\"980\" height=\"441\" title=\"\u00abDie Hard\u00bb-debatt: - Ikke en julefilm\" alt=\"\" class=\"lazyload\" style=\"--aspect-ratio-image: 2.22; \"\/><\/p>\n<p>        \u00abDie Hard\u00bb-debatt: &#8211; Ikke en julefilm<\/p>\n<p>    <\/a><\/p>\n<p class=\"font-weight-bold m-font-weight-bold\" data-lab-font_weight=\"font-weight-bold\">For norske juleentusiaster er hun ogs\u00e5 kjent som som \u00abdue-dama\u00bb som Kevin McCallister blir venn med i \u00abAlene Hjemme 2: Flukten fra New York\u00bb.\u00a0<\/p>\n<p>I dag har hun rukkket \u00e5 bli 80 \u00e5r, og har flyttet tilbake til hjemstedet, Irland.\u00a0<\/p>\n<p>        <img loading=\"lazy\" decoding=\"async\" src=\"https:\/\/www.europesays.com\/no\/wp-content\/uploads\/2025\/12\/83997872.webp\" width=\"686\" height=\"467\" title=\"BORTSKJEMT: If\u00f8lge Brenda Fricker var 12 \u00e5r gamle Culkin omgitt av mennesker som gjorde ham sv\u00e6rt bortskjemt under innspillingen av \u00abHjemme Alene 2\u00bb. Foto: Andy Schwartz\/20th Century Fox\/Kobal\/REX\/NTB\" alt=\"\" class=\"\" style=\"--aspect-ratio-image: 1.47; \"\/><\/p>\n<p>\n        BORTSKJEMT: If\u00f8lge Brenda Fricker var 12 \u00e5r gamle Culkin omgitt av mennesker som gjorde ham sv\u00e6rt bortskjemt under innspillingen av \u00abHjemme Alene 2\u00bb. Foto: Andy Schwartz\/20th Century Fox\/Kobal\/REX\/NTB\n    <\/p>\n<p>I september ble 80-\u00e5ringen intervjuet av <a href=\"https:\/\/www.theguardian.com\/film\/2025\/sep\/17\/oscar-winner-brenda-fricker-devastating-memoir-ireland-rape-grooming-abuse\" rel=\"nofollow noopener\" target=\"_blank\">The Guardian<\/a>, der hun \u00e5pnet seg om \u00e5 jobbe med julefilmens hovedrolleinnhaver, tolv \u00e5r gamle Culkin.\u00a0<\/p>\n<p> Hun beskriver barnestjerna som et sjarmerende og veldig vakkert barn, men at menneskene rundt ham hadde gjort ham ekstremt bortskjemt. <\/p>\n<p>        SAMLET: Onsdag var kronprinsfamilien p\u00e5 bes\u00f8k hos Langerudhjemmet i Oslo, og b\u00e5de store og sm\u00e5 fikk en julehilsen fra familien. Reporter\/Video: Danny Son Ngoc To. <\/p>\n<p class=\"font-weight-bold m-font-weight-bold\" data-lab-font_weight=\"font-weight-bold\">&#8211; Selvf\u00f8lgelig endte han opp som rusavhengig. Hva annet skulle han gj\u00f8re?\u00a0<\/p>\n<p>Trakk seg vekk fra rampelyset<\/p>\n<p class=\"font-weight-bold m-font-weight-bold\" data-lab-font_weight=\"font-weight-bold\"> En annen som gjorde stor sukess i den f\u00f8rste filmen, var Daniel Stern (69) som spilte tyven Marv. Han var \u00e5 se i b\u00e5de eneren og toeren av filmserien, der publikum f\u00e5r se ham gjennomg\u00e5 av unggutten.\u00a0<\/p>\n<p class=\"font-weight-bold m-font-weight-bold\" data-lab-font_weight=\"font-weight-bold\"> Til tross for braksuksessen, valgte ikke Stern \u00e5 holde p\u00e5 kjendisstatusen. I dag lever han et helt annet liv, skriver\u00a0<a href=\"https:\/\/nypost.com\/2024\/12\/20\/entertainment\/why-home-alone-star-daniel-stern-left-hollywood-to-raise-cattle-and-grow-tangerines\/\" target=\"_blank\" rel=\"nofollow noopener\">New York Post<\/a>. <\/p>\n<p>        <img loading=\"lazy\" decoding=\"async\" src=\"https:\/\/www.europesays.com\/no\/wp-content\/uploads\/2025\/12\/83997894.webp\" width=\"980\" height=\"559\" title=\"FIKK BANK: Daniel Stern (t.v.) og Joe Pesci (82) spiller de to bandittene som pr\u00f8vde \u00e5 rane McCallister-huset. Det ble greit d\u00e5rlig stemning da Kevin McCallister hadde satt opp feller. Foto: Moviestore\/REX\/NTB\" alt=\"\" class=\"\" style=\"--aspect-ratio-image: 1.75; \"\/><\/p>\n<p>\n        FIKK BANK: Daniel Stern (t.v.) og Joe Pesci (82) spiller de to bandittene som pr\u00f8vde \u00e5 rane McCallister-huset. Det ble greit d\u00e5rlig stemning da Kevin McCallister hadde satt opp feller. Foto: Moviestore\/REX\/NTB\n    <\/p>\n<p>Han har nemlig flyttet til en g\u00e5rd ved Ventura i California, som ligger midt mellom Los Angeles og Santa Barbara.\u00a0<\/p>\n<p>P\u00e5 egen\u00a0<a href=\"https:\/\/www.tiktok.com\/@realdanielstern0\" target=\"_blank\" rel=\"nofollow noopener\">TikTok<\/a>\u00a0deler han videoer fra hverdagen p\u00e5 g\u00e5rden, hvor han viser fram storfe og selvlagde skulpturer. I tillegg dyrker han frukt.<\/p>\n<p> \u00abHei, som du kommer til \u00e5 oppdage, bor jeg p\u00e5 en g\u00e5rd, og vi dyrker mandariner her. Jeg lager juice av dem, fryser dem ned, og gir dem bort til vennene mine\u00bb, forteller Stern i en TikTok-video som gikk viralt i fjor.\u00a0<\/p>\n<p><script async src=\"\/\/www.tiktok.com\/embed.js\"><\/script><\/p>\n","protected":false},"excerpt":{"rendered":"\u00abHjemme Alene\u00bb-filmene:\u00a0 35 \u00e5r etter at den f\u00f8rste \u00abHjemme Alene\u00bb-filmen kom ut, mimrer Brenda Fricker over Macaulay Culkin&hellip;\n","protected":false},"author":2,"featured_media":121812,"comment_status":"","ping_status":"","sticky":false,"template":"","format":"standard","meta":{"footnotes":""},"categories":[10],"tags":[20,21,24,25,15,2539,22,23,13,30,28,29,14,16,26,27],"class_list":{"0":"post-121811","1":"post","2":"type-post","3":"status-publish","4":"format-standard","5":"has-post-thumbnail","7":"category-norge","8":"tag-breaking-news","9":"tag-breakingnews","10":"tag-featured-news","11":"tag-featurednews","12":"tag-headlines","13":"tag-innenriks","14":"tag-latest-news","15":"tag-latestnews","16":"tag-news","17":"tag-no","18":"tag-norge","19":"tag-norway","20":"tag-nyheter","21":"tag-overskrifter","22":"tag-top-stories","23":"tag-topstories"},"share_on_mastodon":{"url":"https:\/\/pubeurope.com\/@no\/115782050896323435","error":""},"_links":{"self":[{"href":"https:\/\/www.europesays.com\/no\/wp-json\/wp\/v2\/posts\/121811","targetHints":{"allow":["GET"]}}],"collection":[{"href":"https:\/\/www.europesays.com\/no\/wp-json\/wp\/v2\/posts"}],"about":[{"href":"https:\/\/www.europesays.com\/no\/wp-json\/wp\/v2\/types\/post"}],"author":[{"embeddable":true,"href":"https:\/\/www.europesays.com\/no\/wp-json\/wp\/v2\/users\/2"}],"replies":[{"embeddable":true,"href":"https:\/\/www.europesays.com\/no\/wp-json\/wp\/v2\/comments?post=121811"}],"version-history":[{"count":0,"href":"https:\/\/www.europesays.com\/no\/wp-json\/wp\/v2\/posts\/121811\/revisions"}],"wp:featuredmedia":[{"embeddable":true,"href":"https:\/\/www.europesays.com\/no\/wp-json\/wp\/v2\/media\/121812"}],"wp:attachment":[{"href":"https:\/\/www.europesays.com\/no\/wp-json\/wp\/v2\/media?parent=121811"}],"wp:term":[{"taxonomy":"category","embeddable":true,"href":"https:\/\/www.europesays.com\/no\/wp-json\/wp\/v2\/categories?post=121811"},{"taxonomy":"post_tag","embeddable":true,"href":"https:\/\/www.europesays.com\/no\/wp-json\/wp\/v2\/tags?post=121811"}],"curies":[{"name":"wp","href":"https:\/\/api.w.org\/{rel}","templated":true}]}}