{"id":121813,"date":"2025-12-25T20:17:08","date_gmt":"2025-12-25T20:17:08","guid":{"rendered":"https:\/\/www.europesays.com\/no\/121813\/"},"modified":"2025-12-25T20:17:08","modified_gmt":"2025-12-25T20:17:08","slug":"hvordan-unngar-man-magetrobbel-i-julen-stavanger-aftenblad","status":"publish","type":"post","link":"https:\/\/www.europesays.com\/no\/121813\/","title":{"rendered":"Hvordan unng\u00e5r man magetr\u00f8bbel i julen? &#8211; Stavanger Aftenblad"},"content":{"rendered":"<ol>\n<li><a href=\"https:\/\/news.google.com\/rss\/articles\/CBMiigFBVV95cUxQX3owVlUtU3c1YXhDSDNQX0lNZG53clRVVzF4dEdDWkhDNlI0RzZqTlUwaVdEcUNzLTlzV25yLWtWRG13V2FudEM3MUJ1SXlESXBIY210TjdYYUJHMFpZaWdoY21VTktaQXpWQkFxaVh0Tm84RGdMeWtIdGJMak1PU0huanF5QmxhVVE?oc=5\" target=\"_blank\" rel=\"nofollow noopener\">Hvordan unng\u00e5r man magetr\u00f8bbel i julen?<\/a>&nbsp;&nbsp;Stavanger Aftenblad<\/li>\n<li><a href=\"https:\/\/news.google.com\/rss\/articles\/CBMijAFBVV95cUxQYVVISzZIVnJvZlNIMkdqbUVabC1Rck5CSmh3ZUxJdEY3QmgwYkRzbEs0QjEwN3NzSkNZQm9jcFB1WVdpdlRDV2ZxNWdzM2xMSl81cHZtRHpaeU1RQXZXczFzMkdKU3B1VDFfaXZJLUhxVnltWDVvODE3UnFzV0NBMXF5NGFqMG1oSjhKRw?oc=5\" target=\"_blank\" rel=\"nofollow noopener\">Jeg trodde det var ribba som \u00f8dela magen i jula. Jeg tok feil<\/a>&nbsp;&nbsp;adressa.no<\/li>\n<li><a href=\"https:\/\/news.google.com\/rss\/articles\/CBMinwFBVV95cUxQNm53Rm9Hb3pMMmkxTFhmV0VhMDhqYXNlUmlVQ3R0dGoxUW9Wbi1fQ2FLMzZiMXdfVGRPRUxzamo2RGdOQm9fd3ZMVDlJbjg5OW50QWExRmV0QjJnem1oVnV0RlBVOTJDbndTU0oxZWhTcXI0bjhIb3N3ZjBZS0tIMHN0dGRPSkdFOG96aUpXYTl6UTU1clMyVzFTYnF6RTg?oc=5\" target=\"_blank\" rel=\"nofollow noopener\">Julemat kan gi magevondt og forstoppelse: Slik unng\u00e5r du det<\/a>&nbsp;&nbsp;Nationen<\/li>\n<li><a href=\"https:\/\/news.google.com\/rss\/articles\/CBMiakFVX3lxTE9SNUdpOXU0YTlfN1Nub201dEQtLXhCaUVITWFvU1RjSVdwRmhHeXRWMmFwUFd6cXdiQmJ6YVI5RTc2dVBiemRadVdyejFFdFM0SmZOX3dHbnRoV1BFNm9DOXZFSFVib1h3NFE?oc=5\" target=\"_blank\" rel=\"nofollow noopener\">Slik f\u00e5r du en sunn jul<\/a>&nbsp;&nbsp;NHI.no<\/li>\n<li><a href=\"https:\/\/news.google.com\/rss\/articles\/CBMiigFBVV95cUxPVjllLXBCQWF6R2JTTU8xblU4NEwzVGxLeHFDMkpDdmFwc00xN2FNOTVqQUVsaTZ2bm5aRXE4TG5fMS1MM3E2TmlKN0M5WURfbjUxXzZxRHdOUVkxMkZnelZ5QlVWOEF5c1E5VEMyaFZyT1lnOVhoeWZKNEpDNlJNWUxPSVJMM1JhVkE?oc=5\" target=\"_blank\" rel=\"nofollow noopener\">(+) Slik unng\u00e5r du magevondt og forstopping i jula<\/a>&nbsp;&nbsp;B\u00f8 Blad<\/li>\n<\/ol>\n","protected":false},"excerpt":{"rendered":"Hvordan unng\u00e5r man magetr\u00f8bbel i julen?&nbsp;&nbsp;Stavanger Aftenblad Jeg trodde det var ribba som \u00f8dela magen i jula. Jeg&hellip;\n","protected":false},"author":2,"featured_media":121814,"comment_status":"","ping_status":"","sticky":false,"template":"","format":"standard","meta":{"footnotes":""},"categories":[5],"tags":[20,21,24,25,15,19,22,23,17,18,13,30,28,29,14,16,26,27],"class_list":{"0":"post-121813","1":"post","2":"type-post","3":"status-publish","4":"format-standard","5":"has-post-thumbnail","7":"category-overskrifter","8":"tag-breaking-news","9":"tag-breakingnews","10":"tag-featured-news","11":"tag-featurednews","12":"tag-headlines","13":"tag-hovedoppslag","14":"tag-latest-news","15":"tag-latestnews","16":"tag-main-news","17":"tag-mainnews","18":"tag-news","19":"tag-no","20":"tag-norge","21":"tag-norway","22":"tag-nyheter","23":"tag-overskrifter","24":"tag-top-stories","25":"tag-topstories"},"share_on_mastodon":{"url":"https:\/\/pubeurope.com\/@no\/115782054333647400","error":""},"_links":{"self":[{"href":"https:\/\/www.europesays.com\/no\/wp-json\/wp\/v2\/posts\/121813","targetHints":{"allow":["GET"]}}],"collection":[{"href":"https:\/\/www.europesays.com\/no\/wp-json\/wp\/v2\/posts"}],"about":[{"href":"https:\/\/www.europesays.com\/no\/wp-json\/wp\/v2\/types\/post"}],"author":[{"embeddable":true,"href":"https:\/\/www.europesays.com\/no\/wp-json\/wp\/v2\/users\/2"}],"replies":[{"embeddable":true,"href":"https:\/\/www.europesays.com\/no\/wp-json\/wp\/v2\/comments?post=121813"}],"version-history":[{"count":0,"href":"https:\/\/www.europesays.com\/no\/wp-json\/wp\/v2\/posts\/121813\/revisions"}],"wp:featuredmedia":[{"embeddable":true,"href":"https:\/\/www.europesays.com\/no\/wp-json\/wp\/v2\/media\/121814"}],"wp:attachment":[{"href":"https:\/\/www.europesays.com\/no\/wp-json\/wp\/v2\/media?parent=121813"}],"wp:term":[{"taxonomy":"category","embeddable":true,"href":"https:\/\/www.europesays.com\/no\/wp-json\/wp\/v2\/categories?post=121813"},{"taxonomy":"post_tag","embeddable":true,"href":"https:\/\/www.europesays.com\/no\/wp-json\/wp\/v2\/tags?post=121813"}],"curies":[{"name":"wp","href":"https:\/\/api.w.org\/{rel}","templated":true}]}}