{"id":121831,"date":"2025-12-25T20:38:09","date_gmt":"2025-12-25T20:38:09","guid":{"rendered":"https:\/\/www.europesays.com\/no\/121831\/"},"modified":"2025-12-25T20:38:09","modified_gmt":"2025-12-25T20:38:09","slug":"uvaer-vaer-kraftig-storm-pa-vei-kan-bli-orkan","status":"publish","type":"post","link":"https:\/\/www.europesays.com\/no\/121831\/","title":{"rendered":"Uv\u00e6r, V\u00e6r | Kraftig storm p\u00e5 vei: \u2013 Kan bli orkan"},"content":{"rendered":"\n<p>En durabelig vinterstorm er p\u00e5 vei mot Nord-Norge. Om ettermiddagen 1. juledag ser det ut til at den treffer Troms tredje juledag, alts\u00e5 l\u00f8rdag formiddag.<\/p>\n<p>Det forteller vakthavende meteorolog H\u00e5vard Thorset ved Meteorologisk institutt.<\/p>\n<p>De har sendt ut oransje farevarsel for sv\u00e6rt kraftige vindkast. Varselet gjelder blant annet Senja, S\u00f8r-Troms, Vester\u00e5len, Lofoten og deler av Salten.<\/p>\n<p>For Troms\u00f8s del er det sendt ut gult farevarsel for kraftige vindkast.<\/p>\n<p>\u2013 Det er en kraftig storm og det er derfor vi har sendt ut det oransje varselet. Vinden kan bli heftig. Det kan bli orkan, sier meteorologen.<\/p>\n<p>Regner med forsinkelser<\/p>\n<p>Konsekvensene vil bli betydelige.<\/p>\n<p>\u2013 Man m\u00e5 regne med forsinkelser i flytrafikk og b\u00e5ttrafikk, samt vanskelige kj\u00f8reforhold som f\u00f8lge av kombinasjonen kraftig vind og sn\u00f8, sier Thorset.<\/p>\n<p>Han ansl\u00e5r at uv\u00e6ret treffer Troms\u00f8 by i ni-titiden l\u00f8rdag formiddag. Deretter vil det bl\u00e5se kraftig i \u00e5tte-ti timer.<\/p>\n<p>\u2013 Det blir aller verst de f\u00f8rste par timene. Deretter minker det gradvis utover l\u00f8rdagen, sier Thorset.<\/p>\n<p>  <a data-static=\"\" href=\"#skip-\" class=\"brick-c-fgNmNC\">Hopp over karusellen.<\/a><\/p>\n<p data-static=\"\" class=\"brick-c-fgNmNC\" id=\"carousel-title-\">Innholdskarusell med 5 artikler.<\/p>\n<p>Vinter-comeback<\/p>\n<p>Uv\u00e6ret gj\u00f8r slutt p\u00e5 mildv\u00e6rsperioden og tar vinteren med seg tilbake til Nord-Norge.<\/p>\n<p>\u2013 Det kommer et nytt, men mindre kraftig lavtrykk p\u00e5 s\u00f8ndagen. Da vil temperaturen midlertidig kunne havne p\u00e5 pluss-siden igjen, med sludd i stedet for sn\u00f8. Men n\u00e5r dette lavtrykket har passert, s\u00e5 er vinteren tilbake i nord. Neste uke blir det p\u00e5fyll med en god del sn\u00f8, f\u00f8r det ser ut til \u00e5 kanskje roe seg mot nytt\u00e5rsaften, sier meteorologen.<\/p>\n<p>If\u00f8lge 21-dagersprognosen p\u00e5 yr.no ser f\u00f8rste halvdel av januar ut til \u00e5 bli vinterlig.<\/p>\n","protected":false},"excerpt":{"rendered":"En durabelig vinterstorm er p\u00e5 vei mot Nord-Norge. Om ettermiddagen 1. juledag ser det ut til at den&hellip;\n","protected":false},"author":2,"featured_media":121832,"comment_status":"","ping_status":"","sticky":false,"template":"","format":"standard","meta":{"footnotes":""},"categories":[10],"tags":[36,20,21,24,25,15,22,23,13,30,28,29,14,16,6631,1510,26,27,3230,553],"class_list":{"0":"post-121831","1":"post","2":"type-post","3":"status-publish","4":"format-standard","5":"has-post-thumbnail","7":"category-norge","8":"tag-art","9":"tag-breaking-news","10":"tag-breakingnews","11":"tag-featured-news","12":"tag-featurednews","13":"tag-headlines","14":"tag-latest-news","15":"tag-latestnews","16":"tag-news","17":"tag-no","18":"tag-norge","19":"tag-norway","20":"tag-nyheter","21":"tag-overskrifter","22":"tag-storm","23":"tag-story","24":"tag-top-stories","25":"tag-topstories","26":"tag-uvaer","27":"tag-vaer"},"share_on_mastodon":{"url":"https:\/\/pubeurope.com\/@no\/115782137137196696","error":""},"_links":{"self":[{"href":"https:\/\/www.europesays.com\/no\/wp-json\/wp\/v2\/posts\/121831","targetHints":{"allow":["GET"]}}],"collection":[{"href":"https:\/\/www.europesays.com\/no\/wp-json\/wp\/v2\/posts"}],"about":[{"href":"https:\/\/www.europesays.com\/no\/wp-json\/wp\/v2\/types\/post"}],"author":[{"embeddable":true,"href":"https:\/\/www.europesays.com\/no\/wp-json\/wp\/v2\/users\/2"}],"replies":[{"embeddable":true,"href":"https:\/\/www.europesays.com\/no\/wp-json\/wp\/v2\/comments?post=121831"}],"version-history":[{"count":0,"href":"https:\/\/www.europesays.com\/no\/wp-json\/wp\/v2\/posts\/121831\/revisions"}],"wp:featuredmedia":[{"embeddable":true,"href":"https:\/\/www.europesays.com\/no\/wp-json\/wp\/v2\/media\/121832"}],"wp:attachment":[{"href":"https:\/\/www.europesays.com\/no\/wp-json\/wp\/v2\/media?parent=121831"}],"wp:term":[{"taxonomy":"category","embeddable":true,"href":"https:\/\/www.europesays.com\/no\/wp-json\/wp\/v2\/categories?post=121831"},{"taxonomy":"post_tag","embeddable":true,"href":"https:\/\/www.europesays.com\/no\/wp-json\/wp\/v2\/tags?post=121831"}],"curies":[{"name":"wp","href":"https:\/\/api.w.org\/{rel}","templated":true}]}}