{"id":121833,"date":"2025-12-25T20:39:10","date_gmt":"2025-12-25T20:39:10","guid":{"rendered":"https:\/\/www.europesays.com\/no\/121833\/"},"modified":"2025-12-25T20:39:10","modified_gmt":"2025-12-25T20:39:10","slug":"far-vann-i-munnen-av-ryktene","status":"publish","type":"post","link":"https:\/\/www.europesays.com\/no\/121833\/","title":{"rendered":"F\u00e5r vann i munnen av ryktene:"},"content":{"rendered":"<p>Overgangsguruen Fabrizio Romano melder at Manchester City kan v\u00e6re i ferd med \u00e5 sikre seg Bournemouth-stjernen Antoine Semenyo, og at det kan f\u00e5 konsekvenser for Oscar Bobbs fremtid.\u00a0<\/p>\n<p>\u2013 Dersom Manchester City klarer \u00e5 komme i m\u00e5l med Semenyo-handelen, som vi forventer, er jeg fortalt at Bobb kan komme til \u00e5 forlate klubben i januarvinduet. Det er en konkret sjanse for det, sier Romano\u00a0<a href=\"https:\/\/www.youtube.com\/watch?app=desktop&amp;v=dK_BniG49Mo\" target=\"_blank\" rel=\"nofollow noopener\">i en video publisert p\u00e5 Youtube<\/a>.<\/p>\n<p>\u2013 Helt gull<\/p>\n<p>Han sier at blant annet Crystal Palace er interessert, men ikke nok med det: Ogs\u00e5 Borussia Dortmund, som gjentatte ganger har hatt suksess med \u00e5 hente unge, lovende spillere fra Premier League, kobles til nordmannen.<\/p>\n<p>Om Semenyo ankommer, er det bare \u00e5 komme seg vekk, mener TV 2s fotballekspert Simen Stams\u00f8-M\u00f8ller.<\/p>\n<p>\u2013 Jajaja, han havner bare lenger bak i k\u00f8en, p\u00e5peker Stams\u00f8-M\u00f8ller, som\u00a0mener Dortmund er et bunnsolid alternativ for 22-\u00e5ringen.\u00a0<\/p>\n<p>\u2013 Helt gull, h\u00f8res ut som en topp l\u00f8sning, sl\u00e5r han fast.\u00a0<\/p>\n<p>Det er det flere grunner til. F\u00f8rst og fremst for Oscar Bobbs egen del.\u00a0<\/p>\n<p>\u2013 Om du tenker p\u00e5 situasjonen hans n\u00e5, s\u00e5 spiller han for lite.<br \/>\nHan har opplevd mye og kommet langt, men har mye igjen \u00e5 bevise og sikkert en<br \/>\ndel utvikling igjen. Det f\u00e5r han med \u00e5 spille jevnt og trutt p\u00e5 et s\u00e5 h\u00f8yt niv\u00e5<br \/>\nsom mulig, p\u00e5peker Stams\u00f8-M\u00f8ller.<\/p>\n<p>\u2013 Kan bety mye for Norge<\/p>\n<p>Han tror den tyske giganten vil v\u00e6re en god match for Bobb.<\/p>\n<p>\u2013 Jeg tror Borussia Dortmund vil passe ham veldig godt. De er<br \/>\nkjent for \u00e5 ta vare p\u00e5 spillerne og utvikle de. Det er en d\u00e5rligere liga, men<br \/>\nhan f\u00e5r utfolde seg mer sportslig. Jeg ser flest plusser i dette, sier han.\u00a0<\/p>\n<p>Men en overgang til Dortmund kan ogs\u00e5 vise seg \u00e5 v\u00e6re en perfekt l\u00f8sning for det norske landslaget.<\/p>\n<p>\u2013 For St\u00e5le Solbakken er det godt nytt, fastsl\u00e5r Stams\u00f8-M\u00f8ller.\u00a0<\/p>\n<p>        <img class=\"image__img lazyload\" itemprop=\"image\" title=\"Foto: Erik Flaaris Johansen \/ NTB\" alt=\"FRA HAALAND TIL RYERSON? Oscar Bobb p\u00e5 f\u00e5 en ny landslagskompis i klubbhverdagen. Foto: Erik Flaaris Johansen \/ NTB\" width=\"675\" height=\"379\" bad-src=\"https:\/\/www.europesays.com\/no\/wp-content\/uploads\/2025\/12\/18412725.webp\" fetchpriority=\"auto\" \/><\/p>\n<p>      FRA HAALAND TIL RYERSON? Oscar Bobb p\u00e5 f\u00e5 en ny landslagskompis i klubbhverdagen.<br \/>\n         Foto: Erik Flaaris Johansen \/ NTB<\/p>\n<p>Det kan nemlig gi Norge en god fordel f\u00f8r sommerens fotball-VM.\u00a0<\/p>\n<p>\u2013 Hvis Ryerson, som har v\u00e6rt litt inn og ut av laget, f\u00e5r<br \/>\nplassen fast tilbake, kan det bety mye for Norges del om de blir samspilte p\u00e5<br \/>\nh\u00f8yresiden hos Dortmund, p\u00e5peker fotballeksperten. <\/p>\n<p>Ryerson har for \u00f8vrig <a href=\"https:\/\/www.tv2.no\/sport\/sky-sports-ryerson-onsket-av-barcelona\/18387664\/\" rel=\"nofollow noopener\" target=\"_blank\">nylig blitt koblet til Barcelona<\/a>.<\/p>\n<p>\u2013 R\u00e5skap<\/p>\n<p>Stams\u00f8-M\u00f8ller tror ogs\u00e5 en Semenyo-overgang kan v\u00e6re riktig for City.<\/p>\n<p>\u2013 City m\u00e5 ha noen \u00abgame changere\u00bb. N\u00e5r Doku blir skadet, mister de x-faktor. De m\u00e5 ha noen som bryter m\u00f8nstre og er r\u00e5. Semenyo har en r\u00e5skap jeg tror<br \/>\nGuardiola har veldig lyst p\u00e5 for \u00e5 nedkjempe Arsenal, p\u00e5peker han, og legger til:\u00a0<\/p>\n<p>\u2013 De trenger bedre dekning, for Arsenal har en s\u00e5 sinnssyk<br \/>\nsterk bredde i troppen. Det spisser konkurransen ytterligere.<\/p>\n<p>        <img class=\"image__img lazyload\" itemprop=\"image\" title=\"Foto: PETER POWELL \/ AFP \/ NTB\" alt=\"GULLBILLETTEN? Er det Antoine Semenyo som er siste brikke i Manchester Citys tittel-puslespill? Foto: PETER POWELL \/ AFP \/ NTB\" width=\"675\" height=\"426\" bad-src=\"https:\/\/www.europesays.com\/no\/wp-content\/uploads\/2025\/12\/18412729.webp\" fetchpriority=\"auto\" \/><\/p>\n<p>      GULLBILLETTEN? Er det Antoine Semenyo som er siste brikke i Manchester Citys tittel-puslespill?<br \/>\n         Foto: PETER POWELL \/ AFP \/ NTB<\/p>\n<p>Men selv om overgangen skulle g\u00e5 i boks, mener han ikke det gj\u00f8r City til tittelfavoritter.\u00a0<\/p>\n<p>\u2013 Arsenal er fortsatt favoritter, de ligger fortsatt litt<br \/>\nforan, har v\u00e6rt utrolig gode og f\u00e5r skadede spillere tilbake. Men momentumet kan<br \/>\nskifte fra uke til uke, og forskjellen blir knappere og knappere, sier TV 2s ekspert.<\/p>\n<p>Men;<\/p>\n<p>\u2013 N\u00e5 er det 55\/45 i fav\u00f8r Arsenal, men slik var det ikke for en<br \/>\nm\u00e5ned siden. City kommer n\u00e5. De trives n\u00e5r de jager bakfra, det har de gjort<br \/>\nmed Liverpool f\u00f8r under Guardiola, p\u00e5peker Stams\u00f8-M\u00f8ller.<\/p>\n<p>        <img class=\"image__img lazyload\" itemprop=\"image\" title=\"Foto: Mike Egerton \/ Pa Photos \/ NTB\" alt=\"FORTSATT FAVORITT: Men Simen Stams\u00f8-M\u00f8ller er klar p\u00e5 at Martin \u00d8degaard og Arsenal m\u00e5 passe seg for Manchester City. Foto: Mike Egerton \/ Pa Photos \/ NTB\" width=\"675\" height=\"379\" bad-src=\"https:\/\/www.europesays.com\/no\/wp-content\/uploads\/2025\/12\/18412733.webp\" fetchpriority=\"auto\" \/><\/p>\n<p>      FORTSATT FAVORITT: Men Simen Stams\u00f8-M\u00f8ller er klar p\u00e5 at Martin \u00d8degaard og Arsenal m\u00e5 passe seg for Manchester City.<br \/>\n         Foto: Mike Egerton \/ Pa Photos \/ NTB<\/p>\n<p>Da er det bare \u00e5 glede seg til \u00e5 f\u00f8lge fortsettelsen med de to norske superstjernene Martin \u00d8degaard og Erling Braut Haaland i spissen for hver sin tittelkandidat. <\/p>\n<p>\u2013 Arsenal skal ikke f\u00f8le seg trygge, det blir et fantastisk<br \/>\nrace med to nordmenn i hovedrollene. Og s\u00e5 er det godt om sistemann drar og f\u00e5r<br \/>\nspille f\u00f8r VM.<\/p>\n","protected":false},"excerpt":{"rendered":"Overgangsguruen Fabrizio Romano melder at Manchester City kan v\u00e6re i ferd med \u00e5 sikre seg Bournemouth-stjernen Antoine Semenyo,&hellip;\n","protected":false},"author":2,"featured_media":121834,"comment_status":"","ping_status":"","sticky":false,"template":"","format":"standard","meta":{"footnotes":""},"categories":[5],"tags":[20,21,24,25,15,19,22,23,17,18,13,30,28,29,14,16,26,27],"class_list":{"0":"post-121833","1":"post","2":"type-post","3":"status-publish","4":"format-standard","5":"has-post-thumbnail","7":"category-overskrifter","8":"tag-breaking-news","9":"tag-breakingnews","10":"tag-featured-news","11":"tag-featurednews","12":"tag-headlines","13":"tag-hovedoppslag","14":"tag-latest-news","15":"tag-latestnews","16":"tag-main-news","17":"tag-mainnews","18":"tag-news","19":"tag-no","20":"tag-norge","21":"tag-norway","22":"tag-nyheter","23":"tag-overskrifter","24":"tag-top-stories","25":"tag-topstories"},"share_on_mastodon":{"url":"https:\/\/pubeurope.com\/@no\/115782140781909561","error":""},"_links":{"self":[{"href":"https:\/\/www.europesays.com\/no\/wp-json\/wp\/v2\/posts\/121833","targetHints":{"allow":["GET"]}}],"collection":[{"href":"https:\/\/www.europesays.com\/no\/wp-json\/wp\/v2\/posts"}],"about":[{"href":"https:\/\/www.europesays.com\/no\/wp-json\/wp\/v2\/types\/post"}],"author":[{"embeddable":true,"href":"https:\/\/www.europesays.com\/no\/wp-json\/wp\/v2\/users\/2"}],"replies":[{"embeddable":true,"href":"https:\/\/www.europesays.com\/no\/wp-json\/wp\/v2\/comments?post=121833"}],"version-history":[{"count":0,"href":"https:\/\/www.europesays.com\/no\/wp-json\/wp\/v2\/posts\/121833\/revisions"}],"wp:featuredmedia":[{"embeddable":true,"href":"https:\/\/www.europesays.com\/no\/wp-json\/wp\/v2\/media\/121834"}],"wp:attachment":[{"href":"https:\/\/www.europesays.com\/no\/wp-json\/wp\/v2\/media?parent=121833"}],"wp:term":[{"taxonomy":"category","embeddable":true,"href":"https:\/\/www.europesays.com\/no\/wp-json\/wp\/v2\/categories?post=121833"},{"taxonomy":"post_tag","embeddable":true,"href":"https:\/\/www.europesays.com\/no\/wp-json\/wp\/v2\/tags?post=121833"}],"curies":[{"name":"wp","href":"https:\/\/api.w.org\/{rel}","templated":true}]}}