{"id":121835,"date":"2025-12-25T20:45:28","date_gmt":"2025-12-25T20:45:28","guid":{"rendered":"https:\/\/www.europesays.com\/no\/121835\/"},"modified":"2025-12-25T20:45:28","modified_gmt":"2025-12-25T20:45:28","slug":"jerngrepet-har-losnet","status":"publish","type":"post","link":"https:\/\/www.europesays.com\/no\/121835\/","title":{"rendered":"&#8211; Jerngrepet har l\u00f8snet"},"content":{"rendered":"<p>Natt til torsdag talte Donald Trump til nasjonen fra Det hvite hus. I talen snakket han\u00a0blant annet om redusert inflasjon, sikring av grensen mot Mexico, kamp mot narkotikasmugling \u2013 og lovet at 2026 blir enda bedre.<\/p>\n<p>&#8211; Dette er nok en bisarr tale, sier USA-ekspert Eirik L\u00f8kke til Dagbladet.<\/p>\n<p>Han utdyper:\u00a0<\/p>\n<p>&#8211; Han hadde behov for \u00e5 skryte av seg selv p\u00e5 en m\u00e5te som er ganske bisarr. Veldig mye av det han sier stemmer ikke. Det viser nok en gang at han er en president med et problematisk forhold til virkeligheten. <\/p>\n<p>        <img loading=\"lazy\" decoding=\"async\" itemprop=\"image\" src=\"https:\/\/www.europesays.com\/no\/wp-content\/uploads\/2025\/12\/83915453.webp\" width=\"180\" height=\"180\" alt=\"Eirik L\u00f8kke\"\/><\/p>\n<p>            Eirik L\u00f8kke<br \/>\n            Eirik<br \/>\n            L\u00f8kke        <\/p>\n<p>USA-ekspert og r\u00e5gvider i Civita<\/p>\n<p>Nattens tale varte \u00abbare\u00bb 18 minutter, if\u00f8lge <a href=\"https:\/\/edition.cnn.com\/politics\/live-news\/trump-administration-news-12-17-25\" rel=\"nofollow noopener\" target=\"_blank\">CNN<\/a>.\u00a0<\/p>\n<p>&#8211; Han snakket raskt og holdt seg stort sett til teleprompteren. Det skyldes nok at nettverkene hadde kuttet hvis han hadde holdt p\u00e5 for lenge, sier L\u00f8kke.\u00a0<\/p>\n<p>\u00abEt uttrykk for desperasjon\u00bb\t<\/p>\n<p>Eirik L\u00f8kke omtaler talen som et \u00abuttrykk for desperasjon\u00bb. Han tror Trump \u00f8nsker \u00e5 ta fokuset bort fra de mange stormene rundt ham for tida:\u00a0<\/p>\n<ul>\n<li class=\"lab-bodytext-line\">Stabssjef Susie Wiles stilte denne uka i et intervju i Vanity Fair, hvor hun blant annet antyder at visepresident JD Vance har \u00abv\u00e6rt konspirasjonsteoretiker i et ti\u00e5r\u00bb, omtaler Elon Musk som en \u00abketamin-bruker\u00bb og sier at Donald Trump har\u00a0\u00aben alkoholikers personlighet\u00bb.\u00a0<\/li>\n<li class=\"lab-bodytext-line\">Tusenvis av bilder ble forrige uke sluppet i Epstein-saken. Donald Trump var p\u00e5 mange av dem. Flere bilder er p\u00e5 vei.<\/li>\n<li class=\"lab-bodytext-line\">Flere h\u00f8ytst\u00e5ende republikanske politikere har trukket seg i protest mot Donald Trump. Blant dem er den profilerte kongresskvinnen Marjorie Taylor Greene.<\/li>\n<li class=\"lab-bodytext-line\">\u00a0Det amerikanske folket har d\u00e5rligere r\u00e5d enn f\u00f8r, samtidig som Trump skryter av at han har\u00a0\u00abfikset \u00f8konomien\u00bb.<\/li>\n<\/ul>\n<p>&#8211; Jeg tror ikke han kommer til \u00e5 lykkes med det. Dette er nok bare Trump som vil skryte, sier L\u00f8kke.\u00a0<\/p>\n<p>Ser forbi Trump\t<\/p>\n<p>L\u00f8kke tror flere i det republikanske partiet har begynt \u00e5 se forbi Trump til det som kommer etter ham.\u00a0<\/p>\n<p>&#8211; Marjorie Taylor Greene er et symptom p\u00e5 dette. Det illustrerer at mange i basen bryter med Trump. Det gir ham mindre innflytelse. Jerngrepet han har hatt rundt det republikanske partiet har l\u00f8snet litt, forteller USA-eksperten.\u00a0<\/p>\n<p>Susie Wiles&#8217; intervju i Vanity Fair tegner et bilde av et kaotisk Hvite hus, forteller L\u00f8kke.\u00a0<\/p>\n<p>&#8211; Hun sitter mindre trygt. Det er veldig vanskelig \u00e5 forst\u00e5 hva hun har tenkt, sier han.\u00a0<\/p>\n<p>        <img loading=\"lazy\" decoding=\"async\" src=\"https:\/\/www.europesays.com\/no\/wp-content\/uploads\/2025\/12\/1766695523_103_83997695.webp\" width=\"980\" height=\"559\" title=\"KRAFTSALVER: Donald Trumps stabssjef Susie Wiles har uttalt seg om en rekke av medlemmene i kabinettet. Foto: Shutterstock\" alt=\"\" class=\"\" style=\"--aspect-ratio-image: 1.75; \"\/><\/p>\n<p>\n        KRAFTSALVER: Donald Trumps stabssjef Susie Wiles har uttalt seg om en rekke av medlemmene i kabinettet. Foto: Shutterstock\n    <\/p>\n<p>&#8211; Sliter med \u00f8konomien\t<\/p>\n<p>Meningsm\u00e5linger gjort for Reuters og Ipsos viser at 39 prosent mener at Trump gj\u00f8r en god jobb. Da han startet i jobben i januar var tallet oppe i 47.\u00a0<\/p>\n<p>&#8211; Trump sliter p\u00e5 meningsm\u00e5lingene. Han sliter med \u00f8konomien og velgernes persepsjon av den, forteller L\u00f8kke. <\/p>\n<p>L\u00f8kke p\u00e5peker at Trump har ledet flere amerikanere inn i en\u00a0\u00abpostfaktuell virkelighet\u00bb, hvor det ikke har s\u00e5 mye \u00e5 si om det han sier er sant. N\u00e5r det kommer til \u00f8konomi tror imidlertid USA-eksperten at det blir verre.<\/p>\n<p>&#8211; Uansett hvor mye han sier at \u00abDere har det kjempebra\u00bb, s\u00e5 nytter ikke det. Folk ser jo selv hva ting koster og hvor mye penger de har, sier han.<\/p>\n<p>    <a itemprop=\"url\" href=\"https:\/\/www.dagbladet.no\/kjendis\/man-blir-livredd\/83995919\" rel=\"nofollow noopener\" target=\"_blank\"><\/p>\n<p>        <img loading=\"lazy\" decoding=\"async\" src=\"https:\/\/www.europesays.com\/no\/wp-content\/uploads\/2025\/12\/1766695525_82_83652824.webp\" width=\"980\" height=\"441\" title=\"- Man blir livredd\" alt=\"\" class=\"lazyload\" style=\"--aspect-ratio-image: 2.22; \"\/><\/p>\n<p>        &#8211; Man blir livredd<\/p>\n<p>    <\/a><\/p>\n<p>&#8211; L\u00f8sningen er \u00e5 f\u00f8re en bedre \u00f8konomisk politikk. Det er ikke alt han styrer. Men Trump gj\u00f8r det verre med sin tollpolitikk, legger han til.<\/p>\n<p>Eirik L\u00f8kke f\u00e5r st\u00f8tte fra sin ekspertkollega Hilmar Mjelde. Professoren, som for tiden er i USA, tror at Trump kommer til \u00e5 m\u00f8te motstand.<\/p>\n<p>&#8211; Trump er tydelig irritert over at velgerne ikke er mer forn\u00f8yd med jobben han gj\u00f8r. Han innser at republikanerne ligger an til \u00e5 tape kongressvalget neste \u00e5r og er tydelig engstelig for det, sier USA-eksperten til NTB.<\/p>\n<p>        <img loading=\"lazy\" decoding=\"async\" itemprop=\"image\" src=\"https:\/\/www.europesays.com\/no\/wp-content\/uploads\/2025\/12\/83662274.webp\" width=\"180\" height=\"180\" alt=\"Hilmar Mjelde\"\/><\/p>\n<p>            Hilmar Mjelde<br \/>\n            Hilmar<br \/>\n            Mjelde        <\/p>\n<p>USA-ekspert og professor ved H\u00f8gskolen i Vestlandet<\/p>\n<p>&#8211; Det fungerer ikke \u00e5 fortelle velgerne at ting er mye bedre enn de skj\u00f8nner. Det feilet fullstendig for Biden og det kommer til \u00e5 feile like mye for Trump, sier han videre.<\/p>\n<p>&#8211; Trump viste atter en gang at hans st\u00f8rste svakhet er mangelen p\u00e5 empati med velgerne. Det kostet ham gjenvalget i 2020 og vil trolig koste ham kongressflertallet neste \u00e5r, sier Mjelde.<\/p>\n<p>        KRYSSER NATO-GRENSE: Tre russiske grensevakter krysset den midlertidige grensekontrollen over Narva-elva p\u00e5 luftputefart\u00f8y, inn p\u00e5 estisk side og Natos territorium. Video: Delfi \/ Estlands grensevakt. Reporter: Vegard Kr\u00fcger<\/p>\n<p>Ny sentralbanksjef\t<\/p>\n<p>I talen sa Trump ogs\u00e5 at han snart skal kunngj\u00f8re sentralbanksjef Jerome Powells etterf\u00f8lger. Powells \u00e5rem\u00e5l utl\u00f8per i mai.<\/p>\n<p>I helgen skrev The Wall Street Journal at Trump har to navn p\u00e5 blokken og at landets neste sentralbanksjef vil f\u00e5 fornavnet Kevin. Kandidatene er Trumps \u00f8konomiske r\u00e5dgiver Kevin Hassett og tidligere sentralbankstyremedlem Kevin Warsh, skrev avisen. Trump hadde tidligere i h\u00f8st nevnt begge som aktuelle kandidater.<\/p>\n<p>    <a itemprop=\"url\" href=\"https:\/\/www.dagbladet.no\/nyheter\/angriper-forgjengeren\/84000589\" rel=\"nofollow noopener\" target=\"_blank\"><\/p>\n<p>        <img loading=\"lazy\" decoding=\"async\" src=\"https:\/\/www.europesays.com\/no\/wp-content\/uploads\/2025\/12\/84000598.webp\" width=\"980\" height=\"441\" title=\"Angriper forgjengeren\" alt=\"\" class=\"lazyload\" style=\"--aspect-ratio-image: 2.22; \"\/><\/p>\n<p>        Angriper forgjengeren<\/p>\n<p>    <\/a><\/p>\n<p>Neste sentralbanksjef kommer til \u00e5 gjennomf\u00f8re store kutt i styringsrenten, varslet Trump i onsdagens tale.<\/p>\n<p>I talen kunngjorde Trump ogs\u00e5 at 1 450 000 soldater f\u00f8r jul skal f\u00e5 utbetalt en bonus p\u00e5 1776 dollar hver, noe som utgj\u00f8r et samlet bel\u00f8p p\u00e5 nesten 2,6 milliarder dollar, eller i overkant av 26 milliarder kroner.<\/p>\n","protected":false},"excerpt":{"rendered":"Natt til torsdag talte Donald Trump til nasjonen fra Det hvite hus. I talen snakket han\u00a0blant annet om&hellip;\n","protected":false},"author":2,"featured_media":121836,"comment_status":"","ping_status":"","sticky":false,"template":"","format":"standard","meta":{"footnotes":""},"categories":[12],"tags":[20,21,24,25,15,22,23,13,30,28,29,14,16,26,27,412,42,43,44,45],"class_list":{"0":"post-121835","1":"post","2":"type-post","3":"status-publish","4":"format-standard","5":"has-post-thumbnail","7":"category-verden","8":"tag-breaking-news","9":"tag-breakingnews","10":"tag-featured-news","11":"tag-featurednews","12":"tag-headlines","13":"tag-latest-news","14":"tag-latestnews","15":"tag-news","16":"tag-no","17":"tag-norge","18":"tag-norway","19":"tag-nyheter","20":"tag-overskrifter","21":"tag-top-stories","22":"tag-topstories","23":"tag-utenriks","24":"tag-verden","25":"tag-world","26":"tag-world-news","27":"tag-worldnews"},"share_on_mastodon":{"url":"https:\/\/pubeurope.com\/@no\/115782164941545152","error":""},"_links":{"self":[{"href":"https:\/\/www.europesays.com\/no\/wp-json\/wp\/v2\/posts\/121835","targetHints":{"allow":["GET"]}}],"collection":[{"href":"https:\/\/www.europesays.com\/no\/wp-json\/wp\/v2\/posts"}],"about":[{"href":"https:\/\/www.europesays.com\/no\/wp-json\/wp\/v2\/types\/post"}],"author":[{"embeddable":true,"href":"https:\/\/www.europesays.com\/no\/wp-json\/wp\/v2\/users\/2"}],"replies":[{"embeddable":true,"href":"https:\/\/www.europesays.com\/no\/wp-json\/wp\/v2\/comments?post=121835"}],"version-history":[{"count":0,"href":"https:\/\/www.europesays.com\/no\/wp-json\/wp\/v2\/posts\/121835\/revisions"}],"wp:featuredmedia":[{"embeddable":true,"href":"https:\/\/www.europesays.com\/no\/wp-json\/wp\/v2\/media\/121836"}],"wp:attachment":[{"href":"https:\/\/www.europesays.com\/no\/wp-json\/wp\/v2\/media?parent=121835"}],"wp:term":[{"taxonomy":"category","embeddable":true,"href":"https:\/\/www.europesays.com\/no\/wp-json\/wp\/v2\/categories?post=121835"},{"taxonomy":"post_tag","embeddable":true,"href":"https:\/\/www.europesays.com\/no\/wp-json\/wp\/v2\/tags?post=121835"}],"curies":[{"name":"wp","href":"https:\/\/api.w.org\/{rel}","templated":true}]}}