{"id":121839,"date":"2025-12-25T20:49:29","date_gmt":"2025-12-25T20:49:29","guid":{"rendered":"https:\/\/www.europesays.com\/no\/121839\/"},"modified":"2025-12-25T20:49:29","modified_gmt":"2025-12-25T20:49:29","slug":"en-historie-om-kjaerlighet-og-tap","status":"publish","type":"post","link":"https:\/\/www.europesays.com\/no\/121839\/","title":{"rendered":"En historie om kj\u00e6rlighet og tap"},"content":{"rendered":"<p class=\"kicker \" style=\"\">Slik var \u00abLast Christmas\u00bb-stjernens siste jul<\/p>\n<p>  De skulle ha en hyggelig jul sammen. Men da<br \/>\nkj\u00e6resten v\u00e5knet opp f\u00f8rste juledag, l\u00e5 George<br \/>\nMichael d\u00f8d ved hans side.<\/p>\n<p>\n    BESTSELGER: George<br \/>\nMichael har solgt over 100<br \/>\nmillioner plater p\u00e5 verdensbasis.<br \/>\nHan hadde enorm suksess,<br \/>\nb\u00e5de som frontfigur i popduoen<br \/>\nWham! og som soloartist. FOTO: Daniel Gluskoter\/UPI\/Shutterstock\/NTB\n  <\/p>\n<p>For mange er slageren \u00abLast Christmas\u00bb er fast innslag i julen \u2013 og den ikoniske hitl\u00e5ten fra pop-duoen Wham! ljomer ut av h\u00f8yttalerne i det ganske land. George Michaels stemme er b\u00e5de til tr\u00f8st og glede.<\/p>\n<p class=\"font-weight-bold m-font-weight-bold\" data-lab-font_weight=\"font-weight-bold\">Men for den avd\u00f8de artistens egen kj\u00e6reste, b\u00e6rer sangen preg av savn, tap og den bunnl\u00f8se sorgen som aldri slipper tak.<\/p>\n<p>        <img loading=\"lazy\" decoding=\"async\" src=\"https:\/\/www.europesays.com\/no\/wp-content\/uploads\/2025\/12\/84005424.webp\" width=\"559\" height=\"666\" title=\"George Michael, 1963-2016. Foto: Alan Davidson\/REX\/NTB\" alt=\"\" class=\"\" style=\"--aspect-ratio-image: 0.84; \"\/><\/p>\n<p>\n        George Michael, 1963-2016. Foto: Alan Davidson\/REX\/NTB\n    <\/p>\n<p>Da julefreden hadde senket seg i George Michaels hjem p\u00e5 julaften 2016, kysset han kj\u00e6resten Fadi Fawaz (51) \u00f8mt p\u00e5 kinnet, \u00f8nsket ham en god natt, og sammen planla de \u00e5 dra ut for \u00e5 spise en hyggelig lunsj p\u00e5 1. juledag.<\/p>\n<p>        OVERRASKER: Vi har tatt en titt p\u00e5 noen av TV-\u00f8yeblikkene vi husker ekstra godt fra \u00e5ret som har g\u00e5tt. Video: \u00abTeam P\u00f8lsa\u00bb\/NRK, \u00abJakten p\u00e5 kj\u00e6rligheten\u00bb\/TV 2, \u00abBedre sex\u00bb\/Viaplay, \u00abOppdrag M\/S Bj\u00f8rvika\u00bb\/Viaplay<\/p>\n<p class=\"no_italic m-no_italic font-weight-bold m-font-weight-bold\" data-lab-italic=\"\" data-lab-font_weight=\"font-weight-bold\">Lite visste Fadi at det var siste gang han s\u00e5 sin kj\u00e6re i live.<\/p>\n<p>25. desember 2016 stilnet en av pophistoriens st\u00f8rste stemmer. Da nyheten om at George Michael var d\u00f8d, bare 53 \u00e5r gammel, stoppet julegleden opp et \u00f8rlite sekund. <\/p>\n<p>        <img loading=\"lazy\" decoding=\"async\" src=\"https:\/\/www.europesays.com\/no\/wp-content\/uploads\/2025\/12\/84005432.webp\" width=\"667\" height=\"494\" title=\"WAKE ME UP: Sammen med Andrew Ridgeley dannet George Michael&#10;popduoen Wham! Gruppen ble oppl\u00f8st i 1986, etter \u00e5 ha gitt ut tre album. Foto: Peter Brooker\/REX\/NTB\" alt=\"\" class=\"\" style=\"--aspect-ratio-image: 1.35; \"\/><\/p>\n<p>\n        WAKE ME UP: Sammen med Andrew Ridgeley dannet George Michael<br \/>\npopduoen Wham! Gruppen ble oppl\u00f8st i 1986, etter \u00e5 ha gitt ut tre album. Foto: Peter Brooker\/REX\/NTB\n    <\/p>\n<p>Han bar p\u00e5 en nesten uvirkelig kombinasjon av talent, s\u00e5rbarhet og gener\u00f8sitet \u2013 en mann som gjennom hele sin karriere fors\u00f8kte \u00e5 gi mer enn han tok \u2013 selv n\u00e5r livet ble tungt \u00e5 b\u00e6re.<\/p>\n<p>    <a itemprop=\"url\" href=\"https:\/\/www.seher.no\/kjendis\/matte-gi-slipp\/84005900\" rel=\"nofollow noopener\" target=\"_blank\"><\/p>\n<p>        <img loading=\"lazy\" decoding=\"async\" src=\"https:\/\/www.europesays.com\/no\/wp-content\/uploads\/2025\/12\/1766695752_47_84006007.webp\" width=\"147\" height=\"98\" title=\"- Vi m\u00e5tte gi slipp\" alt=\"\" class=\"lazyload\" style=\"--aspect-ratio-image: 1.50; \"\/><\/p>\n<p>        &#8211; Vi m\u00e5tte gi slipp<\/p>\n<p>    <\/a><\/p>\n<p>George Michael var p\u00e5 mange m\u00e5ter et paradoks. Den blendende popstjernen som erobret verden, men som aldri klarte \u00e5 gjemme bort den sjenerte gutten fra Londons \u00f8stkant.<\/p>\n<p>\u00a0I rampelyset skinte han sterkere enn de fleste \u2013 som den skapende halvparten av popgruppen Wham!, og senere som soloartisten som ga oss \u00abFaith\u00bb, \u00abCareless Whisper\u00bb og \u00abFreedom!\u00bb.<\/p>\n<p>        SLIK VAR \u00c5RET: 2025 var preget av offisielle oppdrag, utfordringer og store overskrifter. Reporter: Caroline Vagle. Video: Kine Falch<\/p>\n<p> Han sjarmerte kvinner, men elsket menn. Bak glitteret, fantes en mann som bar p\u00e5 tap og ensomhet.<\/p>\n<p>Popsangeren strevde med \u00e5 finne en balanse mellom privatliv og offentlighet, mellom hvem han var \u2013 og hvem verden ville at han skulle v\u00e6re. Likevel ga han alt \u2013 alltid fra hjertet.<\/p>\n<p>        <img loading=\"lazy\" decoding=\"async\" src=\"https:\/\/www.europesays.com\/no\/wp-content\/uploads\/2025\/12\/84005426.webp\" width=\"559\" height=\"369\" title=\"IKONISK: George Michael er ansett som&#10;et popkulturelt ikon. Her fra musikkvideoen til&#10;\u00abLast Christmas\u00bb.\" alt=\"\" class=\"\" style=\"--aspect-ratio-image: 1.51; \"\/><\/p>\n<p>\n        IKONISK: George Michael er ansett som<br \/>\net popkulturelt ikon. Her fra musikkvideoen til<br \/>\n\u00abLast Christmas\u00bb.\n    <\/p>\n<p>Tapet av partneren Anselmo Feleppa p\u00e5 starten av 1990-tallet ble et f\u00f8r-og-etter-\u00f8yeblikk i livet hans. George bar sorgen med seg i alt han gjorde.\u00a0<\/p>\n<p>\u00abJesus to a Child\u00bb var ikke bare en sang \u2013 det var et s\u00f8rgeskrift. Et kj\u00e6rlighetsbrev til en mann han mistet, men aldri sluttet \u00e5 b\u00e6re med seg.<\/p>\n<p>        <img loading=\"lazy\" decoding=\"async\" src=\"https:\/\/www.europesays.com\/no\/wp-content\/uploads\/2025\/12\/84005431.webp\" width=\"686\" height=\"1119\" title=\"FOR ALLTID: Kj\u00e6resten Fadi Fawaz fant&#10;George livl\u00f8s i sengen&#10;andre juledag. Han b\u00e6rer&#10;fortsatt preg over tapet. Foto: Nikos Vinieratos\/REX\/NTB\" alt=\"\" class=\"\" style=\"--aspect-ratio-image: 0.61; \"\/><\/p>\n<p>\n        FOR ALLTID: Kj\u00e6resten Fadi Fawaz fant<br \/>\nGeorge livl\u00f8s i sengen<br \/>\nandre juledag. Han b\u00e6rer<br \/>\nfortsatt preg over tapet. Foto: Nikos Vinieratos\/REX\/NTB\n    <\/p>\n<p>Anselmo var Georges f\u00f8rste \u2013 og st\u00f8rste kj\u00e6rlighet. I intervjuer la ikke sangeren skjul p\u00e5 at det var noe i ham som var \u00f8delagt for alltid etter Anselmos bortgang.<\/p>\n<p class=\"font-weight-bold m-font-weight-bold\" data-lab-font_weight=\"font-weight-bold\">&#8211; Jeg var stolt over at han var skjebnen min. Han gjorde meg s\u00e5 ford\u00f8mt lykkelig \u2013 hele tiden. Anselmo var alt for meg, fortalte sangeren da han skulle minnes sin kj\u00e6re.<\/p>\n<p>    <a itemprop=\"url\" href=\"https:\/\/www.seher.no\/kjendis\/tatt-pa-fersken-med-ny-flamme\/84000220\" rel=\"nofollow noopener\" target=\"_blank\"><\/p>\n<p>        <img loading=\"lazy\" decoding=\"async\" src=\"https:\/\/www.europesays.com\/no\/wp-content\/uploads\/2025\/12\/1766695758_198_84000232.webp\" width=\"980\" height=\"441\" title=\"Tatt p\u00e5 fersken med ny flamme\" alt=\"\" class=\"lazyload\" style=\"--aspect-ratio-image: 2.22; \"\/><\/p>\n<p>        Tatt p\u00e5 fersken med ny flamme<\/p>\n<p>    <\/a><\/p>\n<p>For mange ble det f\u00f8rst etter Michaels d\u00f8d tydelig hvor utrettelig han hjalp verden rundt seg, uten et \u00f8nske om applaus. Historier kom frem om anonyme milliondonasjoner,, veldedige handlinger, og \u00f8yeblikk hvor den avd\u00f8de popsangeren grep inn for \u00e5 hjelpe vanlige mennesker i n\u00f8d. <\/p>\n<p>        <img loading=\"lazy\" decoding=\"async\" src=\"https:\/\/www.europesays.com\/no\/wp-content\/uploads\/2025\/12\/84005430.webp\" width=\"686\" height=\"453\" title=\"JULEKONGE: I tillegg til \u00abLast Christmas\u00bb, var George ogs\u00e5 med i Band Aid som ga&#10;ut l\u00e5ten \u00abDo They Know It\u2019s Christmas?\u00bb i 1984. I f\u00f8rste rekke ser vi Simon Le Bon, Bob&#10;Geldof, Bono, Sting og George Michael. Foto: Brian Aris\/Band Aid\/NTB\" alt=\"\" class=\"\" style=\"--aspect-ratio-image: 1.51; \"\/><\/p>\n<p>\n        JULEKONGE: I tillegg til \u00abLast Christmas\u00bb, var George ogs\u00e5 med i Band Aid som ga<br \/>\nut l\u00e5ten \u00abDo They Know It\u2019s Christmas?\u00bb i 1984. I f\u00f8rste rekke ser vi Simon Le Bon, Bob<br \/>\nGeldof, Bono, Sting og George Michael. Foto: Brian Aris\/Band Aid\/NTB\n    <\/p>\n<p>Da nyheten kom om at 53-\u00e5ringen var funnet d\u00f8d i sitt hjem, spredte sorgen seg som en b\u00f8lge verden rundt. Ikke nok med at en uforglemmelig stemme ble borte \u2013 han d\u00f8de p\u00e5 selve dagen som ofte forbindes med varme, h\u00e5p og fellesskap. <\/p>\n<p>    <a itemprop=\"url\" href=\"https:\/\/www.seher.no\/kjendis\/erklaert-dod-pa-stedet\/84003718\" rel=\"nofollow noopener\" target=\"_blank\"><\/p>\n<p>        <img loading=\"lazy\" decoding=\"async\" src=\"https:\/\/www.europesays.com\/no\/wp-content\/uploads\/2025\/12\/1766695760_690_84003782.webp\" width=\"147\" height=\"98\" title=\"Erkl\u00e6rt d\u00f8d p\u00e5 stedet\" alt=\"\" class=\"lazyload\" style=\"--aspect-ratio-image: 1.50; \"\/><\/p>\n<p>        Erkl\u00e6rt d\u00f8d p\u00e5 stedet<\/p>\n<p>    <\/a><\/p>\n<p>Kontrasten var brutal.<\/p>\n<p>Den som tok d\u00f8dsfallet tyngst av alle, var kj\u00e6resten Fadi Fawaz. <\/p>\n<p>Han fant sin kj\u00e6re \u2013 livl\u00f8s i parets seng. <\/p>\n<p>        <img loading=\"lazy\" decoding=\"async\" src=\"https:\/\/www.europesays.com\/no\/wp-content\/uploads\/2025\/12\/84005423.webp\" width=\"686\" height=\"460\" title=\"LANDESORG: Nyheten om popikonets bortgang, slo ned som en&#10;bombe. \u00abDu vil alltid v\u00e6re v\u00e5rt idol\u00bb, sto det p\u00e5 en av de mange kondolanse-brevene som ble lagt ned utenfor huset til George i 2016. Foto: Daniel Leal-Olivas\/NTB\" alt=\"\" class=\"\" style=\"--aspect-ratio-image: 1.49; \"\/><\/p>\n<p>\n        LANDESORG: Nyheten om popikonets bortgang, slo ned som en<br \/>\nbombe. \u00abDu vil alltid v\u00e6re v\u00e5rt idol\u00bb, sto det p\u00e5 en av de mange kondolanse-brevene som ble lagt ned utenfor huset til George i 2016. Foto: Daniel Leal-Olivas\/NTB\n    <\/p>\n<p>I n\u00f8dsamtalen, som senere ble lekket, h\u00f8rer man en redd og utr\u00f8stelig mann si:<\/p>\n<p class=\"font-weight-bold m-font-weight-bold\" data-lab-font_weight=\"font-weight-bold\">&#8211; Det gjelder George Michael. Jeg tror han er d\u00f8d. Han puster ikke \u2026 han er kald og bl\u00e5.<\/p>\n<p>        DRAMATISK UTVIKLING: Mette-Marits sykdom er kraftig forverret, og det forberedes n\u00e5 for lungetransplantasjon. Reporter: Caroline Vagle. Video: Kine Falch<\/p>\n<p>Pop-ikonet led av en rekke helseproblemer \u2013 noe som til slutt skulle ta knekken p\u00e5 ham. Fadi har siden bortgangen skrevet flere t\u00e5rev\u00e5te og hjerteskj\u00e6rende hyllester til sin sjelevenn \u2013 og innr\u00f8mmer at julen aldri vil bli den samme:<\/p>\n<p class=\"font-weight-bold m-font-weight-bold\" data-lab-font_weight=\"font-weight-bold\">&#8211; Jeg vil alltid savne deg. Jeg skulle \u00f8nske jeg kunne fortelle deg hvor grusom verden er uten deg, men det ville trolig bare oppr\u00f8re deg. Jeg kommer aldri til \u00e5 glemme deg.<\/p>\n<p>        <img loading=\"lazy\" decoding=\"async\" src=\"https:\/\/www.europesays.com\/no\/wp-content\/uploads\/2025\/12\/84005425.webp\" width=\"559\" height=\"587\" title=\"TURN\u00c9: George&#10;Michael opptrer under&#10;sin \u00abSymphonica\u00bb-turn\u00e9 i&#10;Wien 4. september 2012.&#10;Han hyllet det medisinske&#10;teamet i Wien som hjalp&#10;ham etter en alvorlig&#10;lungeinfeksjon. Foto: Heinz-Peter Bader\/NTB\" alt=\"\" class=\"\" style=\"--aspect-ratio-image: 0.95; \"\/><\/p>\n<p>\n        TURN\u00c9: George<br \/>\nMichael opptrer under<br \/>\nsin \u00abSymphonica\u00bb-turn\u00e9 i<br \/>\nWien 4. september 2012.<br \/>\nHan hyllet det medisinske<br \/>\nteamet i Wien som hjalp<br \/>\nham etter en alvorlig<br \/>\nlungeinfeksjon. Foto: Heinz-Peter Bader\/NTB\n    <\/p>\n<p>Sorgen ble ikke mindre av at Georges familie nektet Fadi adgang til begravelsen. De p\u00e5sto at han ikke hadde v\u00e6rt s\u00e5 god for George \u2013 som han selv ga uttrykk for &#8230;<\/p>\n<p>&#8211; Han er ikke velkommen \u2013 og er heller ikke invitert. Hele familien hater ham. Vi vet at han bare er en lykkejeger. George hadde planer om \u00e5 dumpe ham etter jul uansett. Fadi var aldri en kj\u00e6reste for ham. Ingen har snakket til ham \u2013 og det virker bare som om han s\u00f8ker oppmerksomhet etter bortgangen. Det gj\u00f8r oss rasende, sa George Michaels fetter Andros Georgiou til nettstedet PageSix i kj\u00f8lvannet av d\u00f8dfallet.<\/p>\n<p>        <img loading=\"lazy\" decoding=\"async\" src=\"https:\/\/www.europesays.com\/no\/wp-content\/uploads\/2025\/12\/84005422.webp\" width=\"559\" height=\"839\" title=\"LANGVARIG: George Micahel&#10;var i et langvarig forhold med Kenny&#10;Goss, en amerikansk kunsthandler.&#10;De gjorde det slutt i 2009, men&#10;da George d\u00f8de, var Kenny den&#10;eneste av partnerne hans som var&#10;velkommen i begravelsen. Foto: REX\/NTB\" alt=\"\" class=\"\" style=\"--aspect-ratio-image: 0.67; \"\/><\/p>\n<p>\n        LANGVARIG: George Micahel<br \/>\nvar i et langvarig forhold med Kenny<br \/>\nGoss, en amerikansk kunsthandler.<br \/>\nDe gjorde det slutt i 2009, men<br \/>\nda George d\u00f8de, var Kenny den<br \/>\neneste av partnerne hans som var<br \/>\nvelkommen i begravelsen. Foto: REX\/NTB\n    <\/p>\n<p>Fadi m\u00e5tte senere i to politiavh\u00f8r i forbindelse med d\u00f8dsfallet, selv om obduksjonsrapporten viste at George Michael hadde mistet livet av helt naturlige \u00e5rsaker. <\/p>\n<p>Fadi var aldri offisielt mistenkt for d\u00f8dsfallet, selv om flere konspirasjonsteoretikere i en \u00e5rrekke har p\u00e5st\u00e5tt at han skal ha beg\u00e5tt urett mot sin kj\u00e6re George.<\/p>\n<p>        <img loading=\"lazy\" decoding=\"async\" src=\"https:\/\/www.europesays.com\/no\/wp-content\/uploads\/2025\/12\/84005427.webp\" width=\"686\" height=\"947\" title=\"LAGT FOR HAT: Familien til George&#10;Michael har hevdet at kj\u00e6resten Fadi&#10;Fawaz var en del av \u00e5rsaken til at George&#10;d\u00f8de. Han var i to politiavh\u00f8r, men ble aldri&#10;mistenkt for noe. Foto: REX\/NTB\" alt=\"\" class=\"\" style=\"--aspect-ratio-image: 0.72; \"\/><\/p>\n<p>\n        LAGT FOR HAT: Familien til George<br \/>\nMichael har hevdet at kj\u00e6resten Fadi<br \/>\nFawaz var en del av \u00e5rsaken til at George<br \/>\nd\u00f8de. Han var i to politiavh\u00f8r, men ble aldri<br \/>\nmistenkt for noe. Foto: REX\/NTB\n    <\/p>\n","protected":false},"excerpt":{"rendered":"Slik var \u00abLast Christmas\u00bb-stjernens siste jul De skulle ha en hyggelig jul sammen. Men da kj\u00e6resten v\u00e5knet opp&hellip;\n","protected":false},"author":2,"featured_media":121840,"comment_status":"","ping_status":"","sticky":false,"template":"","format":"standard","meta":{"footnotes":""},"categories":[58],"tags":[4104,71,14454,14453,479,30,28,29,72,14455],"class_list":{"0":"post-121839","1":"post","2":"type-post","3":"status-publish","4":"format-standard","5":"has-post-thumbnail","7":"category-underholdning","8":"tag-eksklusivt","9":"tag-entertainment","10":"tag-fadi-fawaz","11":"tag-george-michael","12":"tag-kjendis","13":"tag-no","14":"tag-norge","15":"tag-norway","16":"tag-underholdning","17":"tag-wham"},"share_on_mastodon":{"url":"https:\/\/pubeurope.com\/@no\/115782180477768333","error":""},"_links":{"self":[{"href":"https:\/\/www.europesays.com\/no\/wp-json\/wp\/v2\/posts\/121839","targetHints":{"allow":["GET"]}}],"collection":[{"href":"https:\/\/www.europesays.com\/no\/wp-json\/wp\/v2\/posts"}],"about":[{"href":"https:\/\/www.europesays.com\/no\/wp-json\/wp\/v2\/types\/post"}],"author":[{"embeddable":true,"href":"https:\/\/www.europesays.com\/no\/wp-json\/wp\/v2\/users\/2"}],"replies":[{"embeddable":true,"href":"https:\/\/www.europesays.com\/no\/wp-json\/wp\/v2\/comments?post=121839"}],"version-history":[{"count":0,"href":"https:\/\/www.europesays.com\/no\/wp-json\/wp\/v2\/posts\/121839\/revisions"}],"wp:featuredmedia":[{"embeddable":true,"href":"https:\/\/www.europesays.com\/no\/wp-json\/wp\/v2\/media\/121840"}],"wp:attachment":[{"href":"https:\/\/www.europesays.com\/no\/wp-json\/wp\/v2\/media?parent=121839"}],"wp:term":[{"taxonomy":"category","embeddable":true,"href":"https:\/\/www.europesays.com\/no\/wp-json\/wp\/v2\/categories?post=121839"},{"taxonomy":"post_tag","embeddable":true,"href":"https:\/\/www.europesays.com\/no\/wp-json\/wp\/v2\/tags?post=121839"}],"curies":[{"name":"wp","href":"https:\/\/api.w.org\/{rel}","templated":true}]}}