{"id":121841,"date":"2025-12-25T20:53:32","date_gmt":"2025-12-25T20:53:32","guid":{"rendered":"https:\/\/www.europesays.com\/no\/121841\/"},"modified":"2025-12-25T20:53:32","modified_gmt":"2025-12-25T20:53:32","slug":"kongefamilien-kong-harald-kongen-og-dronningen-i-julegudstjeneste","status":"publish","type":"post","link":"https:\/\/www.europesays.com\/no\/121841\/","title":{"rendered":"Kongefamilien, Kong Harald | Kongen og dronningen i julegudstjeneste"},"content":{"rendered":"\n<p>Torsdag formiddag m\u00f8tte kong Harald (88) og dronning Sonja (88) opp til julegudstjenesten i Holmenkollen kapell i Oslo.<\/p>\n<p>Litt f\u00f8r klokken 12 ankom kongeparet Holmenkollen kapell der de ble tatt imot av sogneprest Paul Erik Wirgenes. Det er fast tradisjon at kongeparet feirer h\u00f8ytidsgudstjeneste i Holmenkollen kapell i julen.<\/p>\n<p><b>Les ogs\u00e5: <a href=\"https:\/\/www.nettavisen.no\/kjendis\/kongefamilien-i-elite-lunsj-pa-slottet-serveres-alkohol\/s\/5-95-2786801\" rel=\"Follow nofollow noopener\" target=\"_blank\">Elite-lunsj p\u00e5 Slottet: \u2013 Serveres alkohol<\/a><\/b><\/p>\n<p>Med seg hadde de prinsesse M\u00e4rtha Louise (54) og Durek Verret (51).<\/p>\n<p>   <img decoding=\"async\" width=\"5678\" height=\"3785\" fetchpriority=\"low\"  loading=\"lazy\"  src=\"https:\/\/www.europesays.com\/no\/wp-content\/uploads\/2025\/12\/NTB_NuBv3KR1xBs.jpg\" alt=\"Oslo 20251225. &#10;Kong Harald, dronning Sonja, prinsesse M\u00e4rtha og Durek Verret tas i mot av sokneprest Paul Erik Wirgenes n\u00e5r de ankommer 1. juledagsgudstjeneste i Holmenkollen kapell torsdag.&#10;Foto: Terje Bendiksby \/ NTB\" class=\"brick-c-cFOWSL\" style=\"--brick-image-ratio: 5678 \/ 3785;\"\/><\/p>\n<p>       P\u00c5 PLASS: Kong Harald og dronning Sonja ankommer juledagsgudstjeneste i Holmenkollen kapell torsdag formiddag.<br \/>\n      Foto: Terje Bendiksby\n    <\/p>\n<p>  \u2013 Det er deres tur<\/p>\n<p>If\u00f8lge Nettavisens kongehusekspert, Tove Taalesen, var det ventet at prinsesse M\u00e4rtha Louise og Durek Verrett skulle dukke opp i dag.<\/p>\n<p>\u2013 Det er deres tur til \u00e5 feire jul med kongen og dronningen. De pleier \u00e5 ha annethvert \u00e5r, og da er det helt naturlig at Durek blir med i \u00e5r. Det er ikke noe overraskende at de er med, sier Taalesen til Nettavisen.<\/p>\n<p>   <img decoding=\"async\" width=\"5167\" height=\"3445\" fetchpriority=\"low\"  loading=\"lazy\"  src=\"https:\/\/www.europesays.com\/no\/wp-content\/uploads\/2025\/12\/NTB_UNogZcbi7Io.jpg\" alt=\"Oslo 20251225. &#10;Prinsesse M\u00e4rtha ankommer 1. juledagsgudstjeneste i Holmenkollen kapell torsdag sammen med kongeparet og Durek Verret.&#10;Foto: Terje Bendiksby \/ NTB\" class=\"brick-c-cFOWSL\" style=\"--brick-image-ratio: 5167 \/ 3445;\"\/><\/p>\n<p>      DUKKET OPP: Prinsesse M\u00e4rtha og Durek Verret er med kongeparet p\u00e5 julegudstjeneste i \u00e5r.<br \/>\n      Foto: Terje Bendiksby\n    <\/p>\n<p>F\u00f8rste juledag i 2019 kom den triste nyheten om at Ari Behn hadde tatt sitt eget liv. I dag er det seks \u00e5r siden.<\/p>\n<p>Taalesen understreker derfor at det er ekstra fint \u00e5 se at familien st\u00e5r sammen p\u00e5 en slik dag.<\/p>\n<p>\u2013 Det er en spesiell dag for kongefamilien fordi det er seks \u00e5r siden Ari gikk bort. Det er klart det er en vanskelig dag for familien, og da er det fint \u00e5 se at de holder sammen.<\/p>\n<p>    Vil du se neste video?<\/p>\n<p>    <a href=\"https:\/\/www.nettavisen.no\/kjendis\/kritiserer-marit-tjessem-bestemoren-til-marius-borg-hoiby-det-er-galskap\/v\/5-95-2793190\" class=\"recommend-poster\" data-adp-clicklabel=\"video-recommend\" data-adp-clickvalue=\"poster\" rel=\"nofollow noopener\" target=\"_blank\"><br \/>\n      <img decoding=\"async\" width=\"200\" height=\"200\" loading=\"lazy\" src=\"https:\/\/www.europesays.com\/no\/wp-content\/uploads\/2025\/12\/1766696012_573_Marit Tjessem Marius Borg H\u00f8iby Rettssak NTB_OUryd_xzNJA copy.jpg\" alt=\"\" class=\"brick-c-cFOWSL\" style=\"--brick-image-ratio: 200 \/ 200;\"\/><\/p>\n<p>Rister p\u00e5 hodet av bestemor Marit Tjessem1:27<\/p>\n<p>    <\/a><\/p>\n<p>        Hvordan oppsummerer man det dramatiske konge\u00e5ret 2025? Se og H\u00f8rs kongehuskommentator Caroline Vagle dypdykker i Marius Borg H\u00f8iby-saken, den omdiskuterte Netflix-dokumentaren og Ingrid Alexandras nye liv i Australia. Vi diskuterer kronprinsessens helseutfordringer, dronning Sonjas pacemaker og ser frem mot 2026. Vil den kommende rettssaken overskygge alt, eller f\u00e5r vi se mer til \u00absportsprinsen\u00bb Sverre Magnus? En \u00e6rlig og innsiktsfull gjennomgang av monarkiets mest turbulente \u00e5r.<\/p>\n<p>Alle de siste \u00e5rene har kongeparet feiret jul p\u00e5 Kongsseteren, som er en av hyttene til kongefamilien. Seteren ligger p\u00e5 Voksenkollen i Oslo og var opprinnelig en kroningsgave til kong Haakon VII og dronning Maud fra det norske folk. <\/p>\n<p>\u2013 Durek har hatt en hyggelig julefering<\/p>\n<p>Kongehuseksperten sier videre at prinsesse M\u00e4rtha Louise har et n\u00e6rt forhold til faren sin, og at hun tror det er viktig for henne at ektemannen er en del av familien.<\/p>\n<p>\u2013 Durek er nok veldig takknemlig og glad for \u00e5 v\u00e6re sammen med kongefamilien, som er svigerfamilien hans. M\u00e4rtha har et godt forhold til foreldrene sine, og derfor er det tett forhold mellom Durek og kongeparet ogs\u00e5.<\/p>\n<p><b>Les ogs\u00e5:<a href=\"https:\/\/www.nettavisen.no\/kjendis\/leah-behn-apner-opp-om-julen-uten-faren\/s\/5-95-2795998\" rel=\"Follow nofollow noopener\" target=\"_blank\"> Leah Behn om faren: \u2013 Jeg tror han hadde hatt det bedre<\/a><\/b><\/p>\n<p>Taalesen legger til at Verret etter alt \u00e5 d\u00f8mme har hatt en hyggelig julefeiring med kongefamilien.<\/p>\n<p>\u2013 Kongeparet er rause, og de inkluderer svigers\u00f8nner inn i familien. Det er ingen tvil om at Durek har hatt en hyggelig julefering p\u00e5 Kongsseteren. Det er helt sikkert lagt til rette for at gjestene skal kose seg, sier hun og avslutter:<\/p>\n<p>\u2013 Men det er spesielt for en som ikke er kongelig, og v\u00e6re rundt kongeparet og en offisiell julegudstjeneste. Det er en lang og fin tradisjon som kongeparet har. Det er nok en annerledes feiring enn hva han er vant til.<\/p>\n","protected":false},"excerpt":{"rendered":"Torsdag formiddag m\u00f8tte kong Harald (88) og dronning Sonja (88) opp til julegudstjenesten i Holmenkollen kapell i Oslo.&hellip;\n","protected":false},"author":2,"featured_media":121842,"comment_status":"","ping_status":"","sticky":false,"template":"","format":"standard","meta":{"footnotes":""},"categories":[10],"tags":[20,21,24,25,15,22,23,13,30,28,29,14,16,26,27],"class_list":{"0":"post-121841","1":"post","2":"type-post","3":"status-publish","4":"format-standard","5":"has-post-thumbnail","7":"category-norge","8":"tag-breaking-news","9":"tag-breakingnews","10":"tag-featured-news","11":"tag-featurednews","12":"tag-headlines","13":"tag-latest-news","14":"tag-latestnews","15":"tag-news","16":"tag-no","17":"tag-norge","18":"tag-norway","19":"tag-nyheter","20":"tag-overskrifter","21":"tag-top-stories","22":"tag-topstories"},"share_on_mastodon":{"url":"https:\/\/pubeurope.com\/@no\/115782196152254707","error":""},"_links":{"self":[{"href":"https:\/\/www.europesays.com\/no\/wp-json\/wp\/v2\/posts\/121841","targetHints":{"allow":["GET"]}}],"collection":[{"href":"https:\/\/www.europesays.com\/no\/wp-json\/wp\/v2\/posts"}],"about":[{"href":"https:\/\/www.europesays.com\/no\/wp-json\/wp\/v2\/types\/post"}],"author":[{"embeddable":true,"href":"https:\/\/www.europesays.com\/no\/wp-json\/wp\/v2\/users\/2"}],"replies":[{"embeddable":true,"href":"https:\/\/www.europesays.com\/no\/wp-json\/wp\/v2\/comments?post=121841"}],"version-history":[{"count":0,"href":"https:\/\/www.europesays.com\/no\/wp-json\/wp\/v2\/posts\/121841\/revisions"}],"wp:featuredmedia":[{"embeddable":true,"href":"https:\/\/www.europesays.com\/no\/wp-json\/wp\/v2\/media\/121842"}],"wp:attachment":[{"href":"https:\/\/www.europesays.com\/no\/wp-json\/wp\/v2\/media?parent=121841"}],"wp:term":[{"taxonomy":"category","embeddable":true,"href":"https:\/\/www.europesays.com\/no\/wp-json\/wp\/v2\/categories?post=121841"},{"taxonomy":"post_tag","embeddable":true,"href":"https:\/\/www.europesays.com\/no\/wp-json\/wp\/v2\/tags?post=121841"}],"curies":[{"name":"wp","href":"https:\/\/api.w.org\/{rel}","templated":true}]}}