{"id":121843,"date":"2025-12-25T20:57:20","date_gmt":"2025-12-25T20:57:20","guid":{"rendered":"https:\/\/www.europesays.com\/no\/121843\/"},"modified":"2025-12-25T20:57:20","modified_gmt":"2025-12-25T20:57:20","slug":"stemmen-bak-captain-qwark-er-dod","status":"publish","type":"post","link":"https:\/\/www.europesays.com\/no\/121843\/","title":{"rendered":"Stemmen bak Captain Qwark er d\u00f8d"},"content":{"rendered":"<p>Spillbransjen mistet nylig en av sine mest rutinerte stemmeskuespillere. <strong>Jim Ward<\/strong> gikk bort 10. desember, i en alder av 66 \u00e5r gammel.<\/p>\n<p>Ward har siden 1993 levert stemmer for utallige spillserier, inkludert Spider-Man, Star Wars, Call of Duty, Diablo, Dragon Age, Resident Evil og Fallout.<\/p>\n<p>Spillfans kjenner han riktignok trolig best som Captain Qwark fra Ratchet &amp; Clank-serien. Utvikler Insomniac Games tok til <a role=\"link\" href=\"https:\/\/x.com\/insomniacgames\/status\/1999260023268966502\" rel=\"nofollow\">sosiale medier<\/a> for \u00e5 uttrykke sin sorg over Wards bortgang.<\/p>\n<p>\u2013 Vi er helt knust over Jim Wards d\u00f8d. Hans bidrag til Ratchet &amp; Clank-serien kan ikke m\u00e5les. Som Captain Copernicus Leslie Qwark er han en legende i b\u00e5de v\u00e5re og v\u00e5re spilleres \u00f8yne, og et talent som rettmessig hylles p\u00e5 tvers av flere bransjer.<\/p>\n<p>Gjennom en karriere p\u00e5 vel over 40 \u00e5r, rakk han ogs\u00e5 \u00e5 levere stemmer til utallige filmer og TV-serier. For eksempel medvirket han i Fairly OddParents, Ben 10, Biler og Wall-E.<\/p>\n<p>Som <a role=\"link\" href=\"https:\/\/www.hollywoodreporter.com\/tv\/tv-news\/jim-ward-dead-fairly-oddparents-ratchet-clank-1236448605\/\" rel=\"nofollow noopener\" target=\"_blank\">The Hollywood Reporter<\/a> melder, tapte Ward til slutt en \u00e5tte \u00e5r lang kamp mot Alzheimers. Han etterlater seg sin kone, <strong>Janice Ward<\/strong>.<\/p>\n","protected":false},"excerpt":{"rendered":"Spillbransjen mistet nylig en av sine mest rutinerte stemmeskuespillere. Jim Ward gikk bort 10. desember, i en alder&hellip;\n","protected":false},"author":2,"featured_media":121844,"comment_status":"","ping_status":"","sticky":false,"template":"","format":"standard","meta":{"footnotes":""},"categories":[58],"tags":[71,30,28,29,72],"class_list":{"0":"post-121843","1":"post","2":"type-post","3":"status-publish","4":"format-standard","5":"has-post-thumbnail","7":"category-underholdning","8":"tag-entertainment","9":"tag-no","10":"tag-norge","11":"tag-norway","12":"tag-underholdning"},"share_on_mastodon":{"url":"https:\/\/pubeurope.com\/@no\/115782211558531550","error":""},"_links":{"self":[{"href":"https:\/\/www.europesays.com\/no\/wp-json\/wp\/v2\/posts\/121843","targetHints":{"allow":["GET"]}}],"collection":[{"href":"https:\/\/www.europesays.com\/no\/wp-json\/wp\/v2\/posts"}],"about":[{"href":"https:\/\/www.europesays.com\/no\/wp-json\/wp\/v2\/types\/post"}],"author":[{"embeddable":true,"href":"https:\/\/www.europesays.com\/no\/wp-json\/wp\/v2\/users\/2"}],"replies":[{"embeddable":true,"href":"https:\/\/www.europesays.com\/no\/wp-json\/wp\/v2\/comments?post=121843"}],"version-history":[{"count":0,"href":"https:\/\/www.europesays.com\/no\/wp-json\/wp\/v2\/posts\/121843\/revisions"}],"wp:featuredmedia":[{"embeddable":true,"href":"https:\/\/www.europesays.com\/no\/wp-json\/wp\/v2\/media\/121844"}],"wp:attachment":[{"href":"https:\/\/www.europesays.com\/no\/wp-json\/wp\/v2\/media?parent=121843"}],"wp:term":[{"taxonomy":"category","embeddable":true,"href":"https:\/\/www.europesays.com\/no\/wp-json\/wp\/v2\/categories?post=121843"},{"taxonomy":"post_tag","embeddable":true,"href":"https:\/\/www.europesays.com\/no\/wp-json\/wp\/v2\/tags?post=121843"}],"curies":[{"name":"wp","href":"https:\/\/api.w.org\/{rel}","templated":true}]}}