{"id":121845,"date":"2025-12-25T21:01:09","date_gmt":"2025-12-25T21:01:09","guid":{"rendered":"https:\/\/www.europesays.com\/no\/121845\/"},"modified":"2025-12-25T21:01:09","modified_gmt":"2025-12-25T21:01:09","slug":"karen-22-gikk-alene-til-sorpolen","status":"publish","type":"post","link":"https:\/\/www.europesays.com\/no\/121845\/","title":{"rendered":"Karen (22) gikk alene til S\u00f8rpolen:"},"content":{"rendered":"<p>V\u00e5ren 2018: Karen Kylles\u00f8 st\u00e5r p\u00e5 Gr\u00f8nlandsisen og vaier et frossent norgesflagg.\u00a0<\/p>\n<p class=\"font-weight-normal m-font-weight-normal\" data-lab-font_weight=\"font-weight-normal\">Det biter i de r\u00f8dsprengte kinnene hennes. Hun smiler s\u00e5 hardt at kjeven blir st\u00f8l, og sommerfuglene kiler viltert i magen.\u00a0<\/p>\n<p class=\"no_italic m-no_italic font-weight-normal m-font-weight-normal\" data-lab-font_weight=\"font-weight-normal\" data-lab-italic=\"\">Mens vennene hjemme har konfirmert seg, har 15-\u00e5ringen v\u00e6rt p\u00e5 en fire uker lang polarekspedisjon, og n\u00e5 er hun tidenes yngste kvinne til \u00e5 ha krysset Gr\u00f8nland.<\/p>\n<p class=\"font-weight-normal m-font-weight-normal\" data-lab-font_weight=\"font-weight-normal\">Seiersf\u00f8lelsen er usl\u00e5elig, kjenner Karen, som allerede da vet at dette bare er starten.\u00a0<\/p>\n<p class=\"font-weight-bold m-font-weight-bold\" data-lab-font_weight=\"font-weight-bold\">Og i dag, et halvt ti\u00e5r seinere, har hun nettopp lagt en solo-tur til S\u00f8rpolen bak seg.\u00a0<\/p>\n<p>          <img loading=\"lazy\" decoding=\"async\" src=\"https:\/\/www.europesays.com\/no\/wp-content\/uploads\/2025\/12\/84011786.webp\" width=\"1800\" height=\"810\" title=\"\" alt=\"\" class=\"\" style=\"--aspect-ratio-image: 2.22; \"\/><\/p>\n<p>        &#8211; Men eventyret er langt ifra ferdig, forsikrer hun Dagbladet:<\/p>\n<p>          <img loading=\"lazy\" decoding=\"async\" src=\"https:\/\/www.europesays.com\/no\/wp-content\/uploads\/2025\/12\/84000519.webp\" width=\"1800\" height=\"1152\" title=\"\" alt=\"\" class=\"\" style=\"--aspect-ratio-image: 1.56; \"\/><\/p>\n<p>        &#8211; Det har s\u00e5 vidt begynt.<\/p>\n<p>&#8211; Helt vilt\u00a0\t<\/p>\n<p>&#8211; Jeg visste at Antarktis var st\u00f8rre, villere og mer ekstremt. Jeg bare M\u00c5TTE dit!\u00a0<\/p>\n<p>Karen sl\u00e5r ut med hendene. Med isbl\u00e5 \u00f8yne som str\u00e5ler av iver, brer et stort smil seg over fjeset, idet hun snakker om sin overst\u00e5tte ekspedisjon.<\/p>\n<p class=\"font-weight-bold m-font-weight-bold\" data-lab-font_weight=\"font-weight-bold\">Det er sein desember, og 22-\u00e5ringen er i Oslo for \u00e5 spille inn lydbok til debutboka \u00abHeilt aleine &#8211; 54 dager til S\u00f8rpolen\u00bb, som ble lansert i h\u00f8st.<\/p>\n<p>Vestlendingen har brukt ettermiddagen p\u00e5 \u00e5 holde foredrag om sine elleville reiser, og n\u00e5 m\u00f8ter hun Dagbladet under dempet lys i biblioteket p\u00e5 Grand Hotel.<\/p>\n<p class=\"italic m-italic\" data-lab-italic=\"italic\">&#8211; Hvordan er det \u00e5 v\u00e6re i storbyen? Savner du Antarktis?\u00a0<\/p>\n<p>\u00a0&#8211; Haha, ja, det er klart! Spesielt roen og avkoblinga fra verden, sier Karen og ler s\u00e5 de lyse lokkene danser over skuldrene.\u00a0<\/p>\n<p>        <img loading=\"lazy\" decoding=\"async\" src=\"https:\/\/www.europesays.com\/no\/wp-content\/uploads\/2025\/12\/84011105.webp\" width=\"667\" height=\"381\" title=\"POLFARER OG FORFATTER: Karen Kylles\u00f8 har mange jern i ilden. Foto: John Terje Pedersen \/ Dagbladet.\" alt=\"\" class=\"\" style=\"--aspect-ratio-image: 1.75; \"\/><\/p>\n<p>\n        POLFARER OG FORFATTER: Karen Kylles\u00f8 har mange jern i ilden. Foto: John Terje Pedersen \/ Dagbladet.\n    <\/p>\n<p>I hele to m\u00e5neder, fra november til januar i fjor, var hun i sin egen boble, totalt skjermet fra alt som heter internett, sosiale medier og nyhetsbilde.<\/p>\n<p class=\"font-weight-normal m-font-weight-normal\" data-lab-font_weight=\"font-weight-normal\">&#8211; Det er helt vilt hvor mye mindre p\u00e5virket jeg ble av alt rundt meg p\u00e5 den tida. Alt jeg opplevde var mine egne opplevelser &#8211; ikke noe jeg s\u00e5 p\u00e5 en skjerm. Jeg kjente at jeg p\u00e5 ekte levde.<\/p>\n<p>    Fakta om S\u00f8rpolen:<\/p>\n<ul>\n<li class=\"lab-bodytext-line\">S\u00f8rpolen (eller Sydpolen) er jordas s\u00f8rligste punkt &#8211; det vil si den s\u00f8rlige enden av jordas rotasjonsakse, p\u00e5 90 grader s\u00f8rlig bredde.<\/li>\n<li class=\"lab-bodytext-line\">S\u00f8rpolspunktet ligger 2800 meter over havet p\u00e5 innlandsisen sentralt i Antarktis.\u00a0<\/li>\n<li class=\"lab-bodytext-line\">Selve fjellgrunnen ligger like over havniv\u00e5et, hvilket betyr at isen er cirka 2800 meter tjukk p\u00e5 polpunktet,\u00a0<a href=\"https:\/\/snl.no\/Sydpolen\" rel=\"nofollow noopener\" target=\"_blank\">if\u00f8lge Store norske leksikon.<\/a><\/li>\n<li class=\"lab-bodytext-line\">S\u00f8rpolen har et av de kaldeste klimaene p\u00e5 jorden. P\u00e5 midtsommeren er middeltemperaturen cirka 25 minusgrader, mens temperaturen om vinteren holder seg jevnt rundt 65 minusgrader.\u00a0<\/li>\n<li class=\"lab-bodytext-line\">Laveste m\u00e5lte temperatur p\u00e5 S\u00f8rpolen, er 83 minusgrader.<\/li>\n<\/ul>\n<p>      Vis mer<br \/>\n      Vis mindre<\/p>\n<p>&#8211; Krevende og tungt\u00a0\t<\/p>\n<p>Selv etter flere dager med studio-innspilling og gjentatte foredrag, er Karen energisk og \u00abp\u00e5\u00bb. I strikkegenser og jeans sitter hun tilbakelent og forteller ivrig om livet som polfarer.\u00a0<\/p>\n<p>&#8211; Det er rart hvordan tankesettet endrer seg, ogs\u00e5. Her hjemme tenker jeg over hva jeg har p\u00e5 meg og hva folk synes. N\u00e5r jeg er p\u00e5 tur, er det eneste viktige om kl\u00e6rne mine er varme nok.<\/p>\n<p class=\"font-weight-normal m-font-weight-normal\" data-lab-font_weight=\"font-weight-normal\">Hun kaster et blikk ut i det stilrene biblioteket, fylt med fl\u00f8yelsm\u00f8bler og m\u00f8rkt treverk. Det klirrer i cocktailglass. P\u00e5 et mannesterkt nabobord deles r\u00f8verhistorier.<\/p>\n<p>Sist Karen<a href=\"https:\/\/www.dagbladet.no\/nyheter\/karen-21-skal-ga-til-sydpolen-alene\/82034617\" rel=\"nofollow noopener\" target=\"_blank\"> tok en prat med Dagbladet<\/a>, var hun f\u00e5 uker unna den s\u00e6rs krevende reisen fra Hercules Inlet til S\u00f8rpolen. Hun skulle da g\u00e5 1130 kilometer p\u00e5 ski.<\/p>\n<p class=\"font-weight-bold m-font-weight-bold\" data-lab-font_weight=\"font-weight-bold\">&#8211; Jeg hadde aldri v\u00e6rt s\u00e5 lenge alene f\u00f8r, og aldri s\u00e5 langt borte fra mennesker. Det var \u00e9n av de st\u00f8rste utfordringene med turen, forteller hun.\u00a0<\/p>\n<p>        <img loading=\"lazy\" decoding=\"async\" src=\"https:\/\/www.europesays.com\/no\/wp-content\/uploads\/2025\/12\/84011790.webp\" width=\"980\" height=\"559\" title=\"ALENETID: Flere sp\u00f8r Karen hvordan hun takler \u00e5 v\u00e6re s\u00e5 mye alene. Selv forteller hun at det var rart i starten, men at hun ble fort vant. Hun bruker tida til \u00e5 lese, h\u00f8re p\u00e5 podkast og \u00e5 tegne. Foto: Privat,\" alt=\"\" class=\"\" style=\"--aspect-ratio-image: 1.75; \"\/><\/p>\n<p>\n        ALENETID: Flere sp\u00f8r Karen hvordan hun takler \u00e5 v\u00e6re s\u00e5 mye alene. Selv forteller hun at det var rart i starten, men at hun ble fort vant. Hun bruker tida til \u00e5 lese, h\u00f8re p\u00e5 podkast og \u00e5 tegne. Foto: Privat,\n    <\/p>\n<p>Siden sesongen i Antarktis er kort, og v\u00e6ret kan v\u00e6re utfordrende, hadde Karen rundt 60 dager f\u00f8r hun m\u00e5tte v\u00e6re framme. Friskusen hadde pakket for \u00e5 v\u00e6re borte i 55 dager, og h\u00e5pet \u00e5 bruke 50. Det endte p\u00e5 54.<\/p>\n<p>&#8211; Det var en fysisk krevende og tung reise. Det kjipeste var \u00e5 aldri ha noen \u00e5 kunne sparre med &#8211; jeg var n\u00f8dt til \u00e5 stole p\u00e5 egne valg og avgj\u00f8relser hele tida, sier hun og trekker ut mot Karl Johan.\u00a0<\/p>\n<p>&#8211; Men det har gjort meg ekstremt selvstendig ogs\u00e5. Det var en opplevelse for livet!\u00a0<\/p>\n<p>        <img loading=\"lazy\" decoding=\"async\" src=\"https:\/\/www.europesays.com\/no\/wp-content\/uploads\/2025\/12\/84000517.webp\" width=\"980\" height=\"559\" title=\"TURGLAD: Karen elsker \u00e5 legge ut p\u00e5 tur, sommer som vinter. Her fra S\u00f8rpolen-ekspedisjonen. Foto: Privat.\" alt=\"\" class=\"\" style=\"--aspect-ratio-image: 1.75; \"\/><\/p>\n<p>\n        TURGLAD: Karen elsker \u00e5 legge ut p\u00e5 tur, sommer som vinter. Her fra S\u00f8rpolen-ekspedisjonen. Foto: Privat.\n    <\/p>\n<p>Bedre p\u00e5 S\u00f8rpolen enn Oslo sentrum\t<\/p>\n<p>Utenfor Grand Hotel haster folk gatelangs, med ekorngrep om overfylte gaveposer.\u00a0<\/p>\n<p>Brosteinene er t\u00f8rre og sn\u00f8fri, men pyntede butikkruter setter julestemning med glitter og prangende lys.<\/p>\n<p>          <img loading=\"lazy\" decoding=\"async\" src=\"https:\/\/www.europesays.com\/no\/wp-content\/uploads\/2025\/12\/84011107.webp\" width=\"1800\" height=\"1152\" title=\"\" alt=\"\" class=\"\" style=\"--aspect-ratio-image: 1.56; \"\/><\/p>\n<p>\n        Oslo 20251217Karen Kylles\u00f8, 22 \u00e5r gammel polfarer og forfatter, ble verdens yngste til \u00e5 g\u00e5 alene til Sydpolen i jan i \u00e5r.Foto: John T. Pedersen \/ Dagbladet\u2014\u2014\u2014\u2014\u2014\u2014\u2014\u2014\u2014\u2014\u2014\u2014\u2014\u2014\u2014\u2014\u2014\u2014\u2014\u2014\u2014johntp66@gmail.comMob: 90559094@photographer_johntpedersenhttp:\/\/www.johntpedersen.com<br \/>\n        John T. Pedersen\n    <\/p>\n<p>        Karen krysser veien med trillekoffert, bag og veske p\u00e5 slep.<\/p>\n<p>          <img loading=\"lazy\" decoding=\"async\" src=\"https:\/\/www.europesays.com\/no\/wp-content\/uploads\/2025\/12\/84000520.webp\" width=\"1800\" height=\"720\" title=\"\" alt=\"\" class=\"\" style=\"--aspect-ratio-image: 2.50; \"\/><\/p>\n<p>        For ett \u00e5r siden krysset hun verdens st\u00f8rste isbre med tursekk og pulk.<\/p>\n<p>&#8211; Det er rart med det, men jeg f\u00f8ler meg st\u00f8digere p\u00e5 S\u00f8rpolen enn i Oslo, sier hun og humrer:<\/p>\n<p>          <img loading=\"lazy\" decoding=\"async\" src=\"https:\/\/www.europesays.com\/no\/wp-content\/uploads\/2025\/12\/84011792.webp\" width=\"1800\" height=\"810\" title=\"\" alt=\"\" class=\"\" style=\"--aspect-ratio-image: 2.22; \"\/><\/p>\n<p>        &#8211; Jeg navigerer bedre p\u00e5 Gr\u00f8nlandsisen enn p\u00e5 Gr\u00f8nland p\u00e5 T\u00f8yen, liksom!<\/p>\n<p>Karen titter bort p\u00e5 julemarkedet i Spikersuppa. N\u00e5 gleder hun seg til \u00e5 bruke romjula hjemme.\u00a0<\/p>\n<p class=\"font-weight-bold m-font-weight-bold\" data-lab-font_weight=\"font-weight-bold\">I fjor, mens jula ringte inn hos foreldrene i Hjelmeland kommune, l\u00e5 hun selv under en nedsn\u00f8dd teltduk, halvveis til Antarktis.\u00a0<\/p>\n<p>&#8211; Jeg feiret med ei hjemmestrikket julestr\u00f8mpe fra min far. Den inneholdt sjokolade og et kort fra han og mamma.<\/p>\n<p>Hun hadde ogs\u00e5 med seg en pakke serrano-skinke, hvor hun n\u00f8t cirka halvparten.<\/p>\n<p>        <img loading=\"lazy\" decoding=\"async\" src=\"https:\/\/www.europesays.com\/no\/wp-content\/uploads\/2025\/12\/84011781.webp\" width=\"980\" height=\"559\" title=\"JULESTEMNING: Karen fikk b\u00e5de julestr\u00f8mpe, kort og godteri den 24. desember 2024. Foto: Privat.\" alt=\"\" class=\"\" style=\"--aspect-ratio-image: 1.75; \"\/><\/p>\n<p>\n        JULESTEMNING: Karen fikk b\u00e5de julestr\u00f8mpe, kort og godteri den 24. desember 2024. Foto: Privat.\n    <\/p>\n<p>P\u00e5 nytt\u00e5rsaften gikk siste rest av skinka ned p\u00e5 h\u00f8ykant &#8211; akkompagnert av en smellbongbong, papirkrone og et stjerneskudd:<\/p>\n<p>        <img loading=\"lazy\" decoding=\"async\" src=\"https:\/\/www.europesays.com\/no\/wp-content\/uploads\/2025\/12\/84011787.webp\" width=\"667\" height=\"381\" title=\"FEIRING: 22-\u00e5ringen gikk inn i det nye \u00e5ret med krone, serrano-skinke og god stemning. Foto: Privat.\" alt=\"\" class=\"\" style=\"--aspect-ratio-image: 1.75; \"\/><\/p>\n<p>\n        FEIRING: 22-\u00e5ringen gikk inn i det nye \u00e5ret med krone, serrano-skinke og god stemning. Foto: Privat.\n    <\/p>\n<p>22-\u00e5ringen sier hun gleder seg til tida som kommer.\u00a0<\/p>\n<p class=\"font-weight-bold m-font-weight-bold\" data-lab-font_weight=\"font-weight-bold\">Samtidig r\u00f8per hun at det ikke har v\u00e6rt bare plankekj\u00f8ring \u00e5 bli polfarer:<\/p>\n<p>&#8211; Jeg har ofret veldig mye av ungdomstida mi (&#8230;) Jeg prioriterte \u00f8konomi og trening over fest, og det var mye jeg ikke ble med p\u00e5.\u00a0<\/p>\n<p>Hun blir stille noen sekunder. Tenker p\u00e5 alt hun har sagt nei til.\u00a0<\/p>\n<p>&#8211; Jeg tok helt andre valg enn andre p\u00e5 min alder. Det var vanskelig \u00e5 skille meg s\u00e5 mye ut.<\/p>\n<p>&#8211; D\u00f8dsangst flere ganger\u00a0\t<\/p>\n<p>Til tider har Karen ogs\u00e5 st\u00e5tt overfor store utfordringer p\u00e5 turene sine. Da hun som 15-\u00e5ring var p\u00e5 vei til Gr\u00f8nland, sammen med guide-selskapet Ousland Explorers, var de p\u00e5 et tidspunkt v\u00e6rfast:\u00a0<\/p>\n<p class=\"font-weight-bold m-font-weight-bold\" data-lab-font_weight=\"font-weight-bold\">&#8211; Det var full storm. Vi sto fast i tre dager, sier Karen, som l\u00e5 og skriblet i en tegnebok mens vinden rev og r\u00f8sket i teltduken.\u00a0<\/p>\n<p>&#8211; Jeg visste det ikke da, men i det skjulte hadde gruppa lagt en slagplan for hvordan de skulle redde livet mitt, dersom det skulle bli riktig ille.\u00a0<\/p>\n<p>        <img loading=\"lazy\" decoding=\"async\" src=\"https:\/\/www.europesays.com\/no\/wp-content\/uploads\/2025\/12\/84000525.webp\" width=\"980\" height=\"559\" title=\"VOLDSOMT: Det var til tider voldsomme scener under krysningen av Gr\u00f8nlandsisen i 2018. Foto: Privat.\" alt=\"\" class=\"\" style=\"--aspect-ratio-image: 1.75; \"\/><\/p>\n<p>\n        VOLDSOMT: Det var til tider voldsomme scener under krysningen av Gr\u00f8nlandsisen i 2018. Foto: Privat.\n    <\/p>\n<p>Karen trekker h\u00e5ret bak \u00f8ret. I etterkant er hun glad hun ikke visste hvor r\u00f8ft uv\u00e6ret egentlig var.\u00a0<\/p>\n<p class=\"font-weight-bold m-font-weight-bold\" data-lab-font_weight=\"font-weight-bold\">&#8211; Et lag hadde mistet et telt, og p\u00e5 et annet lag var det en deltaker som nesten d\u00f8de.\u00a0<\/p>\n<p>&#8211; Jeg tror jeg var s\u00e5 ung at jeg ikke forsto alvoret. Jeg har mer skrekk og respekt for s\u00e5nt n\u00e5 enn jeg hadde da.<\/p>\n<p>        <img loading=\"lazy\" decoding=\"async\" src=\"https:\/\/www.europesays.com\/no\/wp-content\/uploads\/2025\/12\/84000523.webp\" width=\"980\" height=\"559\" title=\"V\u00c6RFAST: I 2018 var Karen og gruppa v\u00e6rfast i flere dager. Foto: Privat.\" alt=\"\" class=\"\" style=\"--aspect-ratio-image: 1.75; \"\/><\/p>\n<p>\n        V\u00c6RFAST: I 2018 var Karen og gruppa v\u00e6rfast i flere dager. Foto: Privat.\n    <\/p>\n<p data-lab-italic=\"italic\" class=\"italic m-italic\">&#8211; Tror du foreldrene dine er redde for deg n\u00e5r du er p\u00e5 tur?<\/p>\n<p>&#8211; Det var nok verst i starten, de er mer vant til det n\u00e5. Samtidig tror jeg mamma kjenner p\u00e5 det hver gang jeg reiser.\u00a0<\/p>\n<p class=\"italic m-italic\" data-lab-italic=\"italic\">&#8211; Hva med deg selv &#8211; er du redd n\u00e5r du er p\u00e5 tur?\u00a0<\/p>\n<p>&#8211; Jeg har hatt litt d\u00f8dsangst, ja &#8211; opptil flere ganger. Men jeg har med tida l\u00e6rt meg til \u00e5 finne l\u00f8sninger p\u00e5 problemene f\u00f8rst.<\/p>\n<p>          <img loading=\"lazy\" decoding=\"async\" src=\"https:\/\/www.europesays.com\/no\/wp-content\/uploads\/2025\/12\/84000516.webp\" width=\"1800\" height=\"810\" title=\"\" alt=\"\" class=\"\" style=\"--aspect-ratio-image: 2.22; \"\/><\/p>\n<p>\n        SAMSUNG CAMERA PICTURES<br \/>\n        Copyright 2012\n    <\/p>\n<p>        &#8211; Jeg l\u00f8ser det jeg kan, s\u00e5 kommer ofte skrekken etterp\u00e5.<\/p>\n<p>          <img loading=\"lazy\" decoding=\"async\" src=\"https:\/\/www.europesays.com\/no\/wp-content\/uploads\/2025\/12\/84013028.webp\" width=\"1800\" height=\"810\" title=\"\" alt=\"\" class=\"\" style=\"--aspect-ratio-image: 2.22; \"\/><\/p>\n<p>        &#8211; Da tenker jeg: \u00abShit, det der kunne g\u00e5tt virkelig galt\u00bb.<\/p>\n<p>P\u00e5 Antarktis-turen oppsto det ogs\u00e5 dramatikk:\u00a0<\/p>\n<p class=\"font-weight-bold m-font-weight-bold\" data-lab-font_weight=\"font-weight-bold\">&#8211; Jeg ble v\u00e6rfast og hadde d\u00e5rlig tid. Jeg var nesten tom for mat og l\u00e5 d\u00e5rlig an. Jeg var redd det ikke skulle g\u00e5, r\u00f8per hun.<\/p>\n<p>Flere synes Karens livsstil virker ekstrem. Selv synes hun den er \u00abhelt ordin\u00e6r\u00bb.<\/p>\n<p>&#8211; For meg er ikke dette s\u00e5 spesielt. Jeg synes det er mer ekstremt \u00e5 skulle sette seg i bilen og kj\u00f8re en lang tur, egentlig.\u00a0<\/p>\n<p>Engasjert snakker hun om st\u00f8rre og mindre framtidsplaner:<\/p>\n<p>&#8211; Jeg har mye stort p\u00e5 gang, smiler hun blidt.\u00a0<\/p>\n<p>        <img loading=\"lazy\" decoding=\"async\" src=\"https:\/\/www.europesays.com\/no\/wp-content\/uploads\/2025\/12\/84011106.webp\" width=\"980\" height=\"559\" title=\"SPREKING: Karen elsker \u00e5 v\u00e6re ute i naturen - gjerne i lange perioder av gangen. Foto: John Terje Pedersen \/ Dagbladet.\" alt=\"\" class=\"\" style=\"--aspect-ratio-image: 1.75; \"\/><\/p>\n<p>\n        SPREKING: Karen elsker \u00e5 v\u00e6re ute i naturen &#8211; gjerne i lange perioder av gangen. Foto: John Terje Pedersen \/ Dagbladet.\n    <\/p>\n<p> Neste m\u00e5l p\u00e5 lista er \u00e5 g\u00e5 Svalbard p\u00e5 langs &#8211; og seinere i \u00e5r skal hun, sammen med seks andre, bestige Denali i Alaska.\u00a0<\/p>\n<p>Det er verdens kaldeste fjell, som mange kjenner fra NRK-serien \u00abEkspedisjonen\u00bb, hvor\u00a0<a href=\"https:\/\/www.dagbladet.no\/kjendis\/elsker-den-dama\/83616414\" rel=\"nofollow noopener\" target=\"_blank\">blant annet Harald R\u00f8nneberg og Anne Lindmo var en del\u00a0<\/a>av turf\u00f8lget. <\/p>\n<p>        <img loading=\"lazy\" decoding=\"async\" src=\"https:\/\/www.europesays.com\/no\/wp-content\/uploads\/2025\/12\/84012362.webp\" width=\"980\" height=\"559\" title=\"DELTAKERNE: Tete Lidbom, Espen Nakstad, Harald R\u00f8nneberg, Anne Lindmo, Inga Str\u00fcmke og Hedvig Wessel var gjengen som la i vei for \u00e5 bestige Denali under NRKs nye ekspedisjon. Foto: \u00d8yvind Nordahl N\u00e6ss \/ Strix\" alt=\"\" class=\"\" style=\"--aspect-ratio-image: 1.75; \"\/><\/p>\n<p>\n        DELTAKERNE: Tete Lidbom, Espen Nakstad, Harald R\u00f8nneberg, Anne Lindmo, Inga Str\u00fcmke og Hedvig Wessel var gjengen som la i vei for \u00e5 bestige Denali under NRKs nye ekspedisjon. Foto: \u00d8yvind Nordahl N\u00e6ss \/ Strix\n    <\/p>\n<p>Blir sterkere\t<\/p>\n<p>Til tross for knallharde prioriteringer og utfordrende reiser, angrer Karen ikke. Hun sier opplevelsene har gitt henne mye:<\/p>\n<p>&#8211; Dette har alltid v\u00e6rt livsdr\u00f8mmen min, og jeg l\u00e6rer masse hele tida. Ting kunne ikke v\u00e6rt bedre.<\/p>\n<p class=\"font-weight-normal m-font-weight-normal\" data-lab-font_weight=\"font-weight-normal\">Hun kommer med en beskjed til andre som sitter med samme dr\u00f8m:\u00a0<\/p>\n<p class=\"font-weight-normal m-font-weight-normal\" data-lab-font_weight=\"font-weight-normal\">&#8211; Du m\u00e5 t\u00f8rre \u00e5 st\u00e5 i det.<\/p>\n<p>          <img loading=\"lazy\" decoding=\"async\" src=\"https:\/\/www.europesays.com\/no\/wp-content\/uploads\/2025\/12\/84000518.webp\" width=\"1800\" height=\"720\" title=\"\" alt=\"\" class=\"\" style=\"--aspect-ratio-image: 2.50; \"\/><\/p>\n<p>        &#8211; Klarer du \u00e5 st\u00e5 i at du er annerledes, s\u00e5 kommer du mye sterkere ut i andre enden.<\/p>\n<p>          <img loading=\"lazy\" decoding=\"async\" src=\"https:\/\/www.europesays.com\/no\/wp-content\/uploads\/2025\/12\/84011791.webp\" width=\"1800\" height=\"720\" title=\"\" alt=\"\" class=\"\" style=\"--aspect-ratio-image: 2.50; \"\/><\/p>\n<p>        &#8211; Det blir hundre prosent verdt det.<\/p>\n<p>\u00a0<\/p>\n","protected":false},"excerpt":{"rendered":"V\u00e5ren 2018: Karen Kylles\u00f8 st\u00e5r p\u00e5 Gr\u00f8nlandsisen og vaier et frossent norgesflagg.\u00a0 Det biter i de r\u00f8dsprengte kinnene&hellip;\n","protected":false},"author":2,"featured_media":121846,"comment_status":"","ping_status":"","sticky":false,"template":"","format":"standard","meta":{"footnotes":""},"categories":[12],"tags":[1327,150,4426,20,21,24,25,15,5593,13692,7415,22,23,13,30,28,29,14,16,4005,7418,26,27,42,43,44,45],"class_list":{"0":"post-121845","1":"post","2":"type-post","3":"status-publish","4":"format-standard","5":"has-post-thumbnail","7":"category-verden","8":"tag-antarktis","9":"tag-bok","10":"tag-bokmerker","11":"tag-breaking-news","12":"tag-breakingnews","13":"tag-featured-news","14":"tag-featurednews","15":"tag-headlines","16":"tag-jul","17":"tag-julefeiring","18":"tag-karen-kylleso","19":"tag-latest-news","20":"tag-latestnews","21":"tag-news","22":"tag-no","23":"tag-norge","24":"tag-norway","25":"tag-nyheter","26":"tag-overskrifter","27":"tag-some","28":"tag-sorpolen","29":"tag-top-stories","30":"tag-topstories","31":"tag-verden","32":"tag-world","33":"tag-world-news","34":"tag-worldnews"},"share_on_mastodon":{"url":"https:\/\/pubeurope.com\/@no\/115782236027640378","error":""},"_links":{"self":[{"href":"https:\/\/www.europesays.com\/no\/wp-json\/wp\/v2\/posts\/121845","targetHints":{"allow":["GET"]}}],"collection":[{"href":"https:\/\/www.europesays.com\/no\/wp-json\/wp\/v2\/posts"}],"about":[{"href":"https:\/\/www.europesays.com\/no\/wp-json\/wp\/v2\/types\/post"}],"author":[{"embeddable":true,"href":"https:\/\/www.europesays.com\/no\/wp-json\/wp\/v2\/users\/2"}],"replies":[{"embeddable":true,"href":"https:\/\/www.europesays.com\/no\/wp-json\/wp\/v2\/comments?post=121845"}],"version-history":[{"count":0,"href":"https:\/\/www.europesays.com\/no\/wp-json\/wp\/v2\/posts\/121845\/revisions"}],"wp:featuredmedia":[{"embeddable":true,"href":"https:\/\/www.europesays.com\/no\/wp-json\/wp\/v2\/media\/121846"}],"wp:attachment":[{"href":"https:\/\/www.europesays.com\/no\/wp-json\/wp\/v2\/media?parent=121845"}],"wp:term":[{"taxonomy":"category","embeddable":true,"href":"https:\/\/www.europesays.com\/no\/wp-json\/wp\/v2\/categories?post=121845"},{"taxonomy":"post_tag","embeddable":true,"href":"https:\/\/www.europesays.com\/no\/wp-json\/wp\/v2\/tags?post=121845"}],"curies":[{"name":"wp","href":"https:\/\/api.w.org\/{rel}","templated":true}]}}