{"id":121847,"date":"2025-12-25T21:06:15","date_gmt":"2025-12-25T21:06:15","guid":{"rendered":"https:\/\/www.europesays.com\/no\/121847\/"},"modified":"2025-12-25T21:06:15","modified_gmt":"2025-12-25T21:06:15","slug":"vi-trenger-faerre-og-sterkere-kommuner-i-nord-nrk-troms-og-finnmark","status":"publish","type":"post","link":"https:\/\/www.europesays.com\/no\/121847\/","title":{"rendered":"\u2013 Vi trenger f\u00e6rre og sterkere kommuner i nord \u2013 NRK Troms og Finnmark"},"content":{"rendered":"<p><strong>\u2013 Vi trenger f\u00e6rre og sterkere kommuner.<\/strong><\/p>\n<p>Det sier leder i Troms Unge H\u00f8yre, Lennart Jenssen.<\/p>\n<p>\u2013 Nesten uansett st\u00f8rrelse p\u00e5 kommunene, enten det er Troms\u00f8 som har rundt 80.000 innbyggere, eller det er Lavangen som har 987, s\u00e5 forventer vi at alle skal kunne levere samme velferdstjenester. Det er alt fra skole til barnevern og eldreomsorg.<\/p>\n<p><strong>\u2013 Vi mener ikke det er realistisk n\u00e5r forskjellen mellom kommunene er s\u00e5 stor, sier Unge H\u00f8yre-lederen.<\/strong><\/p>\n<p>\u2013 Identitet skal ikke veie tyngre enn velferd<\/p>\n<p>Jenssen tror befolkningsnedgangen i sm\u00e5 kommuner vil presse frem f\u00e6rre og st\u00f8rre kommuner.<\/p>\n<p><strong>Selv bor han i Nordreisa, og tror en stor sammensl\u00e5tt kommune i Nord-Troms vil kunne gi innbyggerne et bedre tilbud enn i dag. Han tror mye av motstanden mot sammensl\u00e5ing handler om identitet.<\/strong><\/p>\n<p>\u2013 Identitet forsvinner ikke bare fordi kommunegrensa endres. Du kan fortsatt v\u00e6re troms\u00f8v\u00e6ring eller kv\u00e6nangsv\u00e6ring, uansett om kommunene er sammensl\u00e5tt eller ikke.<\/p>\n<p><strong>\u2013 Jeg syns ikke det skal veie tyngre enn at vi klarer \u00e5 levere gode velferdstjenester og sikre at lokalsamfunnene faktisk kan utvikle seg.<\/strong><\/p>\n<p>Vil la det v\u00e6re opp til den enkelte<\/p>\n<p>\u2013 Hvis de selv \u00f8nsker at man skal sl\u00e5 sammen to kommuner, og de mener det er riktig for seg selv, skal ikke jeg st\u00e5 i veien for det. Vi i AUF vil aldri v\u00e6re noen stopper eller p\u00e5driver for kommunesammensl\u00e5inger, sier leder i AUF i Troms, Sigurd Myrseth Wormdal.<\/p>\n<p><strong>Han ser ikke behovet for ei kommunesammensl\u00e5ing i Troms. AUF mener det m\u00e5 v\u00e6re opp til hver enkelt kommune om de vil sl\u00e5s sammen.<\/strong><\/p>\n<p><img decoding=\"async\"   src=\"data:image\/gif;base64,R0lGODlhAQABAIAAAAAAAP\/\/\/yH5BAEAAAAALAAAAAABAAEAAAIBRAA7\" loading=\"eager\" alt=\"en mann i en hvit t-skjorte\" title=\"Foto: Simen Wingstad \/ NRK\"\/><\/p>\n<p class=\"\">Leder AUF i Troms, Sigurd Myrseth Wormdal.<\/p>\n<p>Foto: Simen Wingstad \/ NRK<\/p>\n<p>AUF i Troms tror ikke nedgang i folketallet i de minste kommunene vil tvinge frem kommunesammensl\u00e5inger.<\/p>\n<p>\u2013 Det er \u00e5penbart vanskeligheter som med alle andre fylker og alle andre steder i Norge, men jeg vil ikke si at den befolkningsutviklingen vi har hatt i det siste, er en utfordring for de kommunene vi har i Troms.<\/p>\n<p><strong>\u2013 Og jeg tror absolutt at det vi har n\u00e5, kommer til \u00e5 kunne best\u00e5. Slik som det er n\u00e5, vil jeg ikke si at det er noe problem.<\/strong><\/p>\n<p>Publisert<\/p>\n<p>25.12.2025, kl. 09.37<\/p>\n","protected":false},"excerpt":{"rendered":"\u2013 Vi trenger f\u00e6rre og sterkere kommuner. Det sier leder i Troms Unge H\u00f8yre, Lennart Jenssen. \u2013 Nesten&hellip;\n","protected":false},"author":2,"featured_media":121848,"comment_status":"","ping_status":"","sticky":false,"template":"","format":"standard","meta":{"footnotes":""},"categories":[10],"tags":[20,21,24,25,15,22,23,13,30,28,29,14,16,26,27],"class_list":{"0":"post-121847","1":"post","2":"type-post","3":"status-publish","4":"format-standard","5":"has-post-thumbnail","7":"category-norge","8":"tag-breaking-news","9":"tag-breakingnews","10":"tag-featured-news","11":"tag-featurednews","12":"tag-headlines","13":"tag-latest-news","14":"tag-latestnews","15":"tag-news","16":"tag-no","17":"tag-norge","18":"tag-norway","19":"tag-nyheter","20":"tag-overskrifter","21":"tag-top-stories","22":"tag-topstories"},"share_on_mastodon":{"url":"https:\/\/pubeurope.com\/@no\/115782246963000209","error":""},"_links":{"self":[{"href":"https:\/\/www.europesays.com\/no\/wp-json\/wp\/v2\/posts\/121847","targetHints":{"allow":["GET"]}}],"collection":[{"href":"https:\/\/www.europesays.com\/no\/wp-json\/wp\/v2\/posts"}],"about":[{"href":"https:\/\/www.europesays.com\/no\/wp-json\/wp\/v2\/types\/post"}],"author":[{"embeddable":true,"href":"https:\/\/www.europesays.com\/no\/wp-json\/wp\/v2\/users\/2"}],"replies":[{"embeddable":true,"href":"https:\/\/www.europesays.com\/no\/wp-json\/wp\/v2\/comments?post=121847"}],"version-history":[{"count":0,"href":"https:\/\/www.europesays.com\/no\/wp-json\/wp\/v2\/posts\/121847\/revisions"}],"wp:featuredmedia":[{"embeddable":true,"href":"https:\/\/www.europesays.com\/no\/wp-json\/wp\/v2\/media\/121848"}],"wp:attachment":[{"href":"https:\/\/www.europesays.com\/no\/wp-json\/wp\/v2\/media?parent=121847"}],"wp:term":[{"taxonomy":"category","embeddable":true,"href":"https:\/\/www.europesays.com\/no\/wp-json\/wp\/v2\/categories?post=121847"},{"taxonomy":"post_tag","embeddable":true,"href":"https:\/\/www.europesays.com\/no\/wp-json\/wp\/v2\/tags?post=121847"}],"curies":[{"name":"wp","href":"https:\/\/api.w.org\/{rel}","templated":true}]}}