{"id":121849,"date":"2025-12-25T21:13:18","date_gmt":"2025-12-25T21:13:18","guid":{"rendered":"https:\/\/www.europesays.com\/no\/121849\/"},"modified":"2025-12-25T21:13:18","modified_gmt":"2025-12-25T21:13:18","slug":"over-1-500-til-kinoen-pa-lillehammer-forste-juledag-gudbrandsdolen-dagningen","status":"publish","type":"post","link":"https:\/\/www.europesays.com\/no\/121849\/","title":{"rendered":"Over 1 500 til kinoen p\u00e5 Lillehammer f\u00f8rste juledag &#8211; Gudbrandsd\u00f8len Dagningen"},"content":{"rendered":"<ol>\n<li><a href=\"https:\/\/news.google.com\/rss\/articles\/CBMijAFBVV95cUxNUGtnaXFyaThEZUxmY1ExVUE1ekRxQkdaT0JVaGtwU0M0S2FIT0JuU3R6bmFzYVZ3SnlkbUJtdVNJeEpZd1ZYMnFBTGpUZ0F6ZWo2X0hsZ2g2WnVaNUdVUWVvWXhndWtaSmJYV1RwY0t3alFjeW95cloxQ19vdnE0MVBlMWFEaHhZTnR2UA?oc=5\" target=\"_blank\" rel=\"nofollow noopener\">Over 1 500 til kinoen p\u00e5 Lillehammer f\u00f8rste juledag<\/a>&nbsp;&nbsp;Gudbrandsd\u00f8len Dagningen<\/li>\n<li><a href=\"https:\/\/news.google.com\/rss\/articles\/CBMilwFBVV95cUxQaHBXTlZobmRrSTdLVEtwUFZNUEt4SS1WTTVfTlhvMGx1eHN2dGVrblZMNXFoRW9qWk9ya0o5Mnh6LVYyVTdHa1ZFRTNMaG5JZlo1d2JBaFBWQlR0eXZoZlA5T2xoQlZVVzhBRlQzSUFDNlF6dndpa1RybW96bE5NeUt6eXZkbWhBYXBPUW5mWkNrUllXOElN?oc=5\" target=\"_blank\" rel=\"nofollow noopener\">(+) Fullsatt p\u00e5 premiere: \u2013 Det m\u00e5 bli terningkast seks<\/a>&nbsp;&nbsp;innherred.no<\/li>\n<li><a href=\"https:\/\/news.google.com\/rss\/articles\/CBMid0FVX3lxTE00MFAwbDUySWRZa3pFNWFHNkY1bGthREtCelF1Qy1nQWd3bEdaa2VBNTJPcy1jbFBPbHgtT1l6cGVXQkxMVThFRVF6Wk5DUVMyR1Z0a3A4X1dxbVpJdzRYOU9iTDN6M3JOVVYzRVpaajBtUUlmcUpr?oc=5\" target=\"_blank\" rel=\"nofollow noopener\">&#8211; Deilig \u00e5 v\u00e6re litt g\u00e6ren<\/a>&nbsp;&nbsp;Dagbladet<\/li>\n<li><a href=\"https:\/\/news.google.com\/rss\/articles\/CBMingFBVV95cUxPUnJiQXVoWWpMRi1LZGVVb0FxME1FTnVpLVVKU3VRVXRXVjZ0Wk5hUGk1RUZFTXFtTzF2T0hfWnB1RDRwSjJNSTZOQ3JHSldxT0JaYWg1cmtyblNOSUtsWG9EZkx3RTN5V21meFN0QkVIWWN5ZEd1TS1ZbTQtd0swRXBxdjFfSTRPWHhqZXVqYTFnQzE5TTg5S0xyQ2xqdw?oc=5\" target=\"_blank\" rel=\"nofollow noopener\">Full sal da den nye Fl\u00e5klypa-filmen hadde premiere<\/a>&nbsp;&nbsp;lister24.no<\/li>\n<li><a href=\"https:\/\/news.google.com\/rss\/articles\/CBMif0FVX3lxTE4wd0p0NGRXcXBGVVYybUd1b1RhOGNZeV83dWRtYjR0N1pyVU5XeXQ3TDF0SEdWMExwel9EWGpOU1dIS09iS3c2dkNJd2lORlI2V29veEFVeEs5bU40b0xlejdteEIySUF4dXdBNWhvdDg1LXI1dmtacml2cEZOTG8?oc=5\" target=\"_blank\" rel=\"nofollow noopener\">(+) Sentral i film til 56 millioner kroner<\/a>&nbsp;&nbsp;l-a.no<\/li>\n<\/ol>\n","protected":false},"excerpt":{"rendered":"Over 1 500 til kinoen p\u00e5 Lillehammer f\u00f8rste juledag&nbsp;&nbsp;Gudbrandsd\u00f8len Dagningen (+) Fullsatt p\u00e5 premiere: \u2013 Det m\u00e5 bli&hellip;\n","protected":false},"author":2,"featured_media":121850,"comment_status":"","ping_status":"","sticky":false,"template":"","format":"standard","meta":{"footnotes":""},"categories":[58],"tags":[71,30,28,29,72],"class_list":{"0":"post-121849","1":"post","2":"type-post","3":"status-publish","4":"format-standard","5":"has-post-thumbnail","7":"category-underholdning","8":"tag-entertainment","9":"tag-no","10":"tag-norge","11":"tag-norway","12":"tag-underholdning"},"share_on_mastodon":{"url":"https:\/\/pubeurope.com\/@no\/115782274442009972","error":""},"_links":{"self":[{"href":"https:\/\/www.europesays.com\/no\/wp-json\/wp\/v2\/posts\/121849","targetHints":{"allow":["GET"]}}],"collection":[{"href":"https:\/\/www.europesays.com\/no\/wp-json\/wp\/v2\/posts"}],"about":[{"href":"https:\/\/www.europesays.com\/no\/wp-json\/wp\/v2\/types\/post"}],"author":[{"embeddable":true,"href":"https:\/\/www.europesays.com\/no\/wp-json\/wp\/v2\/users\/2"}],"replies":[{"embeddable":true,"href":"https:\/\/www.europesays.com\/no\/wp-json\/wp\/v2\/comments?post=121849"}],"version-history":[{"count":0,"href":"https:\/\/www.europesays.com\/no\/wp-json\/wp\/v2\/posts\/121849\/revisions"}],"wp:featuredmedia":[{"embeddable":true,"href":"https:\/\/www.europesays.com\/no\/wp-json\/wp\/v2\/media\/121850"}],"wp:attachment":[{"href":"https:\/\/www.europesays.com\/no\/wp-json\/wp\/v2\/media?parent=121849"}],"wp:term":[{"taxonomy":"category","embeddable":true,"href":"https:\/\/www.europesays.com\/no\/wp-json\/wp\/v2\/categories?post=121849"},{"taxonomy":"post_tag","embeddable":true,"href":"https:\/\/www.europesays.com\/no\/wp-json\/wp\/v2\/tags?post=121849"}],"curies":[{"name":"wp","href":"https:\/\/api.w.org\/{rel}","templated":true}]}}