{"id":121851,"date":"2025-12-25T21:20:10","date_gmt":"2025-12-25T21:20:10","guid":{"rendered":"https:\/\/www.europesays.com\/no\/121851\/"},"modified":"2025-12-25T21:20:10","modified_gmt":"2025-12-25T21:20:10","slug":"disse-spisestedene-holder-apent-i-jula-itromso-no","status":"publish","type":"post","link":"https:\/\/www.europesays.com\/no\/121851\/","title":{"rendered":"(+) Disse spisestedene holder \u00e5pent i jula &#8211; itromso.no"},"content":{"rendered":"<ol>\n<li><a href=\"https:\/\/news.google.com\/rss\/articles\/CBMilgFBVV95cUxOTHJBUHdTSTdZT3ptTkE5eklWY3dBV09NR2hvdGJPcmdRZlNTUWZNSVVZVE94am9LdEJBRVZ2NEM4YUxEb000RUF2T0JoSDZENUlSSkk3RXl4Q01BMm5QalhkSTM4a0cya1M4OFRiMWg3T2ZfZ3RiZDBZd0Z3TmY0d3dSaUs3ZkRZdF9VY2s4cXNZWmRGS3c?oc=5\" target=\"_blank\" rel=\"nofollow noopener\">(+) Disse spisestedene holder \u00e5pent i jula<\/a>&nbsp;&nbsp;itromso.no<\/li>\n<li><a href=\"https:\/\/news.google.com\/rss\/articles\/CBMitwFBVV95cUxNYzFfamdzdVVTa3hiRWVYX0xkWE1QVjF5enlwXy16MGxaS2Qya21NQWYzV1FBUlBHZXMxWnNtNTVtRHlBSUpoSWNlXzUyNDBxYUJLbkZmLWdyTDZMNmNQZVlTdFJxRFZ4NURKNjVBRWFhaDBRNkhBRkZsaXZGR1NkbTZpbGx1NEZCZDd4U0l6cEQ5dk9Odzl4cXFUcW0tMTBfYWJBSUNoWkRiWXRid3UwcERjRDBmVFk?oc=5\" target=\"_blank\" rel=\"nofollow noopener\">Turisme, Troms\u00f8 | Surt v\u00e6r, kanselleringer og matmangel \u2013 slik har julen v\u00e6rt for turister i Troms\u00f8<\/a>&nbsp;&nbsp;Nordlys<\/li>\n<li><a href=\"https:\/\/news.google.com\/rss\/articles\/CBMilgFBVV95cUxNRE90eTNxV3Q5cC1HakY1Z2l3WFRfOS0yd015cUpDUXlYdUwyZUQ4Z21tcXFEYm4xQlFpRklhQ01VQUpwRkVmQ3ZTSERXYlBOTlRmV3F4R2tGS2xsZlFHNVlwRkVXNDNSV3BDTXJFLWNMYTYtVW9SVl9mUWRIMUFDSzU2VEgwazRGNVNKS2tlTHo1U3V6T3c?oc=5\" target=\"_blank\" rel=\"nofollow noopener\">Jul i Troms\u00f8 sentrum, mer lokalt enn folk tror<\/a>&nbsp;&nbsp;Nordnorsk debatt<\/li>\n<li><a href=\"https:\/\/news.google.com\/rss\/articles\/CBMimwFBVV95cUxPTnExNXJOOEY5cjdYdUkwdTFxRlJ0MHAtSkg4VEp3OXo5WWJFNVhzNkJQT1VHc0RHYjBnRFlnUXRFMUt4M0phQzdFQU1zd05maXFDanBjN25jRFlTV1J4WGZ2WnN5RjRDeUtFU1BMWVd4bGYyT0hIUXdGYTc1Y0hMWW4yalNERW02bzZMU3QzTTZHMVE5QmtYel9Fcw?oc=5\" target=\"_blank\" rel=\"nofollow noopener\">Uteliv, Huken | H\u00e5vard g\u00e5r mot str\u00f8mmen: \u2013 Kan bli en tradisjon<\/a>&nbsp;&nbsp;Nordlys<\/li>\n<li><a href=\"https:\/\/news.google.com\/rss\/articles\/CBMiigFBVV95cUxPSEVfM01QS1o5R0k4MG00LW1FVG5uWlJ6QzRLZXhjU0FzVmVhNm5YUHJDNDJ0Tm1fcUxrZjhLMzVEdXgyaVVxNjRVZnpFbW1LVUMyem9mNnIzcFIyUERPWW5pRkpYWHV5X01SdlQtcnFucHFlNXU3NGo0NVZEa2tCRVc2Ny1LLWx0X2c?oc=5\" target=\"_blank\" rel=\"nofollow noopener\">Uteliv, Troms\u00f8 sentrum | Mange har stengt i jula &#8211; men her er det \u00e5pent<\/a>&nbsp;&nbsp;Nordlys<\/li>\n<\/ol>\n","protected":false},"excerpt":{"rendered":"(+) Disse spisestedene holder \u00e5pent i jula&nbsp;&nbsp;itromso.no Turisme, Troms\u00f8 | Surt v\u00e6r, kanselleringer og matmangel \u2013 slik har&hellip;\n","protected":false},"author":2,"featured_media":121852,"comment_status":"","ping_status":"","sticky":false,"template":"","format":"standard","meta":{"footnotes":""},"categories":[10],"tags":[20,21,24,25,15,5593,22,23,13,30,28,29,14,16,172,8600,9989,9536,26,27,263],"class_list":{"0":"post-121851","1":"post","2":"type-post","3":"status-publish","4":"format-standard","5":"has-post-thumbnail","7":"category-norge","8":"tag-breaking-news","9":"tag-breakingnews","10":"tag-featured-news","11":"tag-featurednews","12":"tag-headlines","13":"tag-jul","14":"tag-latest-news","15":"tag-latestnews","16":"tag-news","17":"tag-no","18":"tag-norge","19":"tag-norway","20":"tag-nyheter","21":"tag-overskrifter","22":"tag-restaurant","23":"tag-restauranter","24":"tag-servering","25":"tag-spisested","26":"tag-top-stories","27":"tag-topstories","28":"tag-tromso"},"share_on_mastodon":{"url":"https:\/\/pubeurope.com\/@no\/115782302151990397","error":""},"_links":{"self":[{"href":"https:\/\/www.europesays.com\/no\/wp-json\/wp\/v2\/posts\/121851","targetHints":{"allow":["GET"]}}],"collection":[{"href":"https:\/\/www.europesays.com\/no\/wp-json\/wp\/v2\/posts"}],"about":[{"href":"https:\/\/www.europesays.com\/no\/wp-json\/wp\/v2\/types\/post"}],"author":[{"embeddable":true,"href":"https:\/\/www.europesays.com\/no\/wp-json\/wp\/v2\/users\/2"}],"replies":[{"embeddable":true,"href":"https:\/\/www.europesays.com\/no\/wp-json\/wp\/v2\/comments?post=121851"}],"version-history":[{"count":0,"href":"https:\/\/www.europesays.com\/no\/wp-json\/wp\/v2\/posts\/121851\/revisions"}],"wp:featuredmedia":[{"embeddable":true,"href":"https:\/\/www.europesays.com\/no\/wp-json\/wp\/v2\/media\/121852"}],"wp:attachment":[{"href":"https:\/\/www.europesays.com\/no\/wp-json\/wp\/v2\/media?parent=121851"}],"wp:term":[{"taxonomy":"category","embeddable":true,"href":"https:\/\/www.europesays.com\/no\/wp-json\/wp\/v2\/categories?post=121851"},{"taxonomy":"post_tag","embeddable":true,"href":"https:\/\/www.europesays.com\/no\/wp-json\/wp\/v2\/tags?post=121851"}],"curies":[{"name":"wp","href":"https:\/\/api.w.org\/{rel}","templated":true}]}}