{"id":121853,"date":"2025-12-25T21:21:18","date_gmt":"2025-12-25T21:21:18","guid":{"rendered":"https:\/\/www.europesays.com\/no\/121853\/"},"modified":"2025-12-25T21:21:18","modified_gmt":"2025-12-25T21:21:18","slug":"stotteapparatet-til-det-norske-herrelandslaget-fikk-ikke-bonus-for-vm-deltagelsen","status":"publish","type":"post","link":"https:\/\/www.europesays.com\/no\/121853\/","title":{"rendered":"St\u00f8tteapparatet til det norske herrelandslaget fikk ikke bonus for VM-deltagelsen"},"content":{"rendered":"\n<ul class=\"_list_o9xde_3 _list_64s2r_85 _unordered_o9xde_106 text-sans-m\">\n<li class=\"_item_o9xde_30\">Kun landslagssjef St\u00e5le Solbakken fikk bonus da Norge tok seg til VM i 2026. <\/li>\n<li class=\"_item_o9xde_30\">NFFs prinsipp er at kun hovedtrener f\u00e5r mesterskapsbonus, ogs\u00e5 for kvinnelandslaget.<\/li>\n<li class=\"_item_o9xde_30\">Men det gj\u00f8res annerledes andre steder i Norge. Bod\u00f8\/Glimt deler for eksempel bonusen mellom samtlige ansatte i forbindelse med Europa-suksessen.<\/li>\n<\/ul>\n<p>Vis mer <\/p>\n<p class=\"_paragraph_o9xde_4 _paragraph_xtcu6_10 layout-component text-serif-m layout-normal text-serif-m layout-padded\">Landslagssjef St\u00e5le Solbakken fikk fem millioner i bonus da kvalifiseringen var i boks, mens st\u00f8tteapparatet ikke fikk noe.<\/p>\n<p class=\"_paragraph_o9xde_4 _paragraph_xtcu6_10 layout-component text-serif-m layout-normal text-serif-m layout-padded\">Som en del av kontraktsforlengelsen i desember sa landslagssjefen fra seg eventuelle bonuser i forbindelse med selve VM.<\/p>\n<p class=\"_paragraph_o9xde_4 _paragraph_xtcu6_10 layout-component text-serif-m layout-normal text-serif-m layout-padded\">President Lise Klaveness uttalte at det gir NFF \u00abet handlingsrom\u00bb til \u00e5 p\u00e5skj\u00f8nne Solbakkens st\u00f8tteapparat p\u00e5 cirka 20 personer neste sommer.<\/p>\n<p class=\"_paragraph_o9xde_4 _paragraph_xtcu6_10 layout-component text-serif-m layout-normal text-serif-m layout-padded\">Sett denne?<\/p>\n<p class=\"_paragraph_o9xde_4 _paragraph_xtcu6_10 layout-component text-serif-m layout-normal text-serif-m layout-padded\">Ingen av disse fikk en krone ekstra for \u00e5 v\u00e6re en del av laget som tok Norge til VM gjennom \u00e5tte seirer p\u00e5 \u00e5tte kamper.<\/p>\n<p class=\"_paragraph_o9xde_4 _paragraph_xtcu6_10 layout-component text-serif-m layout-normal text-serif-m layout-padded\">Og n\u00e5 er det bestemt at de kan f\u00e5 en VM-bonus. Skulle Norge g\u00e5 videre fra gruppespillet i USA, vanker det penger ogs\u00e5 p\u00e5 st\u00f8tteapparatet. Men det betyr ikke at det er n\u00f8yaktig den samme summen som Solbakken kunne f\u00e5tt.<\/p>\n<p class=\"_paragraph_o9xde_4 _paragraph_xtcu6_10 layout-component text-serif-m layout-normal text-serif-m layout-padded\">\u2013 Vi tilbyr n\u00e5 \u00f8vrig st\u00f8tteapparat en mindre bonus for et eventuelt avansement i VM, opplyser generalsekret\u00e6r Karl-Petter L\u00f8ken.<\/p>\n<p><img alt=\"HANS N\u00c6RMESTE MENN: Landslagssjef St\u00e5le Solbakken sammen med spilleransvarlig Brede Hangeland, assistenttrener Kent Bergersen, keepertrener Frode Grod\u00e5s og lagleder Are Hokstad.  Foto: Bj\u00f8rn S. Delebekk \/ VG\" class=\"_image_qp4xg_65 layout-component layout-normal\" data-fullscreen- data-track-element-type=\"Article image fullscreen\" data-track-name=\"ImageFullscreen\" decoding=\"async\" loading=\"lazy\" height=\"1712\" itemprop=\"image\"  src=\"https:\/\/www.europesays.com\/no\/wp-content\/uploads\/2025\/12\/a43fb844-e3f5-4855-838a-a3c16e5f2697\"  style=\"object-position:0% 0%\" width=\"2560\"\/>HANS N\u00c6RMESTE MENN: Landslagssjef St\u00e5le Solbakken sammen med spilleransvarlig Brede Hangeland, assistenttrener Kent Bergersen, keepertrener Frode Grod\u00e5s og lagleder Are Hokstad.  Foto: Bj\u00f8rn S. Delebekk \/ VG<\/p>\n<p class=\"_paragraph_o9xde_4 _paragraph_xtcu6_10 layout-component text-serif-m layout-normal text-serif-m layout-padded\">\u2013 Dette hadde vi uansett planlagt \u00e5 gj\u00f8re, men at St\u00e5le gjorde det han gjorde, ga oss et st\u00f8rre handlingsrom. De prinsippene vi n\u00e5 innf\u00f8rer p\u00e5 herresiden vil ogs\u00e5 bli gjeldende p\u00e5 kvinnesiden, fortsetter NFFs generalsekret\u00e6r.<\/p>\n<p><img decoding=\"async\" alt=\"Bilde av Karl-Petter L\u00f8ken\" class=\"_image_ygndg_42\" height=\"27\" itemprop=\"image\" loading=\"lazy\"  src=\"https:\/\/www.europesays.com\/no\/wp-content\/uploads\/2025\/12\/c9fe138c-1f18-4191-8141-ad415888a8e1\"  width=\"40\"\/><strong class=\"_name_ygndg_51 title-serif-xs\">Karl-Petter L\u00f8ken<\/strong><\/p>\n<p class=\"_paragraph_o9xde_4 text-sans-m _description_ygndg_56\">Generalsekret\u00e6r i Norges Fotballforbund<\/p>\n<p class=\"_paragraph_o9xde_4 _paragraph_xtcu6_10 layout-component text-serif-m layout-normal text-serif-m layout-padded\">VG har spurt NFF-ledelsen om hvorfor de har vurdert at kun hovedtrener og spillere f\u00e5r bonus for VM-deltagelsen \u2013 og om noen har reagert overfor dem som arbeidsgiver p\u00e5 at st\u00f8tteapparatet ikke f\u00e5r. <\/p>\n<p class=\"_paragraph_o9xde_4 _paragraph_xtcu6_10 layout-component text-serif-m layout-normal text-serif-m layout-padded\"><strong class=\"_strong_o9xde_25\">30 prosent av inntektene ved et VM tilfaller spillergruppen, mens landslagssjefen alts\u00e5 har krav p\u00e5 fem millioner.<\/strong><\/p>\n<p class=\"_paragraph_o9xde_4 _paragraph_xtcu6_10 layout-component text-serif-m layout-normal text-serif-m layout-padded\">Deltagernasjonene er sikret minst 100 millioner kroner <a href=\"https:\/\/inside.fifa.com\/organisation\/fifa-council\/media-releases\/council-approves-record-breaking-world-cup-2026-financial-contribution\" class=\"_link_o9xde_39\" rel=\"nofollow noopener\" target=\"_blank\">fra det internasjonale fotballforbundet <\/a>(Fifa). Summen \u00f8ker etter hvor langt i mesterskapet lagene g\u00e5r. En kvartfinaleplass vil for eksempel gi snaut 200 millioner, mens verdensmesteren f\u00e5r cirka en halv milliard.<\/p>\n<p class=\"_paragraph_o9xde_4 _paragraph_xtcu6_10 layout-component text-serif-m layout-normal text-serif-m layout-padded\">Karl-Petter L\u00f8ken svarer f\u00f8lgende i en e-post til VG.<\/p>\n<p class=\"_paragraph_o9xde_4 _paragraph_xtcu6_10 layout-component text-serif-m layout-normal text-serif-m layout-padded\">\u2013 NFF er som et av f\u00e5 forbund i Europa \u00e5pne om l\u00f8nningene til president, generalsekret\u00e6r og A-landslagstrenerne. Utover det kommenterer vi ikke l\u00f8nninger til enkeltpersoner. Vi kommenterer heller ikke dialog vi eventuelt m\u00e5tte ha med ansatte om godtgj\u00f8relser, skriver L\u00f8ken.<\/p>\n<p class=\"_paragraph_o9xde_4 _paragraph_xtcu6_10 layout-component text-serif-m layout-normal text-serif-m layout-padded\">Han poengterer at det kun er hovedtrener som har hatt mesterskapsbonus er et prinsipp for b\u00e5de p\u00e5 kvinne- og herresiden, men det er alts\u00e5 bare kvinnene som har v\u00e6rt i mesterskap siden 2000.<\/p>\n<p class=\"_paragraph_o9xde_4 _paragraph_xtcu6_10 layout-component text-serif-m layout-normal text-serif-m layout-padded\">Kvinnelandslaget har deltatt i samtlige EM og VM siden \u00e5rtusenskiftet, uten at st\u00f8tteapparatet har f\u00e5tt bonus. Solbakken har f\u00f8rt Norges herrelag til sitt f\u00f8rste seniormesterskap p\u00e5 26 \u00e5r, og n\u00e5 blir det en endring.<\/p>\n<p><img alt=\"INGEN BONUS: Norge gikk til kvartfinalen i EM i fjor sommer, men det ble ingen bonus p\u00e5 st\u00f8tteapparatet til Gemma Grainger (til venstre).  Foto: VEGARD GR\u00d8TT \/ BILDBYR\u00c5N\" class=\"_image_qp4xg_65 layout-component layout-normal\" data-fullscreen- data-track-element-type=\"Article image fullscreen\" data-track-name=\"ImageFullscreen\" decoding=\"async\" loading=\"lazy\" height=\"4000\" itemprop=\"image\"  src=\"https:\/\/www.europesays.com\/no\/wp-content\/uploads\/2025\/12\/b5ed9b6e-f963-4175-9054-aa5981125eeb\"  style=\"object-position:0% 0%\" width=\"6000\"\/>INGEN BONUS: Norge gikk til kvartfinalen i EM i fjor sommer, men det ble ingen bonus p\u00e5 st\u00f8tteapparatet til Gemma Grainger (til venstre).  Foto: VEGARD GR\u00d8TT \/ BILDBYR\u00c5N<\/p>\n<p class=\"_paragraph_o9xde_4 _paragraph_xtcu6_10 layout-component text-serif-m layout-normal text-serif-m layout-padded\">\u2013 Kommer NFF til \u00e5 kj\u00f8re samme l\u00f8sning om Norge g\u00e5r til EM 2028 \u2013 at bonusene bare tilfaller hovedtrener og spillergruppen?<\/p>\n<p class=\"_paragraph_o9xde_4 _paragraph_xtcu6_10 layout-component text-serif-m layout-normal text-serif-m layout-padded\">\u2013 Vi kommenterer ikke hva som eventuelt vil gjelde for et EM i 2028. Her er det greit \u00e5 minne om at det er 26 \u00e5r siden forrige gang kvalifiserte seg for et stort mesterskap p\u00e5 herresiden, p\u00e5peker NFF-sjef Karl-Petter L\u00f8ken \u2013 og sikter dermed til at det er lenge siden fotballforbundet h\u00e5ndterte denne situasjonen rundt A-landslaget for menn.<\/p>\n<p class=\"_paragraph_o9xde_4 _paragraph_xtcu6_10 layout-component text-serif-m layout-normal text-serif-m layout-padded\">\u2013 Hvorfor tilbyr dere plutselig VM-bonus p\u00e5 herresiden, n\u00e5r dere ikke har gjort det i mesterskapet p\u00e5 kvinnesiden gjennom s\u00e5 mange \u00e5r?<\/p>\n<p class=\"_paragraph_o9xde_4 _paragraph_xtcu6_10 layout-component text-serif-m layout-normal text-serif-m layout-padded\">\u2013 N\u00e5r det n\u00e5 er 26 \u00e5r siden vi har v\u00e6rt i mesterskap p\u00e5 herresiden, var det naturlig \u00e5 ta dette steget n\u00e5, svarer L\u00f8ken og utdyper:<\/p>\n<p class=\"_paragraph_o9xde_4 _paragraph_xtcu6_10 layout-component text-serif-m layout-normal text-serif-m layout-padded\">\u2013 Noen ganger innf\u00f8rer vi noe for f\u00f8rste gang p\u00e5 herresiden, og andre ganger p\u00e5 kvinnesiden. S\u00e5 langt har prinsipper knyttet til deltakelse i mesterskap stort sett blitt innf\u00f8rt f\u00f8rst p\u00e5 kvinnesiden av naturlige \u00e5rsaker, i hvert fall de siste 26 \u00e5rene, konstaterer generalsekret\u00e6ren.<\/p>\n<p class=\"_paragraph_o9xde_4 _paragraph_xtcu6_10 layout-component text-serif-m layout-normal text-serif-m layout-padded\">Norges gruppetrekning gikk ikke ubemerket hen:<\/p>\n<p class=\"_paragraph_o9xde_4 _paragraph_xtcu6_10 layout-component text-serif-m layout-normal text-serif-m layout-padded\">Norges beste fotballklubb de siste fem \u00e5rene, Bod\u00f8\/Glimt, har st\u00e5tt i lignende situasjoner etter \u00e5 ha kvalfisert seg for europeiske gruppespill de fem siste \u00e5rene.<\/p>\n<p class=\"_paragraph_o9xde_4 _paragraph_xtcu6_10 layout-component text-serif-m layout-normal text-serif-m layout-padded\">Senest Champions League, som trolig er klubbfotballens aller st\u00f8rste pengebinge.<\/p>\n<p class=\"_paragraph_o9xde_4 _paragraph_xtcu6_10 layout-component text-serif-m layout-normal text-serif-m layout-padded\">Det er antatt at nordlendingene spiller inn rundt 350 millioner p\u00e5 deltagelsen der. <\/p>\n<p class=\"_paragraph_o9xde_4 _paragraph_xtcu6_10 layout-component text-serif-m layout-normal text-serif-m layout-padded\">Daglig leder Frode Thomassen presiserer at han uttaler seg p\u00e5 generelt grunnlag om Bod\u00f8\/Glimts ordning og ikke mener noe om NFFs versjon. Glimt har l\u00f8st det p\u00e5 f\u00f8lgende m\u00e5te:<\/p>\n<p><img decoding=\"async\" alt=\"Bilde av Frode Thomassen\" class=\"_image_ygndg_42\" height=\"27\" itemprop=\"image\" loading=\"lazy\"  src=\"https:\/\/www.europesays.com\/no\/wp-content\/uploads\/2025\/12\/f8eb3185-8f6c-416a-b4cf-c0060715d8fa\"  width=\"40\"\/><strong class=\"_name_ygndg_51 title-serif-xs\">Frode Thomassen<\/strong><\/p>\n<p class=\"_paragraph_o9xde_4 text-sans-m _description_ygndg_56\">Daglig leder i Bod\u00f8\/Glimt<\/p>\n<p class=\"_paragraph_o9xde_4 _paragraph_xtcu6_10 layout-component text-serif-m layout-normal text-serif-m layout-padded\">\u2013 Vi har en felles bonusordning som omfatter alle ansatte. Den er litt differensiert. Det n\u00e6re st\u00f8tteapparatet f\u00e5r litt mer, opplyser Thomassen til VG.<\/p>\n<p class=\"_paragraph_o9xde_4 _paragraph_xtcu6_10 layout-component text-serif-m layout-normal text-serif-m layout-padded\">VG har spurt flere i landslagets st\u00f8tteapparat om deres syn p\u00e5 bonusordningen, men bare Brede Hangeland har svart:<\/p>\n<p><img decoding=\"async\" alt=\"Bilde av Brede Hangeland\" class=\"_image_ygndg_42\" height=\"27\" itemprop=\"image\" loading=\"lazy\"  src=\"https:\/\/www.europesays.com\/no\/wp-content\/uploads\/2025\/12\/5833a647-df25-42fd-87db-0abf24e3526c\"  width=\"40\"\/><strong class=\"_name_ygndg_51 title-serif-xs\">Brede Hangeland<\/strong><\/p>\n<p class=\"_paragraph_o9xde_4 text-sans-m _description_ygndg_56\">Assistent i landslagsteamet<\/p>\n<p class=\"_paragraph_o9xde_4 _paragraph_xtcu6_10 layout-component text-serif-m layout-normal text-serif-m layout-padded\">\u2013 Jeg har ikke noen spesielle meninger eller kommentarer til dette. Kvalifisering til VM og deltakelse der motiveres for meg ikke av penger, men av et \u00f8nske om \u00e5 l\u00f8fte norsk fotball, sier Hangeland til VG. <\/p>\n<p class=\"_paragraph_o9xde_4 _paragraph_xtcu6_10 layout-component text-serif-m layout-normal text-serif-m layout-padded\">Den tidligere Premier League-proffen har tittelen spilleransvarlig for A-landslaget, men fungerer i praksis som en assistenttrener sammen med Kent Bergersen.<\/p>\n<p><strong>Veien til VM-finalen<\/strong><br \/>\nTotalt 48 lag deltar i fotball-VM. I oversikten under kan du se hvem Norge og andre land kan m\u00f8te i sluttspillet ved \u00e5 rangere alle lagene i gruppespillet.<\/p>\n","protected":false},"excerpt":{"rendered":"Kun landslagssjef St\u00e5le Solbakken fikk bonus da Norge tok seg til VM i 2026. NFFs prinsipp er at&hellip;\n","protected":false},"author":2,"featured_media":121854,"comment_status":"","ping_status":"","sticky":false,"template":"","format":"standard","meta":{"footnotes":""},"categories":[5],"tags":[20,21,24,25,15,3163,19,6870,22,23,17,18,13,30,28,29,14,16,1387,26,27],"class_list":{"0":"post-121853","1":"post","2":"type-post","3":"status-publish","4":"format-standard","5":"has-post-thumbnail","7":"category-overskrifter","8":"tag-breaking-news","9":"tag-breakingnews","10":"tag-featured-news","11":"tag-featurednews","12":"tag-headlines","13":"tag-herrelandslaget-fotball","14":"tag-hovedoppslag","15":"tag-karl-petter-loken","16":"tag-latest-news","17":"tag-latestnews","18":"tag-main-news","19":"tag-mainnews","20":"tag-news","21":"tag-no","22":"tag-norge","23":"tag-norway","24":"tag-nyheter","25":"tag-overskrifter","26":"tag-stale-solbakken","27":"tag-top-stories","28":"tag-topstories"},"share_on_mastodon":{"url":"https:\/\/pubeurope.com\/@no\/115782306567783266","error":""},"_links":{"self":[{"href":"https:\/\/www.europesays.com\/no\/wp-json\/wp\/v2\/posts\/121853","targetHints":{"allow":["GET"]}}],"collection":[{"href":"https:\/\/www.europesays.com\/no\/wp-json\/wp\/v2\/posts"}],"about":[{"href":"https:\/\/www.europesays.com\/no\/wp-json\/wp\/v2\/types\/post"}],"author":[{"embeddable":true,"href":"https:\/\/www.europesays.com\/no\/wp-json\/wp\/v2\/users\/2"}],"replies":[{"embeddable":true,"href":"https:\/\/www.europesays.com\/no\/wp-json\/wp\/v2\/comments?post=121853"}],"version-history":[{"count":0,"href":"https:\/\/www.europesays.com\/no\/wp-json\/wp\/v2\/posts\/121853\/revisions"}],"wp:featuredmedia":[{"embeddable":true,"href":"https:\/\/www.europesays.com\/no\/wp-json\/wp\/v2\/media\/121854"}],"wp:attachment":[{"href":"https:\/\/www.europesays.com\/no\/wp-json\/wp\/v2\/media?parent=121853"}],"wp:term":[{"taxonomy":"category","embeddable":true,"href":"https:\/\/www.europesays.com\/no\/wp-json\/wp\/v2\/categories?post=121853"},{"taxonomy":"post_tag","embeddable":true,"href":"https:\/\/www.europesays.com\/no\/wp-json\/wp\/v2\/tags?post=121853"}],"curies":[{"name":"wp","href":"https:\/\/api.w.org\/{rel}","templated":true}]}}