{"id":121865,"date":"2025-12-25T21:39:06","date_gmt":"2025-12-25T21:39:06","guid":{"rendered":"https:\/\/www.europesays.com\/no\/121865\/"},"modified":"2025-12-25T21:39:06","modified_gmt":"2025-12-25T21:39:06","slug":"chris-rea-kjent-for-driving-home-for-christmas-dod-74-ar-gammel","status":"publish","type":"post","link":"https:\/\/www.europesays.com\/no\/121865\/","title":{"rendered":"Chris Rea, kjent for &#8216;Driving Home for Christmas&#8217;, d\u00f8d 74 \u00e5r gammel"},"content":{"rendered":"<p class=\"kicker \" style=\"\">Chris Rea:\u00a0<\/p>\n<p>  Sangeren bak den kjente julesangen \u00abDriving home for christmas\u00bb er d\u00f8d, 74 \u00e5r gammel.\u00a0<\/p>\n<p>\n    JULEKLASSIKER: Chris Rea, blant annet kjent for julel\u00e5ta \u00abDriving home for christmas\u00bb, d\u00f8de br\u00e5tt mandag 22. desember. Det bekrefter familien til BBC. Foto: Bernd Kammerer \/ AP \/ NTB\n  <\/p>\n<p>Sangeren\u00a0Chris Rea, kjent for julel\u00e5ta \u00abDriving Home for Christmas\u00bb, er d\u00f8d 74 \u00e5r gammel. Det bekrefter en talsperson for familien til\u00a0<a href=\"https:\/\/www.bbc.com\/news\/live\/c0q5g3v02qjt\" target=\"_blank\" rel=\"nofollow noopener\">BBC<\/a>.<\/p>\n<p>    <a itemprop=\"url\" href=\"https:\/\/www.dagbladet.no\/kjendis\/i-sorg-betydde-alt-for-meg\/84020807\" rel=\"nofollow noopener\" target=\"_blank\"><\/p>\n<p>        <img loading=\"lazy\" decoding=\"async\" src=\"https:\/\/www.europesays.com\/no\/wp-content\/uploads\/2025\/12\/84020814.webp\" width=\"980\" height=\"441\" title=\"I sorg: - Betydde alt for meg\" alt=\"\" class=\"lazyload\" style=\"--aspect-ratio-image: 2.22; \"\/><\/p>\n<p>        I sorg: &#8211; Betydde alt for meg<\/p>\n<p>    <\/a><\/p>\n<p>&#8211; Enorm sorg\t<\/p>\n<p> Rea d\u00f8de etter kort tids sykdom og omgitt av sine n\u00e6rmeste, opplyser familiens talsperson.<\/p>\n<p class=\"font-weight-bold m-font-weight-bold\" data-lab-font_weight=\"font-weight-bold\">&#8211; Det er med enorm sorg at vi kunngj\u00f8r bortgangen til v\u00e5r kj\u00e6re Chris. Han sovnet stille inn p\u00e5 sykehus tidligere i dag etter kort tids sykdom, omgitt av sin familie.<\/p>\n<p>        <img loading=\"lazy\" decoding=\"async\" src=\"https:\/\/www.europesays.com\/no\/wp-content\/uploads\/2025\/12\/84020942.webp\" width=\"667\" height=\"694\" title=\"HJEMME: Chris Rea avbildet i sitt eget hjem i Berkshire i 2011. Foto: Mike Lawn\/REX\/NTB\" alt=\"\" class=\"\" style=\"--aspect-ratio-image: 0.96; \"\/><\/p>\n<p>\n        HJEMME: Chris Rea avbildet i sitt eget hjem i Berkshire i 2011. Foto: Mike Lawn\/REX\/NTB\n    <\/p>\n<p class=\"font-weight-bold m-font-weight-bold\" data-lab-font_weight=\"font-weight-bold\"> Rea hadde ogs\u00e5 stor suksess p\u00e5 slutten av 1970- og 1980-tallet med l\u00e5ter som \u00abFool\u00bb (If You Think It&#8217;s Over), \u00abLet&#8217;s Dance\u00bb og \u00abThe Road to Hell\u00bb. <\/p>\n<p>    Chris Rea (1951-2025):<\/p>\n<ul>\n<li class=\"lab-bodytext-line\">\u00a0Fullt navn: Christopher Anton Rea.<\/li>\n<li class=\"lab-bodytext-line\">F\u00f8dt 4. mars 1951 i Middlesbrough, England.<\/li>\n<li class=\"lab-bodytext-line\">D\u00f8d 22. desember 2025, 74 \u00e5r gammel, i Berkshire, England.<\/li>\n<li class=\"lab-bodytext-line\">Utga sitt f\u00f8rste album, \u00abWhatever happened to Benny Santini\u00bb, i 1978.<\/li>\n<li class=\"lab-bodytext-line\">\u00abDriving home for Christmas\u00bb skrev Chris Rea i 1978 med tanke p\u00e5 at Van Morrison kunne bruke den, men han fikk aldri noen tilbakemelding fra ham, har Rea fortalt i et intervju.<\/li>\n<li class=\"lab-bodytext-line\">Julesangen skrev Rea mens han hadde kj\u00f8reforbud og var passasjer mens hans kone kj\u00f8rte.<\/li>\n<li class=\"lab-bodytext-line\">\u00abDriving home for Christmas\u00bb ble liggende ubrukt inntil plateselskapet brukte den som B-side p\u00e5 en singel, men da radiostasjonene begynte \u00e5 spille den i stedet for l\u00e5ten p\u00e5 A-siden, tok den av.<\/li>\n<li class=\"lab-bodytext-line\">Det mestselgende albumet til Chris Rea i hjemlandet er \u00abThe Road to Hell\u00bb fra 1989. I 2016 fikk Rea et hjerneslag som reduserte bevegelsen i armene og fingrene hans. Han fikk ogs\u00e5 utydelig tale. Rea kom seg s\u00e5pass at han reiste p\u00e5 turn\u00e9 \u00e5ret etter, men kollapset p\u00e5 scenen under en konsert i Oxford og opptr\u00e5dte ikke offentlig siden.<\/li>\n<\/ul>\n<p>      Vis mer<br \/>\n      Vis mindre<\/p>\n<p class=\"font-weight-bold m-font-weight-bold\" data-lab-font_weight=\"font-weight-bold\"> Briten ble f\u00f8dt i Middlesbrough og hadde helseutfordringer gjennom mange \u00e5r. Han fikk diagnosen kreft i bukspyttkjertelen og fikk bukspyttkjertelen fjernet i 2001, opplyser BBC. <\/p>\n<p>&#8211; Alle s\u00e5 like miserable ut\t<\/p>\n<p> Rea er s\u00e6rlig kjent for juleklassikeren \u00abDriving Home for Christmas\u00bb som har blitt en fast del av h\u00f8ytida for mange.\u00a0<\/p>\n<p> Rea var i ferd med \u00e5 etablere seg som en anerkjent slidegitarist da plateselskapet insisterte p\u00e5 \u00e5 gi ut \u00abDriving Home for Christmas\u00bb i 1986, skriver BBC.\u00a0<\/p>\n<p>        <img loading=\"lazy\" decoding=\"async\" src=\"https:\/\/www.europesays.com\/no\/wp-content\/uploads\/2025\/12\/84021007.webp\" width=\"667\" height=\"834\" title=\"TILBAKEBLIKK: Chris Rea avbildet under en konsert i London i desember 1978. Seinere samme m\u00e5ned skal han ha skrevet juleklassikeren i bilen p\u00e5 vei hjem til jul. Foto: Andre Csillag\/REX\/NTB\" alt=\"\" class=\"\" style=\"--aspect-ratio-image: 0.80; \"\/><\/p>\n<p>\n        TILBAKEBLIKK: Chris Rea avbildet under en konsert i London i desember 1978. Seinere samme m\u00e5ned skal han ha skrevet juleklassikeren i bilen p\u00e5 vei hjem til jul. Foto: Andre Csillag\/REX\/NTB\n    <\/p>\n<p>L\u00e5ta hadde f\u00e5tt sitt utspring \u00e5tte \u00e5r tidligere, i 1978. Da platekontrakten hans var over, samarbeidet med manageren avsluttet og \u00f8konomien stram.<\/p>\n<p><b>Plateselskapet hadde nektet ham \u00e5 betale for togbillett hjem fra London til Middlesbrough. L\u00f8sningen ble at kona kj\u00f8rte s\u00f8rover for \u00e5 hente ham i familiens gamle Austin Mini.<\/b><\/p>\n<p>        SAMLET: Onsdag var kronprinsfamilien p\u00e5 bes\u00f8k hos Langerudhjemmet i Oslo, og b\u00e5de store og sm\u00e5 fikk en julehilsen fra familien. Reporter\/Video: Danny Son Ngoc To. <\/p>\n<p>P\u00e5 vei nordover begynte det \u00e5 sn\u00f8, trafikken stoppet opp og bilturen trakk ut. Rea kikket rundt seg.\u00a0<\/p>\n<p>        <img loading=\"lazy\" decoding=\"async\" src=\"https:\/\/www.europesays.com\/no\/wp-content\/uploads\/2025\/12\/84021016.webp\" width=\"667\" height=\"794\" title=\"SAMME \u00c5R: Chirs Rea avbildet samme \u00e5r som ha ga ut julehiten i 1986. Utgivelsen var ikke hans eget \u00f8nske, har han senere fortalt. Foto: Gunter W Kienitz\/REX\/NTB\" alt=\"\" class=\"\" style=\"--aspect-ratio-image: 0.84; \"\/><\/p>\n<p>\n        SAMME \u00c5R: Chirs Rea avbildet samme \u00e5r som ha ga ut julehiten i 1986. Utgivelsen var ikke hans eget \u00f8nske, har han senere fortalt. Foto: Gunter W Kienitz\/REX\/NTB\n    <\/p>\n<p class=\"font-weight-bold m-font-weight-bold\" data-lab-font_weight=\"font-weight-bold\">&#8211; Jeg s\u00e5 bort p\u00e5 de andre sj\u00e5f\u00f8rene, og alle s\u00e5 like miserable ut.\u00a0P\u00e5 sp\u00f8k begynte jeg \u00e5 synge \u00abWe\u2019re driving home for Christmas\u2026\u00bb Og hver gang gatelysene lyste inn i bilen, begynte jeg \u00e5 skrive ned teksten.\u00a0<\/p>\n","protected":false},"excerpt":{"rendered":"Chris Rea:\u00a0 Sangeren bak den kjente julesangen \u00abDriving home for christmas\u00bb er d\u00f8d, 74 \u00e5r gammel.\u00a0 JULEKLASSIKER: Chris&hellip;\n","protected":false},"author":2,"featured_media":121866,"comment_status":"","ping_status":"","sticky":false,"template":"","format":"standard","meta":{"footnotes":""},"categories":[58],"tags":[14460,576,14461,71,479,30,28,29,72],"class_list":{"0":"post-121865","1":"post","2":"type-post","3":"status-publish","4":"format-standard","5":"has-post-thumbnail","7":"category-underholdning","8":"tag-chris-rea","9":"tag-dodsfall","10":"tag-driving-home-for-christmas","11":"tag-entertainment","12":"tag-kjendis","13":"tag-no","14":"tag-norge","15":"tag-norway","16":"tag-underholdning"},"share_on_mastodon":{"url":"https:\/\/pubeurope.com\/@no\/115782377007786885","error":""},"_links":{"self":[{"href":"https:\/\/www.europesays.com\/no\/wp-json\/wp\/v2\/posts\/121865","targetHints":{"allow":["GET"]}}],"collection":[{"href":"https:\/\/www.europesays.com\/no\/wp-json\/wp\/v2\/posts"}],"about":[{"href":"https:\/\/www.europesays.com\/no\/wp-json\/wp\/v2\/types\/post"}],"author":[{"embeddable":true,"href":"https:\/\/www.europesays.com\/no\/wp-json\/wp\/v2\/users\/2"}],"replies":[{"embeddable":true,"href":"https:\/\/www.europesays.com\/no\/wp-json\/wp\/v2\/comments?post=121865"}],"version-history":[{"count":0,"href":"https:\/\/www.europesays.com\/no\/wp-json\/wp\/v2\/posts\/121865\/revisions"}],"wp:featuredmedia":[{"embeddable":true,"href":"https:\/\/www.europesays.com\/no\/wp-json\/wp\/v2\/media\/121866"}],"wp:attachment":[{"href":"https:\/\/www.europesays.com\/no\/wp-json\/wp\/v2\/media?parent=121865"}],"wp:term":[{"taxonomy":"category","embeddable":true,"href":"https:\/\/www.europesays.com\/no\/wp-json\/wp\/v2\/categories?post=121865"},{"taxonomy":"post_tag","embeddable":true,"href":"https:\/\/www.europesays.com\/no\/wp-json\/wp\/v2\/tags?post=121865"}],"curies":[{"name":"wp","href":"https:\/\/api.w.org\/{rel}","templated":true}]}}