{"id":121873,"date":"2025-12-25T21:53:17","date_gmt":"2025-12-25T21:53:17","guid":{"rendered":"https:\/\/www.europesays.com\/no\/121873\/"},"modified":"2025-12-25T21:53:17","modified_gmt":"2025-12-25T21:53:17","slug":"leah-behns-rorende-hyllest-til-ari-behn-seks-ar-etter-hans-bortgang-2","status":"publish","type":"post","link":"https:\/\/www.europesays.com\/no\/121873\/","title":{"rendered":"Leah Behns r\u00f8rende hyllest til Ari Behn seks \u00e5r etter hans bortgang"},"content":{"rendered":"<p class=\"kicker \" style=\"\">Leah Behn:\u00a0<\/p>\n<p>  I dag har det g\u00e5tt seks \u00e5r siden Ari Behn gikk bort. Torsdag kveld delte Leah Behn en hyllest.\u00a0<\/p>\n<p>\n    TILBAKEBLIKK: Leah Behn delte dette bildet av seg selv og faren p\u00e5 Instagram torsdag kveld. I dag er det seks \u00e5r siden han gikk bort. Foto: Instagram \/ @leah.behn\n  <\/p>\n<p>I dag har det g\u00e5tt seks \u00e5r siden forfatter og kunstner <a href=\"https:\/\/www.seher.no\/kongelig\/ari-behn-er-dod\/71966985\" rel=\"nofollow noopener\" target=\"_blank\">Ari Behn gikk bort<\/a>, 47 \u00e5r gammel.\u00a0Han gjorde seg bemerket b\u00e5de som forfatter, billedkunster og samfunnsdebattant. <\/p>\n<p>    <a itemprop=\"url\" href=\"https:\/\/www.seher.no\/kongelig\/derfor-er-de-skjult\/83930571\" rel=\"nofollow noopener\" target=\"_blank\"><\/p>\n<p>        <img loading=\"lazy\" decoding=\"async\" src=\"https:\/\/www.europesays.com\/no\/wp-content\/uploads\/2025\/12\/1766699591_7_83930294.webp\" width=\"980\" height=\"441\" title=\"Derfor er de skjult\" alt=\"\" class=\"lazyload\" style=\"--aspect-ratio-image: 2.22; \"\/><\/p>\n<p>        Derfor er de skjult<\/p>\n<p>    <\/a><\/p>\n<p> &#8211; Det er med stor sorg i hjertet at vi, de aller n\u00e6rmeste p\u00e5r\u00f8rende til Ari Behn at vi i dag m\u00e5 meddele at han har tatt sitt eget liv. Vi ber om respekt for v\u00e5rt privatliv i tida framover, opplyste familien via Geir H\u00e5konsund, Ari Behns manager og familiens talsmann, til NRK.\u00a0<\/p>\n<p>        Kronprinsessen \u00e5pner opp i NRK-programmet \u00ab\u00c5ret med kongefamilien\u00bb. Video: NRK. Reporter: Mariel Sand Nwosu\/Dagbladet TV<\/p>\n<p>&#8211; Seks \u00e5r uten deg\t<\/p>\n<p> Behn var godt kjent for sitt kunstneriske talent. Han fikk sitt skrivende gjennombrudd med novellesamlingen \u00abTrist som faen\u00bb i 1999. Verket solgte over 100 000 eksemplarer og fikk blant annet terningkast seks i VG. <\/p>\n<p class=\"font-weight-bold m-font-weight-bold\" data-lab-font_weight=\"font-weight-bold\">Forfatteren giftet seg med prinsesse M\u00e4rtha Louise fra 2002 til 2016, og de fikk tre barn sammen; Maud Angelica (22), Leah Isadora (20) og Emma Tallulah (17).\u00a0<\/p>\n<p>        <img loading=\"lazy\" decoding=\"async\" src=\"https:\/\/www.europesays.com\/no\/wp-content\/uploads\/2025\/12\/84027747.webp\" width=\"686\" height=\"542\" title=\"TILBAKEBLIKK: Ari Behn og dattera Leah Isadora Behn p\u00e5 vei til Lommedalen kirke i 2007. Foto: Heiko Junge \/ NTB\" alt=\"\" class=\"\" style=\"--aspect-ratio-image: 1.27; \"\/><\/p>\n<p>\n        TILBAKEBLIKK: Ari Behn og dattera Leah Isadora Behn p\u00e5 vei til Lommedalen kirke i 2007. Foto: Heiko Junge \/ NTB\n    <\/p>\n<p>Torsdag delte Leah et innlegg p\u00e5 Instagram der hun minnes faren. Bildet er svart-hvitt og viser at hun holder rundt ham, mens han smiler varmt til kameraet.\u00a0<\/p>\n<p>    <a itemprop=\"url\" href=\"https:\/\/www.seher.no\/kjendis\/pa-flyttefot-uvirkelig\/83670339\" rel=\"nofollow noopener\" target=\"_blank\"><\/p>\n<p>        <img loading=\"lazy\" decoding=\"async\" src=\"https:\/\/www.europesays.com\/no\/wp-content\/uploads\/2025\/12\/83670793.webp\" width=\"980\" height=\"441\" title=\"Flytter\" alt=\"\" class=\"lazyload\" style=\"--aspect-ratio-image: 2.22; \"\/><\/p>\n<p>        Flytter<\/p>\n<p>    <\/a><\/p>\n<p class=\"font-weight-bold m-font-weight-bold\" data-lab-font_weight=\"font-weight-bold\">Under bildet har hun skrevet:\u00a0 \u00ab6 \u00e5r uten deg &#8211; elsker deg pappa\u00bb.<\/p>\n<p class=\"font-weight-normal m-font-weight-normal\" data-lab-font_weight=\"font-weight-normal\">20-\u00e5ringen har ogs\u00e5 lagt ut flere bilder p\u00e5 historiefunksjonen p\u00e5 Instagram der hun deler glimt fra oppveksten.\u00a0<\/p>\n<p>        <img loading=\"lazy\" decoding=\"async\" src=\"https:\/\/www.europesays.com\/no\/wp-content\/uploads\/2025\/12\/84027754.webp\" width=\"686\" height=\"693\" title=\"GLIMT: Leah Behn delte dette bildet av seg selv og faren p\u00e5 Instagram torsdag kveld. Foto: Instagram \/ @leah.behn\" alt=\"\" class=\"\" style=\"--aspect-ratio-image: 0.99; \"\/><\/p>\n<p>\n        GLIMT: Leah Behn delte dette bildet av seg selv og faren p\u00e5 Instagram torsdag kveld. Foto: Instagram \/ @leah.behn\n    <\/p>\n<p>Minnes ham med tatovering\t<\/p>\n<p>I fjor overrasket Leah da hun fortalte at hun hadde tatt en tatovering til \u00e6re for sin avd\u00f8de far. Hun forklarte i En TikTok-video at hun hadde hatt lyst p\u00e5 tatoveringen i flere \u00e5r.\u00a0<\/p>\n<p> &#8211; Ikke for \u00e5 bli for f\u00f8lsom, men jeg har alltid hatt lyst p\u00e5 tatoveringer dedisert til foreldrene mine. Jeg skal ta en dedisert til mamma etter hvert, men akkurat n\u00e5 tar jeg en for pappa. <\/p>\n<p>        <img loading=\"lazy\" decoding=\"async\" src=\"https:\/\/www.europesays.com\/no\/wp-content\/uploads\/2025\/12\/84027718.webp\" width=\"667\" height=\"814\" title=\"TATOVERING: I fjor tok Leah Behn denne tatoveringen til \u00e6re for Ari. Foto: Instagram \/ @leahbehn\" alt=\"\" class=\"\" style=\"--aspect-ratio-image: 0.82; \"\/><\/p>\n<p>\n        TATOVERING: I fjor tok Leah Behn denne tatoveringen til \u00e6re for Ari. Foto: Instagram \/ @leahbehn\n    <\/p>\n<p> Hun forklarer at Ari selv hadde flere tatoveringer, blant annet navnene til d\u00f8trene sine, og at hun vet at det ville betydd mye for han. <\/p>\n<p> &#8211; Det f\u00f8les veldig riktig, sa hun den gang, men ville ikke r\u00f8pe hva motivet var.\u00a0<\/p>\n<p>        SKAL VI DANSE: Under kveldens sending danset influenser Tale Torhussen for bestevenninnen sin, Leah Behn. Video: TV2 \/ Dagbaldet<\/p>\n<p>Seinere samme \u00e5r forklarte influenseren at tatoveringen viser teksten \u00abelsker deg\u00bb, som er skrevet i farens h\u00e5ndskrift. Samtidig delte hun et skoleprosjekt som tok for seg savn og nostalgi.\u00a0<\/p>\n<p>        <img loading=\"lazy\" decoding=\"async\" src=\"https:\/\/www.europesays.com\/no\/wp-content\/uploads\/2025\/12\/84027735.webp\" width=\"667\" height=\"834\" title=\"BURSDAG: Leah delte ogs\u00e5 dette bildet fra en tidligere bursdag p\u00e5 Instagram. Foto: Instagram \/ @leahbehn\" alt=\"\" class=\"\" style=\"--aspect-ratio-image: 0.80; \"\/><\/p>\n<p>\n        BURSDAG: Leah delte ogs\u00e5 dette bildet fra en tidligere bursdag p\u00e5 Instagram. Foto: Instagram \/ @leahbehn\n    <\/p>\n<p> \u00abMange kan tenke at denne videoen kun handler om sorg fordi jeg skildrer mye om faren min (som d\u00f8de i 2019) og det som en gang var\u00bb, skriver 18-\u00e5ringen om videoen. <\/p>\n<p>\u00abMen selvf\u00f8lgelig vil savn og sorg bli blandet inn i nostalgien fordi pappa er en del av min nostalgi og sorgen kommer alltid til \u00e5 v\u00e6re det\u00bb, fortsatte hun.\u00a0<\/p>\n<p class=\"italic m-italic\" data-lab-italic=\"italic\">Se og H\u00f8r har tatt kontakt med Leah Behns manager, forel\u00f8pig uten svar.\u00a0<\/p>\n","protected":false},"excerpt":{"rendered":"Leah Behn:\u00a0 I dag har det g\u00e5tt seks \u00e5r siden Ari Behn gikk bort. Torsdag kveld delte Leah&hellip;\n","protected":false},"author":2,"featured_media":121874,"comment_status":"","ping_status":"","sticky":false,"template":"","format":"standard","meta":{"footnotes":""},"categories":[58],"tags":[6119,71,479,2543,4447,30,28,29,72],"class_list":{"0":"post-121873","1":"post","2":"type-post","3":"status-publish","4":"format-standard","5":"has-post-thumbnail","7":"category-underholdning","8":"tag-ari-behn","9":"tag-entertainment","10":"tag-kjendis","11":"tag-kjendisdesken","12":"tag-leah-behn","13":"tag-no","14":"tag-norge","15":"tag-norway","16":"tag-underholdning"},"share_on_mastodon":{"url":"https:\/\/pubeurope.com\/@no\/115782432485882590","error":""},"_links":{"self":[{"href":"https:\/\/www.europesays.com\/no\/wp-json\/wp\/v2\/posts\/121873","targetHints":{"allow":["GET"]}}],"collection":[{"href":"https:\/\/www.europesays.com\/no\/wp-json\/wp\/v2\/posts"}],"about":[{"href":"https:\/\/www.europesays.com\/no\/wp-json\/wp\/v2\/types\/post"}],"author":[{"embeddable":true,"href":"https:\/\/www.europesays.com\/no\/wp-json\/wp\/v2\/users\/2"}],"replies":[{"embeddable":true,"href":"https:\/\/www.europesays.com\/no\/wp-json\/wp\/v2\/comments?post=121873"}],"version-history":[{"count":0,"href":"https:\/\/www.europesays.com\/no\/wp-json\/wp\/v2\/posts\/121873\/revisions"}],"wp:featuredmedia":[{"embeddable":true,"href":"https:\/\/www.europesays.com\/no\/wp-json\/wp\/v2\/media\/121874"}],"wp:attachment":[{"href":"https:\/\/www.europesays.com\/no\/wp-json\/wp\/v2\/media?parent=121873"}],"wp:term":[{"taxonomy":"category","embeddable":true,"href":"https:\/\/www.europesays.com\/no\/wp-json\/wp\/v2\/categories?post=121873"},{"taxonomy":"post_tag","embeddable":true,"href":"https:\/\/www.europesays.com\/no\/wp-json\/wp\/v2\/tags?post=121873"}],"curies":[{"name":"wp","href":"https:\/\/api.w.org\/{rel}","templated":true}]}}