{"id":121877,"date":"2025-12-25T21:57:41","date_gmt":"2025-12-25T21:57:41","guid":{"rendered":"https:\/\/www.europesays.com\/no\/121877\/"},"modified":"2025-12-25T21:57:41","modified_gmt":"2025-12-25T21:57:41","slug":"tone-kroken-deler-sine-erfaringer-etter-a-ha-mistet-alt-i-brann","status":"publish","type":"post","link":"https:\/\/www.europesays.com\/no\/121877\/","title":{"rendered":"Tone Kroken deler sine erfaringer etter \u00e5 ha mistet alt i brann"},"content":{"rendered":"<p>Se for deg at du er p\u00e5 juleavslutning i barnehagen, og at din st\u00f8rste bekymring den dagen er om barnas nisseluer fra i fjor fortsatt passer.\u00a0<\/p>\n<p>Se for deg at det er \u00e9n uke til jul, og at du etter gr\u00f8tfesten intetanende svinger inn gata hjemme, og ser et oppbud av brannbiler, og r\u00f8yk som t\u00e5kelegger gata.\u00a0\u00a0<\/p>\n<p>Og se for deg at huset det brenner i, er ditt.\u00a0<\/p>\n<p>Det var det som som hendte Tone Kroken, interi\u00f8rstylist, TV-personlighet og podcaster. Det var hun som kastet seg ut av bilen i fart, og l\u00f8p fem mot sperringene og tryglet brannfolkene om \u00e5 slippe henne forbi. Det var hun som opplevde \u00e5 miste alt hun eide bare \u00e9n uke f\u00f8r jul.\u00a0<\/p>\n<p>Men ut av asken vokste det noe fruktbart. R\u00e5d og erfaringer som Tone gjerne vil dele med KKs lesere.\u00a0<\/p>\n<p>        <img loading=\"lazy\" decoding=\"async\" src=\"https:\/\/www.europesays.com\/no\/wp-content\/uploads\/2025\/12\/83699320.webp\" width=\"686\" height=\"879\" title=\"DELER: Interi\u00f8rstylist Tone Kroken har gjort seg sine erfaringer, da hun mistet alt hun eide i julen. FOTO: Astrid Waller\" alt=\"\" class=\"\" style=\"--aspect-ratio-image: 0.78; \"\/><\/p>\n<p>\n        DELER: Interi\u00f8rstylist Tone Kroken har gjort seg sine erfaringer, da hun mistet alt hun eide i julen. FOTO: Astrid Waller\n    <\/p>\n<p>Kjent boligstylist fra TV\t<\/p>\n<p>Du kjenner Tone Kroken fra podkasten Interi\u00f8rr\u00e5det, sammen med Benedicte Wessel-Holst, og fra TV-programmet Beliggenhet\u00a0Beliggenhet\u00a0Beliggenhet. Hun er ogs\u00e5 ute med sin coffeetable book Oslo Interiors<\/p>\n<p>Hun har i tillegg innredet noen av Norges flotteste hjem, og da KK intervjuet henne til v\u00e5rt store interi\u00f8rnummer i 2025, kunne hun fortelle at et hjem ikke bare er fire vegger for henne, men en stemning, <a href=\"https:\/\/www.kk.no\/livet\/jeg-har-vaert-gift-med-alle-kjaerestene-mine\/83699311\" rel=\"nofollow noopener\" target=\"_blank\">og selve rammen om kj\u00e6rlige m\u00f8ter.<\/a><\/p>\n<p>        <img loading=\"lazy\" decoding=\"async\" src=\"https:\/\/www.europesays.com\/no\/wp-content\/uploads\/2025\/12\/83671291.webp\" width=\"686\" height=\"666\" title=\"KOLLEGAER: Benedicte Wessel-Holst og Tone Kroken, som har podkasten Interi\u00f8rr\u00e5det. FOTO: Yvonne Wilhelmsen.\" alt=\"\" class=\"\" style=\"--aspect-ratio-image: 1.03; \"\/><\/p>\n<p>\n        KOLLEGAER: Benedicte Wessel-Holst og Tone Kroken, som har podkasten Interi\u00f8rr\u00e5det. FOTO: Yvonne Wilhelmsen.\n    <\/p>\n<p>    <a itemprop=\"url\" href=\"https:\/\/www.kk.no\/livet\/jeg-tenkte-na-dor-vi-pa-bryllupsreisen\/78253427\" rel=\"nofollow noopener\" target=\"_blank\"><\/p>\n<p>        <img loading=\"lazy\" decoding=\"async\" src=\"https:\/\/www.europesays.com\/no\/wp-content\/uploads\/2025\/12\/78255734.webp\" width=\"147\" height=\"98\" title=\"- Jeg tenkte \u00abN\u00e5 d\u00f8r vi p\u00e5 bryllupsreisen\u00bb\" alt=\"\" class=\"lazyload\" style=\"--aspect-ratio-image: 1.50; \"\/><\/p>\n<p>        &#8211; Jeg tenkte \u00abN\u00e5 d\u00f8r vi p\u00e5 bryllupsreisen\u00bb<\/p>\n<p>    <\/a><\/p>\n<p>&#8211; Mistet alt\t<\/p>\n<p>Men ting har ikke alltid g\u00e5tt p\u00e5 skinner for Tone. Da hennes to barn var tre og fire \u00e5r gamle, bodde hun og hennes dav\u00e6rende mann i en enebolig utenfor Oslo. Tone, som alltid har v\u00e6rt over middels interessert i interi\u00f8r, hadde pyntet til jul og lagt siste h\u00e5nd p\u00e5 verket. Huset var dessuten totalrenovert, og de hadde feiret ferdigstillingen samme formiddag, med lunsj for h\u00e5ndverkerne.\u00a0<\/p>\n<p>S\u00e5 dro familien av g\u00e5rde til juleavslutning med Steiner-barnehagen for \u00e5 spise gr\u00f8t, og Tone hadde skrudd av telefonen for ikke \u00e5 forstyrre barna som sto i nisseluer og sang \u00abRudolf er r\u00f8d p\u00e5 nesen\u00bb. Etter en fin stund med julestemning og utveksling av juleklemmer, satte familien seg i bilen og kj\u00f8rte hjem.\u00a0<\/p>\n<p>        <img loading=\"lazy\" decoding=\"async\" src=\"https:\/\/www.europesays.com\/no\/wp-content\/uploads\/2025\/12\/83984813.webp\" width=\"686\" height=\"536\" title=\"FAMILIE: Tone, mann og barn p\u00e5 ett av de ff\u00e5 bildene som er igjen fra barna var sm\u00e5. FOTO: Privat\" alt=\"\" class=\"\" style=\"--aspect-ratio-image: 1.28; \"\/><\/p>\n<p>\n        FAMILIE: Tone, mann og barn p\u00e5 ett av de ff\u00e5 bildene som er igjen fra barna var sm\u00e5. FOTO: Privat\n    <\/p>\n<p>&#8211; Alle hadde nisseluer p\u00e5 og det var s\u00e5 god stemning i bilen. S\u00e5 skrur jeg p\u00e5 mobilen, og ser at det raser inn med meldinger. Min f\u00f8rste tanke var at det var noe med jobben som jeg hadde glemt, s\u00e5 jeg bestemte meg for \u00e5 vente med \u00e5 lese til jeg kom hjem, for ikke \u00e5 \u00f8delegge stemningen.\u00a0<\/p>\n<p>        <img loading=\"lazy\" decoding=\"async\" src=\"https:\/\/www.europesays.com\/no\/wp-content\/uploads\/2025\/12\/83699318.webp\" width=\"686\" height=\"673\" title=\"VAKKERT HJEM: Tone Kroken har mange ting, men brannen har l\u00e6rt henne \u00e5 ikke feste seg ved dem. FOTO: Astrid Waller\" alt=\"\" class=\"\" style=\"--aspect-ratio-image: 1.02; \"\/><\/p>\n<p>\n        VAKKERT HJEM: Tone Kroken har mange ting, men brannen har l\u00e6rt henne \u00e5 ikke feste seg ved dem. FOTO: Astrid Waller\n    <\/p>\n<p>Huset deres l\u00e5 innerst i en blindvei. P\u00e5 vei inn gata s\u00e5 Tone f\u00f8rst \u00e9n brannbil. S\u00e5 \u00e9n til, og blinkende lys som flakket over husene i gatestubben.\u00a0<\/p>\n<p class=\"font-weight-bold m-font-weight-bold\" data-lab-font_weight=\"font-weight-bold\">&#8211; Min f\u00f8rste tanke var: \u00abStakkars naboer som har brann n\u00e5, kun \u00e9n uke f\u00f8r julaften.\u00bb Men s\u00e5 gikk det opp for meg at det var hos oss det brant.\u00a0\u00a0Jeg fikk helt panikk og t\u00e5rene spratt i \u00f8ynene. Jeg hoppet ut av bilen i fart og l\u00f8p og sklei bortover, mens jeg ropte: \u00abDet er mitt hus. Det er jeg som bor her. Jeg m\u00e5 inn. Det er hjemmet mitt\u00bb. Men vi kom aldri inn i huset v\u00e5rt igjen.\u00a0<\/p>\n<p>    <a itemprop=\"url\" href=\"https:\/\/www.kk.no\/bolig\/klar-melding-velg-noe-annet-1\/82406730\" rel=\"nofollow noopener\" target=\"_blank\"><\/p>\n<p>        <img loading=\"lazy\" decoding=\"async\" src=\"https:\/\/www.europesays.com\/no\/wp-content\/uploads\/2025\/12\/82406800.webp\" width=\"980\" height=\"441\" title=\"Klar melding: - Velg noe annet\" alt=\"\" class=\"lazyload\" style=\"--aspect-ratio-image: 2.22; \"\/><\/p>\n<p>        Klar melding: &#8211; Velg noe annet<\/p>\n<p>    <\/a><\/p>\n<p>&#8211; Mistet alt i brannen\t<\/p>\n<p>Tone forteller om synet som m\u00f8tte dem. R\u00f8yken som vellet ut av vinduer i rom der barna hadde sovet i natt, og egentlig skulle legge seg om en liten time.\u00a0<\/p>\n<p>Under treet l\u00e5 alle julegavene hun m\u00f8ysommelig hadde pakket inn. Og gaver laget av sm\u00e5 barnehender som skulle glede mamma og pappa p\u00e5 julaften. Finstasen de alle hadde gledet seg til \u00e5 ta p\u00e5 seg. Julematen. Fotoalbumene. N\u00e5 var alt fanget i flammer og r\u00f8yk, og r\u00f8ykdykkerne fryktet huset skulle rase sammen:\u00a0<\/p>\n<p>\u2013 Vi mistet alt vi eide i brannen. Kl\u00e6r. Julegaver. Minner. Alt, forteller Tone.\u00a0<\/p>\n<p class=\"font-weight-bold m-font-weight-bold\" data-lab-font_weight=\"font-weight-bold\">&#8211; Huset sto igjen, men alt var r\u00f8ykskadet. Vi\u00a0sto der i nisseslue og strikkegenser\u00a0og fikk ikke lov til \u00e5 g\u00e5 inn engang. Det var helt forferdelig.\u00a0<\/p>\n<p>    <a itemprop=\"url\" href=\"https:\/\/www.kk.no\/bolig\/hvis-alt-blir-for-rotete-klarer-jeg-ikke-a-vaere-i-det\/83671356\" rel=\"nofollow noopener\" target=\"_blank\"><\/p>\n<p>        <img loading=\"lazy\" decoding=\"async\" src=\"https:\/\/www.europesays.com\/no\/wp-content\/uploads\/2025\/12\/1766699853_819_83671414.webp\" width=\"980\" height=\"441\" title=\"- Hvis alt blir for rotete, klarer jeg ikke \u00e5 v\u00e6re i det\" alt=\"\" class=\"lazyload\" style=\"--aspect-ratio-image: 2.22; \"\/><\/p>\n<p>        &#8211; Hvis alt blir for rotete, klarer jeg ikke \u00e5 v\u00e6re i det<\/p>\n<p>    <\/a><\/p>\n<p>Flyttet inn p\u00e5 hotell\u00a0\t<\/p>\n<p>Hva gj\u00f8r man n\u00e5r man mister hjemmet sitt, og det bare noen dager f\u00f8r jul? Hvor skal man gj\u00f8re av seg? Tone forteller at forsikringsselskapet ba dem velge seg et hotell.\u00a0<\/p>\n<p>&#8211; Jeg var litt s\u00e5nn bling bling p\u00e5 den tiden, og Plaza hadde nettopp \u00e5pnet, s\u00e5 jeg valgte det. Men det var jo ikke s\u00e5 barnevennlig, med glass og st\u00e5l og heis oppover. I dag hadde jeg nok valgt noe mer stemningsfullt, som for eksempel Grand hotell.\u00a0<\/p>\n<p>Tone forteller at de alle fire sov i samme seng da kvelden kom.\u00a0<\/p>\n<p>&#8211; Barna savnet jo kosedyrene sine, og vi m\u00e5tte forklare hvorfor vi ikke kunne dra til huset og hente dem.<\/p>\n<p>        <img loading=\"lazy\" decoding=\"async\" src=\"https:\/\/www.europesays.com\/no\/wp-content\/uploads\/2025\/12\/83984829.webp\" width=\"686\" height=\"446\" title=\"MISTET ALT: Tones barn omtrent p\u00e5 den tiden de ble rtammet av husbrannen, og mistet alt de eide FOTO: Provar\" alt=\"\" class=\"\" style=\"--aspect-ratio-image: 1.54; \"\/><\/p>\n<p>\n        MISTET ALT: Tones barn omtrent p\u00e5 den tiden de ble rtammet av husbrannen, og mistet alt de eide FOTO: Provar\n    <\/p>\n<p>Tone roser forsikringsagenten som var ved deres side allerede dagen etter.\u00a0<\/p>\n<p>&#8211; Han m\u00f8tte oss til frokost og sa at vi skulle kj\u00f8pe oss kl\u00e6r, mat og noen leker til barna. Jeg sa: \u00abMen jeg har jo s\u00e5 mye kl\u00e6r\u00bb, men han svarte: \u00abAlt er konfiskert, Tone\u00bb. Julaften feiret vi hos faren min, men vi hadde ingenting \u00e5 gi. Alle julegavene brant jo opp.<\/p>\n<p>Hun minnes en julekveld der de fortsatt var i sjokk, og ikke tilstede, men der familien tr\u00e5dte til med ekstra gaver. Likevel:\u00a0<\/p>\n<p class=\"font-weight-bold m-font-weight-bold\" data-lab-font_weight=\"font-weight-bold\">&#8211; All kos var borte. Vi var i m\u00f8ter med politiet og med forsikringselskap, og jeg f\u00f8lte vi var p\u00e5 jobb hele jula.\u00a0<\/p>\n<p data-lab-font_weight=\"\">(Saken fortsetter under faktaboksen).<\/p>\n<p>    Tone Kroken (61)<\/p>\n<p>        <img loading=\"lazy\" decoding=\"async\" src=\"https:\/\/www.europesays.com\/no\/wp-content\/uploads\/2025\/12\/83879433.webp\" width=\"216\" height=\"299\" title=\"Tone Kroken (61)\" alt=\"\" class=\"\" style=\"--aspect-ratio-image: 0.72; \"\/><\/p>\n<p>Interi\u00f8rstylist<br \/>\n<br \/>Er singel. Har v\u00e6rt gift tre<br \/>\nganger. Mor til to voksne<br \/>\nbarn p\u00e5 29 og 30 \u00e5r.<br \/>\n<br \/>Bor p\u00e5 Frogner i Oslo.<br \/>\n<br \/>Aktuell med interi\u00f8rpodkasten \u00abInteri\u00f8rr\u00e5det\u00bb, som<br \/>\nhun leder sammen med<br \/>\nBenedicte Wessel-Holst,<br \/>\ntv-serien \u00abBeliggenhet,<br \/>\nbeliggenhet, beliggenhet\u00bb<br \/>\np\u00e5 HBO\/MAX og<br \/>\nTVNorge, samt coffe<br \/>\ntable-boken \u00abOslo<br \/>\nInteriors\u00bb.<\/p>\n<p>      Vis mer<br \/>\n      Vis mindre<\/p>\n<p>Klarte ikke \u00e5 bo i huset lenger\t<\/p>\n<p>Familien ble boende p\u00e5 hotell frem til godt utp\u00e5 ny\u00e5ret, da de fikk tildelt en midlertidig sokkelleilighet i B\u00e6rum. Huset deres m\u00e5tte bygges opp igjen, noe som tok flere m\u00e5neder.\u00a0<\/p>\n<p>&#8211; Men da det var ferdig, solgte vi huset. Vi f\u00f8lte at vi klarte ikke \u00e5 bo der. Det ble for vanskelig, forteller Tone.\u00a0<\/p>\n<p>Unders\u00f8kelser avdekket ikke at noen hadde gjort noe feil, forteller Tone. Ingen kunne klandres for brannen. Hun forteller om minner som ble borte. Barnas f\u00f8rste sko, de sm\u00e5 kl\u00e6rne deres, den f\u00f8rste tegningen, og fotoalbumene, i en tid f\u00f8r bilder p\u00e5 telefonen var vanlig.\u00a0<\/p>\n<p class=\"font-weight-bold m-font-weight-bold\" data-lab-font_weight=\"font-weight-bold\">&#8211; Vi hadde et fotoalbum i en utebod i mange \u00e5r, som vi gikk ut og bladde i. Men albumet luktet s\u00e5 brann at vi m\u00e5tte kaste det tilslutt.<\/p>\n<p class=\"font-weight-bold m-font-weight-bold\" data-lab-font_weight=\"font-weight-bold\">Hun utdyper.\u00a0<\/p>\n<p class=\"font-weight-bold m-font-weight-bold\" data-lab-font_weight=\"font-weight-bold\">&#8211; I mange \u00e5r klarte jeg ikke \u00e5 v\u00e6re i et rom som luktet r\u00f8yk. Om noen r\u00f8ykte ble jeg kvalm, for det minnet meg s\u00e5 mye om brannen.\u00a0Lukten av r\u00f8yk t\u00e5ler jeg ikke den dag i dag.\u00a0<\/p>\n<p>        <img loading=\"lazy\" decoding=\"async\" src=\"https:\/\/www.europesays.com\/no\/wp-content\/uploads\/2025\/12\/83699317.webp\" width=\"686\" height=\"625\" title=\"NY START: Etter brannen valgte Tone og hennes dav\u00e6rende mann \u00e5 selge huset. Minnene om brannen ble for tunge. I dag er Tone singel og bor p\u00e5 Frogner. FOTO: Astrid Waller\" alt=\"\" class=\"\" style=\"--aspect-ratio-image: 1.10; \"\/><\/p>\n<p>\n        NY START: Etter brannen valgte Tone og hennes dav\u00e6rende mann \u00e5 selge huset. Minnene om brannen ble for tunge. I dag er Tone singel og bor p\u00e5 Frogner. FOTO: Astrid Waller\n    <\/p>\n<p>    <a itemprop=\"url\" href=\"https:\/\/www.kk.no\/livet\/led-lyset-tok-fyr-inne-pa-barnerommet\/77773916\" rel=\"nofollow noopener\" target=\"_blank\"><\/p>\n<p>        <img loading=\"lazy\" decoding=\"async\" src=\"https:\/\/www.europesays.com\/no\/wp-content\/uploads\/2025\/12\/78035659.webp\" width=\"147\" height=\"98\" title=\"LED-lyset tok fyr inne p\u00e5 barnerommet\" alt=\"\" class=\"lazyload\" style=\"--aspect-ratio-image: 1.50; \"\/><\/p>\n<p>        LED-lyset tok fyr inne p\u00e5 barnerommet<\/p>\n<p>    <\/a><\/p>\n<p>Hjelp fra forsikringen\t<\/p>\n<p>G\u00e5r det an \u00e5 huske alt man eier? Om ulykken er ute, og du pr\u00f8ver \u00e5 rekonstruere alt som var i huset? Noen filmer rommene og skapene sine ved jevne mellomrom. Andre tar bilder, eller skriver en inventarliste. For det skal godt gj\u00f8res \u00e5 huske antall s\u00f8lvskjeer, alle smykkene i smykkeskrinet, jakker, k\u00e5per, sko, luer og hvor bunadsknapper det var igjen. For ikke \u00e5 snakke om serviser, glass, b\u00f8ker, leker, LP-plater, CD-samlinger &#8230;<\/p>\n<p>Tone forteller at de er evig takknemlige for hjelpen fra forsikringsselskapet, og da forsikringen skulle gj\u00f8res opp valgte de \u00e5 rapportere inn mindre enn det de faktisk hadde mistet:\u00a0<\/p>\n<p>&#8211; Vi ryddet opp i hodene v\u00e5re og i livene etter brannen. Vi ville ikke utnytte systemet og gj\u00f8re oss til kjeltringer. Jeg betaler forsikringsregningen med glede. Og ingen i familien har turt \u00e5 bytte forsikringselskap etter det!<\/p>\n<p>    <a itemprop=\"url\" href=\"https:\/\/www.kk.no\/livet\/telyset-eksploderte-og-flammet-over-hendene-hennes\/77770529\" rel=\"nofollow noopener\" target=\"_blank\"><\/p>\n<p>        <img loading=\"lazy\" decoding=\"async\" src=\"https:\/\/www.europesays.com\/no\/wp-content\/uploads\/2025\/12\/77770542.webp\" width=\"147\" height=\"98\" title=\"Telyset eksploderte og flammet over hendene hennes\" alt=\"\" class=\"lazyload\" style=\"--aspect-ratio-image: 1.50; \"\/><\/p>\n<p>        Telyset eksploderte og flammet over hendene hennes<\/p>\n<p>    <\/a><\/p>\n<p>Kunne d\u00f8dd av r\u00f8yken\u00a0\t<\/p>\n<p>Hvordan har hun det i dag? Rammer minnene om den traumatiske kvelden henne fortsatt? Ja, sier Tone, s\u00e6rlig i julen:\u00a0<\/p>\n<p>&#8211; Det g\u00e5r ikke \u00e9n jul uten at jeg tenker p\u00e5 brannen.<\/p>\n<p>Hun fortelller at erfaringen har gjort at hun alltid tar sine forholdsregler:\u00a0<\/p>\n<p>&#8211; Jeg elsker kubbelys, men har dem alltid i forsvarlige beholdere. Og jeg g\u00e5r aldri fra levende lys. Ikke for \u00e5 hente noe i et annet rom engang. Jeg er helt tullete p\u00e5 det. Og jeg g\u00e5r alltid en ekstra sjekkrunde i alle rom f\u00f8r jeg legger meg.\u00a0<\/p>\n<p class=\"no_italic m-no_italic\" data-lab-italic=\"\">Hun forteller at brannen ikke har gjort henne redd:\u00a0<\/p>\n<p>&#8211; N\u00e5 har jeg opplevd det. \u00abCheck\u00bb. Det kommer aldri til \u00e5 skje igjen, sier Tone med en latter.\u00a0<\/p>\n<p class=\"font-weight-bold m-font-weight-bold\" data-lab-font_weight=\"font-weight-bold\">&#8211; Men jeg er bare s\u00e5 takknemlig for at vi ikke var hjemme. Vi kunne jo ha d\u00f8dd av r\u00f8yken. \u00c5 miste alt i brann l\u00e6rte meg noe viktig: Ting er bare ting.\u00a0Jeg\u00a0elsker vakre ting, men jeg vet at det viktigste er menneskene.<\/p>\n<p class=\"italic m-italic\" data-lab-italic=\"italic\">&#8211; Betyr det at du selv har lite ting?\u00a0<\/p>\n<p class=\"no_italic m-no_italic\" data-lab-italic=\"\">&#8211; Nei. Jeg har allerede glemt alt. Haha. Nei, jeg liker \u00e5 ha mange ting, men jeg knytter meg ikke til dem. Om du kommer hjem til meg kan jeg godt si: \u00abV\u00e6r s\u00e5 god. Bare ta den\u00bb. Nei, jeg tenker p\u00e5 hvor heldige vi er, som lever og er friske, glade og sunne. At familien og de n\u00e6rmeste har det bra. Alt det andre kommer i andre rekke.\u00a0<\/p>\n<p>    Tones r\u00e5d for \u00e5 minske brannfare<\/p>\n<p>For \u00e5 sikre seg best mulig mot brann har den erfarne interi\u00f8rstylist Tone Kroken f\u00f8lgende r\u00e5d:\u00a0<\/p>\n<p>&#8211; Jeg elsker kubbelys, og brenner masse lys, men jeg har dem alltid i forsvarlige beholdere, og aldri i glass som ikke er ment for levende lys.\u00a0<\/p>\n<p>&#8211; Jeg g\u00e5r aldri fra levende lys. Ikke for \u00e5 hente noe i et annet rom engang. Jeg er helt tullete p\u00e5 det.<\/p>\n<p>&#8211; Jeg g\u00e5r alltid en ekstra sjekkrunde i alle rommene i huset f\u00f8r jeg legger deg.\u00a0<\/p>\n<p>      Vis mer<br \/>\n      Vis mindre<\/p>\n<p>        <img loading=\"lazy\" decoding=\"async\" src=\"https:\/\/www.europesays.com\/no\/wp-content\/uploads\/2025\/12\/1766699858_424_80519927.webp\" width=\"216\" height=\"234\" title=\"Har du et tips?\" alt=\"\" class=\"\" style=\"--aspect-ratio-image: 0.92; \"\/><\/p>\n<p>        Har du et tips?<\/p>\n<p class=\"subtitle\">Hei, jeg heter Hege L\u00f8vstad Toverud og er journalist i KK.<br \/>\nHar du et tips, en historie du vil fortelle eller et felt du mener vi b\u00f8r skrive om?<\/p>\n<p>    <a itemprop=\"url\" href=\"https:\/\/www.kk.no\/bolig\/nar-interior-halvor-kommer-inn-i-en-hytte-tar-han-alltid-dette-grepet\/78846713\" rel=\"nofollow noopener\" target=\"_blank\"><\/p>\n<p>        <img loading=\"lazy\" decoding=\"async\" src=\"https:\/\/www.europesays.com\/no\/wp-content\/uploads\/2025\/12\/78867549.webp\" width=\"980\" height=\"441\" title=\"N\u00e5r interi\u00f8r-Halvor kommer inn i en hytte, tar han alltid dette grepet\" alt=\"\" class=\"lazyload\" style=\"--aspect-ratio-image: 2.22; \"\/><\/p>\n<p>        N\u00e5r interi\u00f8r-Halvor kommer inn i en hytte, tar han alltid dette grepet<\/p>\n<p>    <\/a><\/p>\n<p>    <a itemprop=\"url\" href=\"https:\/\/www.kk.no\/bolig\/kommer-med-klar-anbefaling\/82334052\" rel=\"nofollow noopener\" target=\"_blank\"><\/p>\n<p>        <img loading=\"lazy\" decoding=\"async\" src=\"https:\/\/www.europesays.com\/no\/wp-content\/uploads\/2025\/12\/82339876.webp\" width=\"980\" height=\"441\" title=\"Kommer med klar anbefaling\" alt=\"\" class=\"lazyload\" style=\"--aspect-ratio-image: 2.22; \"\/><\/p>\n<p>        Kommer med klar anbefaling<\/p>\n<p>    <\/a><\/p>\n","protected":false},"excerpt":{"rendered":"Se for deg at du er p\u00e5 juleavslutning i barnehagen, og at din st\u00f8rste bekymring den dagen er&hellip;\n","protected":false},"author":2,"featured_media":121878,"comment_status":"","ping_status":"","sticky":false,"template":"","format":"standard","meta":{"footnotes":""},"categories":[10],"tags":[237,367,14463,20,21,24,25,15,4700,5593,11313,22,23,4016,13,30,28,29,14,16,14462,26,27],"class_list":{"0":"post-121877","1":"post","2":"type-post","3":"status-publish","4":"format-standard","5":"has-post-thumbnail","7":"category-norge","8":"tag-bolig","9":"tag-brann","10":"tag-brannfarlig","11":"tag-breaking-news","12":"tag-breakingnews","13":"tag-featured-news","14":"tag-featurednews","15":"tag-headlines","16":"tag-interior","17":"tag-jul","18":"tag-julelys","19":"tag-latest-news","20":"tag-latestnews","21":"tag-livet","22":"tag-news","23":"tag-no","24":"tag-norge","25":"tag-norway","26":"tag-nyheter","27":"tag-overskrifter","28":"tag-tone-kroken","29":"tag-top-stories","30":"tag-topstories"},"share_on_mastodon":{"url":"https:\/\/pubeurope.com\/@no\/115782447945903219","error":""},"_links":{"self":[{"href":"https:\/\/www.europesays.com\/no\/wp-json\/wp\/v2\/posts\/121877","targetHints":{"allow":["GET"]}}],"collection":[{"href":"https:\/\/www.europesays.com\/no\/wp-json\/wp\/v2\/posts"}],"about":[{"href":"https:\/\/www.europesays.com\/no\/wp-json\/wp\/v2\/types\/post"}],"author":[{"embeddable":true,"href":"https:\/\/www.europesays.com\/no\/wp-json\/wp\/v2\/users\/2"}],"replies":[{"embeddable":true,"href":"https:\/\/www.europesays.com\/no\/wp-json\/wp\/v2\/comments?post=121877"}],"version-history":[{"count":0,"href":"https:\/\/www.europesays.com\/no\/wp-json\/wp\/v2\/posts\/121877\/revisions"}],"wp:featuredmedia":[{"embeddable":true,"href":"https:\/\/www.europesays.com\/no\/wp-json\/wp\/v2\/media\/121878"}],"wp:attachment":[{"href":"https:\/\/www.europesays.com\/no\/wp-json\/wp\/v2\/media?parent=121877"}],"wp:term":[{"taxonomy":"category","embeddable":true,"href":"https:\/\/www.europesays.com\/no\/wp-json\/wp\/v2\/categories?post=121877"},{"taxonomy":"post_tag","embeddable":true,"href":"https:\/\/www.europesays.com\/no\/wp-json\/wp\/v2\/tags?post=121877"}],"curies":[{"name":"wp","href":"https:\/\/api.w.org\/{rel}","templated":true}]}}