{"id":121883,"date":"2025-12-25T22:12:44","date_gmt":"2025-12-25T22:12:44","guid":{"rendered":"https:\/\/www.europesays.com\/no\/121883\/"},"modified":"2025-12-25T22:12:44","modified_gmt":"2025-12-25T22:12:44","slug":"kong-charles-advarer-i-juletalen-etter-katastrofear-for-den-britiske-kongefamilien","status":"publish","type":"post","link":"https:\/\/www.europesays.com\/no\/121883\/","title":{"rendered":"Kong Charles advarer i juletalen etter katastrofe\u00e5r for den britiske kongefamilien"},"content":{"rendered":"<p class=\"kicker \" style=\"\">Kong Charles m\u00e5tte advare:\u00a0<\/p>\n<p>  Det har vist seg \u00e5 bli et krevende \u00e5r for den britiske kongefamilien. \u00c5rets julefeiring bar preg av en splittet familie.\u00a0<\/p>\n<p>\n    ADVARTE: Kong Charles kom med en klar beskjed til folket under talen sin f\u00f8rste juledag. Talen ble spilt inn i Westminister Abbey. Foto: Aaron Chown \/ PA \/ NTB\n  <\/p>\n<p>Etter et vanskelig \u00e5r valgte Kong Charles (77) \u00e5 bruke sin tradisjonelle julehilsen til \u00e5 snakke om h\u00e5p, samhold og mot.\u00a0<\/p>\n<p>    <a itemprop=\"url\" href=\"https:\/\/www.seher.no\/kongelig\/turbulent-ar-for-kongefamiliene\/84019027\" rel=\"nofollow noopener\" target=\"_blank\"><\/p>\n<p>        <img loading=\"lazy\" decoding=\"async\" src=\"https:\/\/www.europesays.com\/no\/wp-content\/uploads\/2025\/12\/84020128.webp\" width=\"980\" height=\"441\" title=\"Turbulent \u00e5r for kongefamiliene\" alt=\"\" class=\"lazyload\" style=\"--aspect-ratio-image: 2.22; \"\/><\/p>\n<p>        Turbulent \u00e5r for kongefamiliene<\/p>\n<p>    <\/a><\/p>\n<p>&#8211; M\u00e5 aldri miste det av syne\t<\/p>\n<p>2025 markerer at det har g\u00e5tt 80 \u00e5r siden slutten p\u00e5 andre verdenskrig, og kongen brukte tid p\u00e5 \u00e5 snakke om dette.\u00a0<\/p>\n<p>&#8211; Slutten p\u00e5 andre verdenskrig blir husket av f\u00e6rre og f\u00e6rre ettersom \u00e5rene g\u00e5r, sa Charles i en forh\u00e5ndsinnspilt tale fra Westminster Abbey, som ble sendt p\u00e5 britisk fjernsyn torsdag ettermiddag. <\/p>\n<p>        Kronprinsessen \u00e5pner opp i NRK-programmet \u00ab\u00c5ret med kongefamilien\u00bb. Video: NRK. Reporter: Mariel Sand Nwosu\/Dagbladet TV<\/p>\n<p>Han tok opp motet til soldatene, og hvor hjerteskj\u00e6rende unge de var, og m\u00e5ten lokalsamfunn kom sammen p\u00e5 den gang.\u00a0<\/p>\n<p class=\"font-weight-bold m-font-weight-bold\" data-lab-font_weight=\"font-weight-bold\">&#8211; N\u00e5r vi h\u00f8rer om splittelse b\u00e5de hjemme og ute i verden, er det de verdiene som vi aldri m\u00e5 miste av syne, advarer han.\u00a0<\/p>\n<p>        <img loading=\"lazy\" decoding=\"async\" src=\"https:\/\/www.europesays.com\/no\/wp-content\/uploads\/2025\/12\/84027262.webp\" width=\"667\" height=\"547\" title=\"I SOLA: Kong Charles, prinsesse Anne, prinsesse Beatrice og dronning Camilla (78) var alle p\u00e5 plass f\u00f8rste juledag. Foto: Jon Super\/AP\/NTB\" alt=\"\" class=\"\" style=\"--aspect-ratio-image: 1.22; \"\/><\/p>\n<p>\n        I SOLA: Kong Charles, prinsesse Anne, prinsesse Beatrice og dronning Camilla (78) var alle p\u00e5 plass f\u00f8rste juledag. Foto: Jon Super\/AP\/NTB\n    <\/p>\n<p>        <img loading=\"lazy\" decoding=\"async\" src=\"https:\/\/www.europesays.com\/no\/wp-content\/uploads\/2025\/12\/1766700748_56_84023843.webp\" width=\"667\" height=\"554\" title=\"SANDRINGHAM HOUSE: Hvert \u00e5r feirer den britiske kongefamilien jul i Sandringham House. Juletradisjonen i godset ble startet av kong Edward VII i 1901. Foto: Bav Media\/Shutterstock\/NTB\" alt=\"\" class=\"\" style=\"--aspect-ratio-image: 1.20; \"\/><\/p>\n<p>\n        SANDRINGHAM HOUSE: Hvert \u00e5r feirer den britiske kongefamilien jul i Sandringham House. Juletradisjonen i godset ble startet av kong Edward VII i 1901. Foto: Bav Media\/Shutterstock\/NTB\n    <\/p>\n<p class=\"font-weight-bold m-font-weight-bold\" data-lab-font_weight=\"font-weight-bold\">Under talen ble det vist bilder fra Prinsesse Anne sitt overraskende bes\u00f8k til Ukraina tidligere i h\u00f8st, samt kongens m\u00f8ter med overlevende og redningsarbeidere etter synagogeangrepet i Manchester.<\/p>\n<p>&#8211;\u00a0 N\u00e5r jeg m\u00f8ter mennesker med ulik tro, synes jeg det er veldig oppmuntrende \u00e5 h\u00f8re hvor mye vi har til felles: et felles \u00f8nske om fred og en dyp respekt for alt liv, sa kongen.\u00a0<\/p>\n<p>        <img loading=\"lazy\" decoding=\"async\" src=\"https:\/\/www.europesays.com\/no\/wp-content\/uploads\/2025\/12\/84027371.webp\" width=\"686\" height=\"460\" title=\"OVERRASKET: Prinsesse Anne overrasket mange da hun reiste p\u00e5 bes\u00f8k til Ukraine i slutten av september. Her sammen med president Vlodymyr Zelensky. Foto: Thomas Peter\/NTB\" alt=\"\" class=\"\" style=\"--aspect-ratio-image: 1.49; \"\/><\/p>\n<p>\n        OVERRASKET: Prinsesse Anne overrasket mange da hun reiste p\u00e5 bes\u00f8k til Ukraine i slutten av september. Her sammen med president Vlodymyr Zelensky. Foto: Thomas Peter\/NTB\n    <\/p>\n<p>Dukket opp uten mamma og pappa\t<\/p>\n<p>Tidligere samme dag hadde de britiske kongelige vist seg i Sandringham, der de tradisjonelt feirer jul. Der gikk de samlet til St Mary Magdalene-kirken foran hundrevis av oppm\u00f8tte.\u00a0<\/p>\n<p>    <a itemprop=\"url\" href=\"https:\/\/www.seher.no\/kongelig\/presses-av-kongefamilien\/83985530\" rel=\"nofollow noopener\" target=\"_blank\"><\/p>\n<p>        <img loading=\"lazy\" decoding=\"async\" src=\"https:\/\/www.europesays.com\/no\/wp-content\/uploads\/2025\/12\/1766700751_868_83985850.webp\" width=\"980\" height=\"441\" title=\"Presses av kongefamilien\" alt=\"\" class=\"lazyload\" style=\"--aspect-ratio-image: 2.22; \"\/><\/p>\n<p>        Presses av kongefamilien<\/p>\n<p>    <\/a><\/p>\n<p>Alle i familien var samlet, utenom Andrew Windsor Mountbatten (65) og ekskona Sarah Ferguson (66), som angivelig feiret julen alene i Royal Lodge.\u00a0<\/p>\n<p>        <img loading=\"lazy\" decoding=\"async\" src=\"https:\/\/www.europesays.com\/no\/wp-content\/uploads\/2025\/12\/84027271.webp\" width=\"980\" height=\"559\" title=\"VISTE SEG: Det var uklart om de to d\u00f8trene til Andrew Mountbatten Windsor og Sarah Ferguson skulle dukke opp p\u00e5 f\u00f8rstejuledag etter skandale\u00e5ret. Foto: Hannah McKay \/REUTERS \/ NTB\" alt=\"\" class=\"\" style=\"--aspect-ratio-image: 1.75; \"\/><\/p>\n<p>\n        VISTE SEG: Det var uklart om de to d\u00f8trene til Andrew Mountbatten Windsor og Sarah Ferguson skulle dukke opp p\u00e5 f\u00f8rstejuledag etter skandale\u00e5ret. Foto: Hannah McKay \/REUTERS \/ NTB\n    <\/p>\n<p class=\"font-weight-bold m-font-weight-bold\" data-lab-font_weight=\"font-weight-bold\">Eksparets barn, prinsesse Beatrice (37) og prinsesse Eugenia (35) var imidlertid p\u00e5 plass sammen med resten av familien.\u00a0<\/p>\n<p>If\u00f8lge <a href=\"https:\/\/www.dailymail.co.uk\/news\/article-15413183\/Lonely-Christmas-Andrew-Mountbatten-Windsor-drives-Royal-Lodge-Sandringham.html\" rel=\"nofollow noopener\" target=\"_blank\">DailyMail<\/a> ble Andrew fotografert alene i bilen mens han kj\u00f8rte ut fra eiendommen til Royal Lodge torsdag 25. desember.\u00a0<\/p>\n<p>        <img loading=\"lazy\" decoding=\"async\" src=\"https:\/\/www.europesays.com\/no\/wp-content\/uploads\/2025\/12\/84027511.webp\" width=\"667\" height=\"801\" title=\"SAMLET: Prins William st\u00e5r sammen med prins George, prinsesse Charlotte og prinsesse Kate (43) utenfor kirken. Foto: Jon Super \/ NTB\" alt=\"\" class=\"\" style=\"--aspect-ratio-image: 0.83; \"\/><\/p>\n<p>\n        SAMLET: Prins William st\u00e5r sammen med prins George, prinsesse Charlotte og prinsesse Kate (43) utenfor kirken. Foto: Jon Super \/ NTB\n    <\/p>\n<p>        <img loading=\"lazy\" decoding=\"async\" src=\"https:\/\/www.europesays.com\/no\/wp-content\/uploads\/2025\/12\/84027562.webp\" width=\"667\" height=\"921\" title=\"EGG: Kongefamilien mottok gaver fra de fremm\u00f8tte. Prins Louis (12) og lillebror prins George (7) i front fikk begge velsmakende gaver. Foto: Henry Nicholls \/ NTB\" alt=\"\" class=\"\" style=\"--aspect-ratio-image: 0.72; \"\/><\/p>\n<p>\n        EGG: Kongefamilien mottok gaver fra de fremm\u00f8tte. Prins Louis (12) og lillebror prins George (7) i front fikk begge velsmakende gaver. Foto: Henry Nicholls \/ NTB\n    <\/p>\n<p>Avisen skriver at han s\u00e5\u00a0 tydelig nedstemt ut, og at det kan skyldes at <a href=\"https:\/\/www.seher.no\/kongelig\/pa-storrelse-med-en-skoeske\/84025717\" rel=\"nofollow noopener\" target=\"_blank\">han n\u00e6rmer seg slutten p\u00e5 tiden sin i boligen<\/a>. 65-\u00e5ringen er ventet \u00e5 flytte ut i starten av 2026.<\/p>\n<p> Dette er andre \u00e5ret p\u00e5 rad at Andrew og Ferguson ikke deltar p\u00e5 den tradisjonelle julefeiringen i\u00a0 Sandringham.\u00a0<\/p>\n<p>        <img loading=\"lazy\" decoding=\"async\" src=\"https:\/\/www.europesays.com\/no\/wp-content\/uploads\/2025\/12\/84027569.webp\" width=\"667\" height=\"748\" title=\"SIST: Sarah Ferguson og Andrew Mountbatten Windsor deltok ikke p\u00e5 julefeiringen i \u00e5r eller i fjor. Her er de avbildet i 2023 - siste gang de var med. Foto: BAV MEDIA \/ SplashNews.com\/NTB\" alt=\"\" class=\"\" style=\"--aspect-ratio-image: 0.89; \"\/><\/p>\n<p>\n        SIST: Sarah Ferguson og Andrew Mountbatten Windsor deltok ikke p\u00e5 julefeiringen i \u00e5r eller i fjor. Her er de avbildet i 2023 &#8211; siste gang de var med. Foto: BAV MEDIA \/ SplashNews.com\/NTB\n    <\/p>\n<p>I fjor skal de ha trukket seg kort tid f\u00f8r jul etter nye oppslag om Andrews kontakter, og i \u00e5r ser det ut til \u00e5 v\u00e6re enda mindre rom for kompromiss. <\/p>\n<p>        \u00abUTVIST\u00bb: Prins Andrew er ikke lenger prins og er \u00abutvist\u00bb fra kongefamilien p\u00e5 grunn av sine forbindelser til Jeffrey Epstein. Reporter: Sanne Holt\/ R\u00f8d L\u00f8per. Video: NTB\/ Stella Pictures\/ AFP\/ YouTube\/ BBC\/ Netflix\/ 60Minutes Australia<\/p>\n<p>Feiret i USA\t<\/p>\n<p>Heller ikke hertuginne Meghan (44) og prins Harry (41) var p\u00e5 plass i England. De tilbrakte julen hjemme i California med barna sine, prins Archie p\u00e5 6 \u00e5r og prinsesse Lilibet p\u00e5 4 \u00e5r.<\/p>\n<p>Hertuginnen av Sussex delte julefeiringen med leserne i sitt nyhetsbrev \u00abAs Ever\u00bb p\u00e5 torsdag. Hun fortalte om familiens \u00abjuleaftens-fest\u00bb med dim sum kvelden f\u00f8r, skriver <a href=\"https:\/\/pagesix.com\/2025\/12\/25\/royal-family\/inside-meghan-markle-and-prince-harrys-magic-christmas-with-archie-and-lilibet\/\" rel=\"nofollow noopener\" target=\"_blank\">Page Six<\/a>.\u00a0<\/p>\n<p>        <img loading=\"lazy\" decoding=\"async\" src=\"https:\/\/www.europesays.com\/no\/wp-content\/uploads\/2025\/12\/84027505.webp\" width=\"686\" height=\"460\" title=\"FEIRET ALENE: Prins Harry og hertuginne Meghan reiste ikke til Sandringham for \u00e5 feire jul med resten av familien. Foto: Splashnews \/ NTB\" alt=\"\" class=\"\" style=\"--aspect-ratio-image: 1.49; \"\/><\/p>\n<p>\n        FEIRET ALENE: Prins Harry og hertuginne Meghan reiste ikke til Sandringham for \u00e5 feire jul med resten av familien. Foto: Splashnews \/ NTB\n    <\/p>\n<p>&#8211; Vi brukte onsdagskvelden p\u00e5 \u00e5 pakke inn noen gaver i siste liten og liste oss ned trappene for \u00e5 forsikre oss om at \u00abjulenissen\u00bb hadde likt kakene sine og at \u00abreinsdyrene\u00bb hadde spist gulr\u00f8ttene sine, skrev Markle.<\/p>\n<p class=\"font-weight-bold m-font-weight-bold\" data-lab-font_weight=\"font-weight-bold\">Den tidligere skuespilleren forklarte at de ville gj\u00f8re \u00abalt for \u00e5 opprettholde julmorgenens magi gjennom barnas \u00f8yne\u00bb. Hun nevnte ikke den tradisjonelle julefeiringen i Sandringham.\u00a0<\/p>\n<p>    <a itemprop=\"url\" href=\"https:\/\/www.seher.no\/kjendis\/viser-frem-barna\/84011802\" rel=\"nofollow noopener\" target=\"_blank\"><\/p>\n<p>        <img loading=\"lazy\" decoding=\"async\" src=\"https:\/\/www.europesays.com\/no\/wp-content\/uploads\/2025\/12\/1766700763_732_84012022.webp\" width=\"980\" height=\"441\" title=\"Viser frem barna\" alt=\"\" class=\"lazyload\" style=\"--aspect-ratio-image: 2.22; \"\/><\/p>\n<p>        Viser frem barna<\/p>\n<p>    <\/a><\/p>\n<p>Markle beskrev at planene for juledag var \u00e5 tilbringe dagen \u00abklemt sammen\u00bb med Harry og de sm\u00e5. Festivitetene skulle inkludere \u00abpyjamas hele dagen, litt Scrabble eller Sequence (eller Candyland for barna), musikk som spiller, levende lys, hunder som snorker, endel\u00f8s sm\u00e5spising\u00bb.<\/p>\n<p>        <img loading=\"lazy\" decoding=\"async\" src=\"https:\/\/www.europesays.com\/no\/wp-content\/uploads\/2025\/12\/84027509.webp\" width=\"686\" height=\"467\" title=\"FORRIGE GANG: Prins Harry og hertuginne Meghan har ikke v\u00e6rt med resten av den britiske kongefamilien under julefeiringen siden 2018. Foto: Joe Giddens \/ NTB\" alt=\"\" class=\"\" style=\"--aspect-ratio-image: 1.47; \"\/><\/p>\n<p>\n        FORRIGE GANG: Prins Harry og hertuginne Meghan har ikke v\u00e6rt med resten av den britiske kongefamilien under julefeiringen siden 2018. Foto: Joe Giddens \/ NTB\n    <\/p>\n<p class=\"font-weight-bold m-font-weight-bold\" data-lab-font_weight=\"font-weight-bold\">&#8211; Jeg h\u00e5per at enten dere er koselige i pyjamasen deres som oss, eller pyntet til fest, enten dere er med en stor forsamling, med partneren deres, barna deres, eller alene &#8211; hvor enn dere m\u00e5tte befinne dere i dag n\u00e5r dere leser denne beskjeden &#8211; at dere vet at jeg \u00f8nsker dere en riktig god jul, avsluttet \u00abWith Love, Meghan\u00bb-stjernen.<\/p>\n<p>Harry og Meghan har ikke v\u00e6rt til stede p\u00e5 en Sandringham-julegudstjeneste siden 2018.<\/p>\n","protected":false},"excerpt":{"rendered":"Kong Charles m\u00e5tte advare:\u00a0 Det har vist seg \u00e5 bli et krevende \u00e5r for den britiske kongefamilien. \u00c5rets&hellip;\n","protected":false},"author":2,"featured_media":121884,"comment_status":"","ping_status":"","sticky":false,"template":"","format":"standard","meta":{"footnotes":""},"categories":[12],"tags":[10361,20,21,24,25,15,1299,5593,2543,3994,76,22,23,13,30,28,29,14,16,75,14464,26,27,42,43,44,45],"class_list":{"0":"post-121883","1":"post","2":"type-post","3":"status-publish","4":"format-standard","5":"has-post-thumbnail","7":"category-verden","8":"tag-andrew-mountbatten-windsor","9":"tag-breaking-news","10":"tag-breakingnews","11":"tag-featured-news","12":"tag-featurednews","13":"tag-headlines","14":"tag-hertuginne-meghan","15":"tag-jul","16":"tag-kjendisdesken","17":"tag-kong-charles","18":"tag-kongelig","19":"tag-latest-news","20":"tag-latestnews","21":"tag-news","22":"tag-no","23":"tag-norge","24":"tag-norway","25":"tag-nyheter","26":"tag-overskrifter","27":"tag-prins-harry","28":"tag-sandringham","29":"tag-top-stories","30":"tag-topstories","31":"tag-verden","32":"tag-world","33":"tag-world-news","34":"tag-worldnews"},"share_on_mastodon":{"url":"https:\/\/pubeurope.com\/@no\/115782506876827744","error":""},"_links":{"self":[{"href":"https:\/\/www.europesays.com\/no\/wp-json\/wp\/v2\/posts\/121883","targetHints":{"allow":["GET"]}}],"collection":[{"href":"https:\/\/www.europesays.com\/no\/wp-json\/wp\/v2\/posts"}],"about":[{"href":"https:\/\/www.europesays.com\/no\/wp-json\/wp\/v2\/types\/post"}],"author":[{"embeddable":true,"href":"https:\/\/www.europesays.com\/no\/wp-json\/wp\/v2\/users\/2"}],"replies":[{"embeddable":true,"href":"https:\/\/www.europesays.com\/no\/wp-json\/wp\/v2\/comments?post=121883"}],"version-history":[{"count":0,"href":"https:\/\/www.europesays.com\/no\/wp-json\/wp\/v2\/posts\/121883\/revisions"}],"wp:featuredmedia":[{"embeddable":true,"href":"https:\/\/www.europesays.com\/no\/wp-json\/wp\/v2\/media\/121884"}],"wp:attachment":[{"href":"https:\/\/www.europesays.com\/no\/wp-json\/wp\/v2\/media?parent=121883"}],"wp:term":[{"taxonomy":"category","embeddable":true,"href":"https:\/\/www.europesays.com\/no\/wp-json\/wp\/v2\/categories?post=121883"},{"taxonomy":"post_tag","embeddable":true,"href":"https:\/\/www.europesays.com\/no\/wp-json\/wp\/v2\/tags?post=121883"}],"curies":[{"name":"wp","href":"https:\/\/api.w.org\/{rel}","templated":true}]}}