{"id":121885,"date":"2025-12-25T22:20:13","date_gmt":"2025-12-25T22:20:13","guid":{"rendered":"https:\/\/www.europesays.com\/no\/121885\/"},"modified":"2025-12-25T22:20:13","modified_gmt":"2025-12-25T22:20:13","slug":"de-kommer-hjem-fra-krigen-og-dreper","status":"publish","type":"post","link":"https:\/\/www.europesays.com\/no\/121885\/","title":{"rendered":"De kommer hjem fra krigen og dreper"},"content":{"rendered":"\n<p class=\"_paragraph_o9xde_4 _paragraph_xtcu6_10 layout-component text-serif-m layout-normal text-serif-m layout-padded\">Over 500 mennesker er d\u00f8de og nesten like mange alvorlig skadet.<\/p>\n<p class=\"_paragraph_o9xde_4 _paragraph_xtcu6_10 layout-component text-serif-m layout-normal text-serif-m layout-padded\">Vi snakker om ofre for russiske soldater som har kommet tilbake fra krigen i Ukraina og som dreper eller skader n\u00e5r de kommer tilbake til lokalsamfunnet.<\/p>\n<p class=\"_paragraph_o9xde_4 _paragraph_xtcu6_10 layout-component text-serif-m layout-normal text-serif-m layout-padded\">Deltakelsen i krigen gir de skyldige nesten uten unntak en mildere dom, if\u00f8lge det uavhengige mediet <a href=\"https:\/\/verstka.media\/kak-veterany-vojny-v-ukraine-ubivayut-i-kalechat-rossiyan\" class=\"_link_o9xde_39\" rel=\"nofollow noopener\" target=\"_blank\">Vestka<\/a>.<\/p>\n<p class=\"_paragraph_o9xde_4 _paragraph_xtcu6_10 layout-component text-serif-m layout-normal text-serif-m layout-padded\">De regimevennlige mediene i <a href=\"https:\/\/www.vg.no\/tag\/russland?utm_source=vg-article&amp;utm_medium=auto-tagger&amp;utm_campaign=8pw3kQ\" class=\"_link_o9xde_39\" rel=\"nofollow noopener\" target=\"_blank\">Russland<\/a> har f\u00e5tt ordre av Kreml om ikke \u00e5 publisere nyheter om russere som har vendt tilbake fra krigen, inkludert tidligere fanger som er ben\u00e5det og hentet ut fra fengslene, if\u00f8lge det uavhengige mediet <a href=\"https:\/\/meduza.io\/\" class=\"_link_o9xde_39\" rel=\"nofollow noopener\" target=\"_blank\">Meduza<\/a>.<\/p>\n<p class=\"_paragraph_o9xde_4 _paragraph_xtcu6_10 layout-component text-serif-m layout-normal text-serif-m layout-padded\">274 mennesker er drept og 163 er d\u00f8de etter \u00e5 ha blitt utsatt for grov kroppsskade. Ytterligere 78 har mistet livet som f\u00f8lge av trafikkulykker, de fleste etter brudd p\u00e5 veitrafikkloven, skriver mediet <a href=\"https:\/\/verstka.media\/kak-veterany-vojny-v-ukraine-ubivayut-i-kalechat-rossiyan\" class=\"_link_o9xde_39\" rel=\"nofollow noopener\" target=\"_blank\">Verstka<\/a>.<\/p>\n<p class=\"_paragraph_o9xde_4 _paragraph_xtcu6_10 layout-component text-serif-m layout-normal text-serif-m layout-padded\">Som oftest er det slektninger og bekjente som blir ofre for de tidligere soldatene. Ofte beg\u00e5s forbrytelsene under p\u00e5virkning av alkohol.<\/p>\n<p><img alt=\"Ladaen braste inn i de to s\u00f8strene, som mistet livet.  Foto: Agenstvo\" class=\"_image_qp4xg_65 layout-component layout-normal\" data-fullscreen- data-track-element-type=\"Article image fullscreen\" data-track-name=\"ImageFullscreen\" decoding=\"async\" loading=\"lazy\" height=\"664\" itemprop=\"image\"  src=\"https:\/\/www.europesays.com\/no\/wp-content\/uploads\/2025\/12\/eec9d283-c05d-4c15-98a2-0f78503f949c\"  style=\"object-position:0% 0%\" width=\"1505\"\/>Ladaen braste inn i de to s\u00f8strene, som mistet livet.  Foto: Agenstvo<\/p>\n<p class=\"_paragraph_o9xde_4 _paragraph_xtcu6_10 layout-component text-serif-m layout-normal text-serif-m layout-padded\">I midten av oktober meldte Lenta at \u00aben tidligere Wagner-soldat kom tilbake fra spesialoperrasjonen og knivstakk sin funksjonshemmede bestemor til d\u00f8de p\u00e5 grunn av penger\u00bb.<\/p>\n<p class=\"_paragraph_o9xde_4 _paragraph_xtcu6_10 layout-component text-serif-m layout-normal text-serif-m layout-padded\">Disse personene passer ikke inn i fortellingen om krigen i Ukraina. Derfor vil myndighetene ikke at de skal ut.<\/p>\n<p class=\"_paragraph_o9xde_4 _paragraph_xtcu6_10 layout-component text-serif-m layout-normal text-serif-m layout-padded\">Samtidig ville det v\u00e6re veldig unaturlig om ikke lokale medier melder om drap som foreg\u00e5r i deres distrikt, uansett hvem som st\u00e5r bak.<\/p>\n<p class=\"_paragraph_o9xde_4 _paragraph_xtcu6_10 layout-component text-serif-m layout-normal text-serif-m layout-padded\">Mye tyder p\u00e5 at den russiske staten sliter med \u00e5 f\u00f8lge opp soldatene som kommer fra en t\u00f8ff krig som har kostet Russland hundretusener av menneskeliv.<\/p>\n<p class=\"_paragraph_o9xde_4 _paragraph_xtcu6_10 layout-component text-serif-m layout-normal text-serif-m layout-padded\">I motsetning til for eksempel Afghanistan-krigen, har de denne gang valgt \u00e5 rekruttere soldater fra fengslene. Den dav\u00e6rende Wagner-sjefen Jevgenij Prigozjin reiste fra fengsel til fengsel og lovte fangene ben\u00e5dning om de stilte som soldater i Ukraina.<\/p>\n<p class=\"_paragraph_o9xde_4 _paragraph_xtcu6_10 layout-component text-serif-m layout-normal text-serif-m layout-padded\">Derfor er det mange alvorlig kriminelle som har valgt krigen for \u00e5 slippe \u00e5 sone straffen sin.<\/p>\n<p class=\"_paragraph_o9xde_4 _paragraph_xtcu6_10 layout-component text-serif-m layout-normal text-serif-m layout-padded\">N\u00e5r de kommer tilbake som frie menn, beg\u00e5r de nye lovbrudd. <\/p>\n<p class=\"_paragraph_o9xde_4 _paragraph_xtcu6_10 layout-component text-serif-m layout-normal text-serif-m layout-padded\">Mange dreper.<\/p>\n<p><img alt=\"Dette er Mikhail Slobodjan, som har innr\u00f8mmet at han fyllekj\u00f8rte inn i de to jentene, som begge mistet livet.  Foto: Agenstvo\" class=\"_image_qp4xg_65 layout-component layout-normal\" data-fullscreen- data-track-element-type=\"Article image fullscreen\" data-track-name=\"ImageFullscreen\" decoding=\"async\" loading=\"lazy\" height=\"536\" itemprop=\"image\"  src=\"https:\/\/www.europesays.com\/no\/wp-content\/uploads\/2025\/12\/9f881004-f6b2-4f59-be02-bab3347c711c\"  style=\"object-position:0% 0%\" width=\"585\"\/>Dette er Mikhail Slobodjan, som har innr\u00f8mmet at han fyllekj\u00f8rte inn i de to jentene, som begge mistet livet.  Foto: Agenstvo<\/p>\n<p class=\"_paragraph_o9xde_4 _paragraph_xtcu6_10 layout-component text-serif-m layout-normal text-serif-m layout-padded\">P\u00e5 en video som g\u00e5r viralt p\u00e5 russiske medier ser vi hvordan en sort Lada plutselig kj\u00f8rer p\u00e5 r\u00f8dt lys, tvers over krysset og i h\u00f8y fart smadres mot fasaden p\u00e5 et supermarked. Den treffer samtidig s\u00f8strene Anja og Kira &#8211; og deres 11 \u00e5r gamle venninne Liza. Venninnen overlever, men er alvorlig kvestet, melder <a href=\"https:\/\/www.kommersant.ru\/doc\/8161120\" class=\"_link_o9xde_39\" rel=\"nofollow noopener\" target=\"_blank\">Kommersant<\/a>.<\/p>\n<p class=\"_paragraph_o9xde_4 _paragraph_xtcu6_10 layout-component text-serif-m layout-normal text-serif-m layout-padded\">F\u00f8reren av bilen var 37 \u00e5r gamle Mikhail Slobodjan, melder <a href=\"https:\/\/www.kommersant.ru\/doc\/8161255\" class=\"_link_o9xde_39\" rel=\"nofollow noopener\" target=\"_blank\">Kommersant<\/a>. Blodpr\u00f8ve viste en promille p\u00e5 1,6 og spor av narkotika. Slobodjan har innr\u00f8mmet skyld. Han ble en del av en stadig mer bekymringsfull statistikk.<\/p>\n<p class=\"_paragraph_o9xde_4 _paragraph_xtcu6_10 layout-component text-serif-m layout-normal text-serif-m layout-padded\">Sj\u00e5f\u00f8rens kone forteller til det lokale mediet <a href=\"https:\/\/www.e1.ru\/text\/incidents\/2025\/10\/31\/76099308\/\" class=\"_link_o9xde_39\" rel=\"nofollow noopener\" target=\"_blank\">E1<\/a> at mannen ble fullstendig gal etter at han kom hjem fra krigen. Han hadde v\u00e6rt ved fronten siden 2023, og i juli 2025 kom han tilbake, alvorlig s\u00e5ret.<\/p>\n<p class=\"_paragraph_o9xde_4 _paragraph_xtcu6_10 layout-component text-serif-m layout-normal text-serif-m layout-padded\">Han flyttet ut p\u00e5 en datsja, drakk og festet d\u00f8gnet rundt. Han kunne knapt g\u00e5 p\u00e5 grunn av skadene han p\u00e5dro seg i krigen, men skaffet seg en bil som han kj\u00f8rte rundt i og skapte redsel ogs\u00e5 i dagene f\u00f8r den fatale ulykken.<\/p>\n<p class=\"_paragraph_o9xde_4 _paragraph_xtcu6_10 layout-component text-serif-m layout-normal text-serif-m layout-padded\">Flere har advart mot at <a href=\"https:\/\/jamestown.org\/russia-experiencing-a-new-afghan-syndrome-with-soldiers-returning-from-ukraine\/\" class=\"_link_o9xde_39\" rel=\"nofollow noopener\" target=\"_blank\">russerne igjen skulle oppleve<\/a> det som de kalte \u00abAfghanistan-syndromet\u00bb\u00abAfghanistan-syndromet\u00bbDette refererer til de psykologiske og sosiale utfordringene som soldater opplever etter \u00e5 ha deltatt i krigen i Afghanistan, som kan inkludere posttraumatisk stresslidelse (PTSD) og vanskeligheter med \u00e5 tilpasse seg sivillivet. \u2013 soldater fra Afghanistan-krigen som slet med \u00e5 finne seg til rette da de kom tilbake fra krigen.<\/p>\n<p class=\"_paragraph_o9xde_4 _paragraph_xtcu6_10 layout-component text-serif-m layout-normal text-serif-m layout-padded\">Sommeren 2023 kunne nevnte Wagner-sjef Prigozjin <a href=\"https:\/\/www.svoboda.org\/a\/prigozhin-v-rossiyu-s-fronta-vernulisj-32-tysyachi-byvshih-zaklyuchyonnyh\/32464605.html\" class=\"_link_o9xde_39\" rel=\"nofollow noopener\" target=\"_blank\">melde at 32.000 tidligere innsatte<\/a> hadde v\u00e6rt i krigen og kommet tilbake til sivil frihet.<\/p>\n<p class=\"_paragraph_o9xde_4 _paragraph_xtcu6_10 layout-component text-serif-m layout-normal text-serif-m layout-padded\">Og mange finner <a href=\"https:\/\/verstka.media\/pomilovannye-zeki-iz-chvk-vagner-vozvraschayutsia-k-prestupnoy-deyatelnosti-vlasti-stremiatsia-skryt-fakty-novyh-prestupleniy\" class=\"_link_o9xde_39\" rel=\"nofollow noopener\" target=\"_blank\">tilbake til en kriminell hverdag<\/a>.<\/p>\n<p class=\"_paragraph_o9xde_4 _paragraph_xtcu6_10 layout-component text-serif-m layout-normal text-serif-m layout-padded\">Lederen for en lokal veteranforening sier til den uavhengige avisen avisen<a href=\"https:\/\/novayagazeta.ru\/articles\/2025\/12\/10\/u-nas-net-opravdanii\" class=\"_link_o9xde_39\" rel=\"nofollow noopener\" target=\"_blank\"> Novaja Gazeta<\/a> at han ofte ser en endret psyke hos de som har v\u00e6rt i krigen. Han sier at det forandrer deg n\u00e5r du har sett det som disse mennene har sett. De tyr til alkohol og stoff for \u00e5 d\u00f8yve sine indre smerter. Andre veteraner pr\u00f8ver \u00e5 hjelpe, men det er slett ikke alle de n\u00e5r, fastsl\u00e5r Andrej Akulov i veteranforeningen. Han innr\u00f8mmer at ogs\u00e5 den statlige st\u00f8tten til de hjemvendte soldatene er begrenset.<\/p>\n<p class=\"_paragraph_o9xde_4 _paragraph_xtcu6_10 layout-component text-serif-m layout-normal text-serif-m layout-padded\">Allerede for tre \u00e5r siden uttalte lederen i Russlands overhus, Valentina Matvijenko, at de skulle gj\u00f8re alt for \u00e5 unng\u00e5 et nytt problem med tilbakevendte soldater og at det skulle gj\u00f8res en m\u00e5lrettet innsats for \u00e5 f\u00e5 dem tilbake i samfunnet, if\u00f8lge regjeringsorganet <a href=\"https:\/\/rg.ru\/2022\/12\/21\/matvienko-rasskazala-kak-izbezhat-afganskogo-sindroma-u-uchastnikov-svo.html\" class=\"_link_o9xde_39\" rel=\"nofollow noopener\" target=\"_blank\">Rossiskaja Gazeta<\/a>.<\/p>\n<p class=\"_paragraph_o9xde_4 _paragraph_xtcu6_10 layout-component text-serif-m layout-normal text-serif-m layout-padded\">Allerede i 2022 kom f\u00f8rste gang ideen om \u00e5 bruke fanger som soldater. \u00c5ret etter ble det formalisert i parlamentet. I starten gjaldt det bare folk som hadde ikke hadde beg\u00e5tt altfor alvorlig kriminalitet, men dette endret seg til ogs\u00e5 \u00e5 gjelde mordere og voldtektsmenn.<\/p>\n<p class=\"_paragraph_o9xde_4 _paragraph_xtcu6_10 layout-component text-serif-m layout-normal text-serif-m layout-padded\">Da Putin etter hvert ble konfrontert med problemene, svarte han if\u00f8lge <a href=\"https:\/\/www.interfax.ru\/russia\/906066\" class=\"_link_o9xde_39\" rel=\"nofollow noopener\" target=\"_blank\">Interfax<\/a> at sv\u00e6rt f\u00e5 av de tidligere fangene begikk nye lovbrudd og at \u00abdette er uunng\u00e5elig, men de negative konsekvensene er minimale\u00bb.<\/p>\n<p class=\"_paragraph_o9xde_4 _paragraph_xtcu6_10 layout-component text-serif-m layout-normal text-serif-m layout-padded\">551 menneskeliv kan neppe kalles minimalt. I tillegg er 465 alvorlig skadet som f\u00f8lge av vold av tidligere soldater, if\u00f8lge det uavhengige mediet <a href=\"https:\/\/verstka.media\/kak-veterany-vojny-v-ukraine-ubivayut-i-kalechat-rossiyan\" class=\"_link_o9xde_39\" rel=\"nofollow noopener\" target=\"_blank\">Verstka<\/a>.<\/p>\n<p class=\"_paragraph_o9xde_4 _paragraph_xtcu6_10 layout-component text-serif-m layout-normal text-serif-m layout-padded\">Mer enn 900 veteraner fra krigen er d\u00f8mt for drap eller vold, if\u00f8lge <a href=\"https:\/\/novayagazeta.eu\/articles\/2025\/12\/09\/vosem-tysiach-veteranov-voiny-v-ukraine-byli-osuzhdeny-po-ugolovnym-delam\" class=\"_link_o9xde_39\" rel=\"nofollow noopener\" target=\"_blank\">Novaya Gazeta<\/a>. <\/p>\n<p class=\"_paragraph_o9xde_4 _paragraph_xtcu6_10 layout-component text-serif-m layout-normal text-serif-m layout-padded\">If\u00f8lge viseforsvarsminister Anna Tsiviljova lider hele 20 prosent av de hjemvendte soldatene av PTSDPTSDPosttraumatisk stresslidelse (PTSD) er en psykisk helsetilstand som kan oppst\u00e5 etter \u00e5 ha opplevd eller v\u00e6rt vitne til en traumatisk hendelse, som krig.<br \/>\n. N\u00e5r myndighetene oppgir et s\u00e5 h\u00f8yt tall, er sannheten i hvert fall ikke lavere.<\/p>\n<p class=\"_paragraph_o9xde_4 _paragraph_xtcu6_10 layout-component text-serif-m layout-normal text-serif-m layout-padded\">I juli falt dommen i en av de mest brutale sakene som omhandler soldater som har kommet hjem fra Ukraina.<\/p>\n<p><img alt=\"Igor Sofonov kom hjem fra krigen \u2013 og drepte sammen med en kamerat syv mennesker.  Foto: Fra VK\" class=\"_image_qp4xg_65 layout-component layout-normal\" data-fullscreen- data-track-element-type=\"Article image fullscreen\" data-track-name=\"ImageFullscreen\" decoding=\"async\" loading=\"lazy\" height=\"481\" itemprop=\"image\"  src=\"https:\/\/www.europesays.com\/no\/wp-content\/uploads\/2025\/12\/2923c50a-586d-4ef4-a134-7370abbb88d8\"  style=\"object-position:0% 0%\" width=\"639\"\/>Igor Sofonov kom hjem fra krigen \u2013 og drepte sammen med en kamerat syv mennesker.  Foto: Fra VK<\/p>\n<p class=\"_paragraph_o9xde_4 _paragraph_xtcu6_10 layout-component text-serif-m layout-normal text-serif-m layout-padded\">Igor Sofonov ble sammen med en kamerat d\u00f8mt for drapene p\u00e5 syv personer i landsbyen Derevjannoje to \u00e5r tidligere.<\/p>\n<p class=\"_paragraph_o9xde_4 _paragraph_xtcu6_10 layout-component text-serif-m layout-normal text-serif-m layout-padded\">Sofonov var tidligere straffefange, men hadde blitt ben\u00e5detben\u00e5det\u00c5 bli ben\u00e5det betyr at en person f\u00e5r sin straff redusert eller fjernet, ofte som en gest av n\u00e5de fra en myndighetsperson. ved \u00e5 melde seg til krigen. Da han kom tilbake til landsbyen, hadde han et voldsomt alkoholforbruk og det kulminerte med en ren massakre. F\u00f8rst stakk han og en kamerat ned to menn, f\u00f8r de satte fyr p\u00e5 huset for \u00e5 dekke over forbrytelsen. Senere voldtok og myrdet de en kvinne, f\u00f8r de drepte ytterligere tre menn og igjen tente p\u00e5 bygningen.<\/p>\n<p class=\"_paragraph_o9xde_4 _paragraph_xtcu6_10 layout-component text-serif-m layout-normal text-serif-m layout-padded\">I en annen sak i sommer ble politiet kalt ut til en boligblokk i Nojabrsk, der naboene klaget over lukten i oppgangen. Da de kom seg inn i leiligheten, oppdaget de f\u00f8rst en d\u00f8d hund i badekaret, der etter en kvinne som puttet inn i et kj\u00f8leskap, melder <a href=\"https:\/\/verstka.media\/kak-veterany-vojny-v-ukraine-ubivayut-i-kalechat-rossiyan\" class=\"_link_o9xde_39\" rel=\"nofollow noopener\" target=\"_blank\">Verstka<\/a>.<\/p>\n<p><img alt=\"Farid Khalimov viser fram medaljer fra krigsinnsatsen.  Foto: Sosiale medier\" class=\"_image_qp4xg_65 layout-component layout-normal\" data-fullscreen- data-track-element-type=\"Article image fullscreen\" data-track-name=\"ImageFullscreen\" decoding=\"async\" loading=\"lazy\" height=\"440\" itemprop=\"image\"  src=\"https:\/\/www.europesays.com\/no\/wp-content\/uploads\/2025\/12\/396b8fb6-2a4f-4cbf-8f4c-57f83c21f990\"  style=\"object-position:0% 0%\" width=\"508\"\/>Farid Khalimov viser fram medaljer fra krigsinnsatsen.  Foto: Sosiale medier<\/p>\n<p class=\"_paragraph_o9xde_4 _paragraph_xtcu6_10 layout-component text-serif-m layout-normal text-serif-m layout-padded\">33-\u00e5rige Anna Kasjanova hadde nylig innledet et forhold til den 37 \u00e5r gamle Farid Khalimov. N\u00e5 hadde han kvalt henne i fylla. For \u00e5 v\u00e6re \u00abhelt sikker p\u00e5 at hun var d\u00f8d\u00bb, hadde han sl\u00e5tt henne i hodet \u00e5tte ganger med en trehammer f\u00f8r han alts\u00e5 skjulte liket i kj\u00f8leskapet.<\/p>\n<p class=\"_paragraph_o9xde_4 _paragraph_xtcu6_10 layout-component text-serif-m layout-normal text-serif-m layout-padded\">Khalimov var tidligere d\u00f8mt til 15 \u00e5rs fengsel for et annet drap, men ble ben\u00e5det etter \u00e5 ha meldt seg til tjeneste i Ukraina.<\/p>\n<p class=\"_paragraph_o9xde_4 _paragraph_xtcu6_10 layout-component text-serif-m layout-normal text-serif-m layout-padded\">Drapet p\u00e5 Anna ga bare \u00e5tte \u00e5rs fengsel. <\/p>\n<p class=\"_paragraph_o9xde_4 _paragraph_xtcu6_10 layout-component text-serif-m layout-normal text-serif-m layout-padded\">Hans milit\u00e6re innsats ble trukket frem som formildende omstendighetformildende omstendighetDette er en faktor som kan redusere alvorlighetsgraden av en straff i en rettssak, for eksempel tidligere milit\u00e6rtjeneste eller gode gjerninger..<\/p>\n<p>   Dette er en kommentar. Kommentaren gir uttrykk for skribentens holdning. <\/p>\n","protected":false},"excerpt":{"rendered":"Over 500 mennesker er d\u00f8de og nesten like mange alvorlig skadet. Vi snakker om ofre for russiske soldater&hellip;\n","protected":false},"author":2,"featured_media":121886,"comment_status":"","ping_status":"","sticky":false,"template":"","format":"standard","meta":{"footnotes":""},"categories":[12],"tags":[20,21,24,25,15,22,23,13,30,28,29,14,16,188,26,27,42,103,43,44,45],"class_list":{"0":"post-121885","1":"post","2":"type-post","3":"status-publish","4":"format-standard","5":"has-post-thumbnail","7":"category-verden","8":"tag-breaking-news","9":"tag-breakingnews","10":"tag-featured-news","11":"tag-featurednews","12":"tag-headlines","13":"tag-latest-news","14":"tag-latestnews","15":"tag-news","16":"tag-no","17":"tag-norge","18":"tag-norway","19":"tag-nyheter","20":"tag-overskrifter","21":"tag-russland","22":"tag-top-stories","23":"tag-topstories","24":"tag-verden","25":"tag-vgmeninger","26":"tag-world","27":"tag-world-news","28":"tag-worldnews"},"share_on_mastodon":{"url":"https:\/\/pubeurope.com\/@no\/115782538175923490","error":""},"_links":{"self":[{"href":"https:\/\/www.europesays.com\/no\/wp-json\/wp\/v2\/posts\/121885","targetHints":{"allow":["GET"]}}],"collection":[{"href":"https:\/\/www.europesays.com\/no\/wp-json\/wp\/v2\/posts"}],"about":[{"href":"https:\/\/www.europesays.com\/no\/wp-json\/wp\/v2\/types\/post"}],"author":[{"embeddable":true,"href":"https:\/\/www.europesays.com\/no\/wp-json\/wp\/v2\/users\/2"}],"replies":[{"embeddable":true,"href":"https:\/\/www.europesays.com\/no\/wp-json\/wp\/v2\/comments?post=121885"}],"version-history":[{"count":0,"href":"https:\/\/www.europesays.com\/no\/wp-json\/wp\/v2\/posts\/121885\/revisions"}],"wp:featuredmedia":[{"embeddable":true,"href":"https:\/\/www.europesays.com\/no\/wp-json\/wp\/v2\/media\/121886"}],"wp:attachment":[{"href":"https:\/\/www.europesays.com\/no\/wp-json\/wp\/v2\/media?parent=121885"}],"wp:term":[{"taxonomy":"category","embeddable":true,"href":"https:\/\/www.europesays.com\/no\/wp-json\/wp\/v2\/categories?post=121885"},{"taxonomy":"post_tag","embeddable":true,"href":"https:\/\/www.europesays.com\/no\/wp-json\/wp\/v2\/tags?post=121885"}],"curies":[{"name":"wp","href":"https:\/\/api.w.org\/{rel}","templated":true}]}}