{"id":121887,"date":"2025-12-25T22:22:11","date_gmt":"2025-12-25T22:22:11","guid":{"rendered":"https:\/\/www.europesays.com\/no\/121887\/"},"modified":"2025-12-25T22:22:11","modified_gmt":"2025-12-25T22:22:11","slug":"epstein-filene-var-sensurerte-et-enkelt-triks-avslorte-innholdet-nrk-urix-utenriksnyheter-og-dokumentarer","status":"publish","type":"post","link":"https:\/\/www.europesays.com\/no\/121887\/","title":{"rendered":"Epstein-filene var sensurerte \u2013 et enkelt triks avsl\u00f8rte innholdet \u2013 NRK Urix \u2013 Utenriksnyheter og -dokumentarer"},"content":{"rendered":"<p>Copy.<\/p>\n<p>Paste.<\/p>\n<p>Ord, setninger og hele avsnitt i Epstein-dokumentene er dekket over med svarte rektangler. Noen sm\u00e5. Andre fyller n\u00e6rmest hele A4-sider.<\/p>\n<p><strong>Men for enkelte dokumenter skulle det ikke mer til enn \u00e5 bare kopiere teksten under og lime den inn i et annet dokument, for \u00e5 f\u00e5 innholdet opp i dagen.<\/strong><\/p>\n<p>Det tyder p\u00e5 at \u00abminst noe av materialet i samlingen av dokumenter offentliggjort av Justisdepartementet ble sensurert i hastverk\u00bb, konkluderer <a href=\"https:\/\/www.nytimes.com\/2025\/12\/23\/us\/politics\/epstein-files-redactions-doj.html\" ec-id=\"https:\/\/www.nytimes.com\/2025\/12\/23\/us\/politics\/epstein-files-redactions-doj.html\" ec-name=\"The New York Times\" rel=\"nofollow noopener\" target=\"_blank\">The New York Times<\/a>.<\/p>\n<p>Ba om frivillige<\/p>\n<p>19. november underskrev USAs president Donald Trump<a href=\"https:\/\/www.congress.gov\/bill\/119th-congress\/house-bill\/4405\/text\" ec-id=\"https:\/\/www.congress.gov\/bill\/119th-congress\/house-bill\/4405\/text\" ec-name=\"The Epstein Files Transparency Act\" rel=\"nofollow noopener\" target=\"_blank\"> The Epstein Files Transparency Act<\/a>. Loven p\u00e5la statsadvokaten \u00e5 offentliggj\u00f8re alle dokumenter knyttet til Epstein-saken innen 30 dager.<\/p>\n<p>Med noen unntak:<\/p>\n<ol>\n<li>Materiale som identifiserer ofre<\/li>\n<li>Overgrepsmateriale av barn<\/li>\n<li>Kan sette p\u00e5 spill en p\u00e5g\u00e5ende etterforskning<\/li>\n<li>Viser d\u00f8d, fysiske skader og lignende<\/li>\n<li>Kan v\u00e6re en trussel for rikets sikkerhet<\/li>\n<\/ol>\n<p><img decoding=\"async\"   src=\"data:image\/gif;base64,R0lGODlhAQABAIAAAAAAAP\/\/\/yH5BAEAAAAALAAAAAABAAEAAAIBRAA7\" loading=\"eager\" alt=\"To personer sitter p\u00e5 en benk foran en hytte. Den ene personen har armene rundt den andre. Omgivelsene inkluderer tr\u00e6r og gr\u00f8nt gress, som gir en naturskj\u00f8nn bakgrunn. Det er trolig en avslappende setting, ettersom det st\u00e5r en kopp p\u00e5 bordet ved siden av dem. (Bildebeskrivelsen er laget av en KI-tjeneste)\" title=\"Foto: U.S. Justice Department \/ Reuters \/ NTB\"\/><\/p>\n<p class=\"\">Jeffrey Epstein og overgrepsd\u00f8mte Ghislaine Maxwell. Bildet ble offentliggjort av Justisdepartementet 19. desember.<\/p>\n<p>Foto: U.S. Justice Department \/ Reuters \/ NTB<\/p>\n<p>De f\u00f8rste dokumentene ble offentliggjort like f\u00f8r 19. desember. Til tross for fristen, fortsetter nye \u00e5 bli lagt ut. Julaften opplyste <a href=\"https:\/\/www.nrk.no\/nyheter\/kan-ha-avdekket-1-million-flere-dokumenter-knyttet-til-epstein-saken-1.17705022\" ec-id=\"pp:article:1.17705022\" ec-name=\"Justisdepartementet at over 1 million nye dokumenter har blitt funnet\" rel=\"nofollow noopener\" target=\"_blank\">Justisdepartementet at over 1 million nye dokumenter har blitt funnet<\/a>.<\/p>\n<p><strong>Det kan ta ukevis \u00e5 g\u00e5 gjennom og sensurere materialet.<\/strong><\/p>\n<p>    <img decoding=\"async\" class=\"dh-video-videoLoop__fallbackImage\" src=\"https:\/\/www.europesays.com\/no\/wp-content\/uploads\/2025\/12\/c3a57a3b-9cff-4b1d-a57a-3b9cff4b1dbf_360.jpg\" alt=\"\"\/><video preload=\"none\" muted=\"\" poster=\"https:\/\/www.europesays.com\/no\/wp-content\/uploads\/2025\/12\/c3a57a3b-9cff-4b1d-a57a-3b9cff4b1dbf_360.jpg\" style=\"--poster:url(https:\/\/www.europesays.com\/no\/wp-content\/uploads\/2025\/12\/c3a57a3b-9cff-4b1d-a57a-3b9cff4b1dbf_360.jpg);\"><\/video><img decoding=\"async\" class=\"dh-video-videoLoop__fallbackImage\" src=\"https:\/\/www.europesays.com\/no\/wp-content\/uploads\/2025\/12\/c3a57a3b-9cff-4b1d-a57a-3b9cff4b1dbf_720.jpg\" alt=\"\"\/><video preload=\"none\" muted=\"\" poster=\"https:\/\/www.europesays.com\/no\/wp-content\/uploads\/2025\/12\/c3a57a3b-9cff-4b1d-a57a-3b9cff4b1dbf_720.jpg\" style=\"--poster:url(https:\/\/www.europesays.com\/no\/wp-content\/uploads\/2025\/12\/c3a57a3b-9cff-4b1d-a57a-3b9cff4b1dbf_720.jpg);\"><\/video><img decoding=\"async\" class=\"dh-video-videoLoop__fallbackImage\" src=\"https:\/\/www.europesays.com\/no\/wp-content\/uploads\/2025\/12\/c3a57a3b-9cff-4b1d-a57a-3b9cff4b1dbf_1080.jpg\" alt=\"\"\/><video preload=\"none\" muted=\"\" poster=\"https:\/\/www.europesays.com\/no\/wp-content\/uploads\/2025\/12\/c3a57a3b-9cff-4b1d-a57a-3b9cff4b1dbf_1080.jpg\" style=\"--poster:url(https:\/\/www.europesays.com\/no\/wp-content\/uploads\/2025\/12\/c3a57a3b-9cff-4b1d-a57a-3b9cff4b1dbf_1080.jpg);\"><\/video><\/p>\n<p>Justisdepartementet har offentliggjort en enorm mengde dokumenter.<\/p>\n<p>USAs justisdepartement<\/p>\n<p>CNN har sett interne e-poster der p\u00e5taleadvokater i Florida ble bedt om \u00e5 melde seg frivillig for \u00e5 hjelpe til med arbeidet.<\/p>\n<p>Mailen ble sendt 22. desember.<\/p>\n<p><strong>\u2013 Jeg forst\u00e5r at tidspunktet ikke kunne v\u00e6rt verre, skrev kontoret til USAs statsadvokat, e-postens avsender.<\/strong><\/p>\n<p>Og flere aviser har klart \u00e5 avsl\u00f8re hva som befinner seg under sensuren.<\/p>\n<p>Uklart sensur-grunnlag<\/p>\n<p>If\u00f8lge The New York Times har det s\u00e5 langt ikke dukket opp store nye avsl\u00f8ringer i det sensurerte materialet.<\/p>\n<p>\u00abMen det viser flere eksempler p\u00e5 hvordan Epstein utf\u00f8rte overgrep og skjulte penger i finans- og bedriftsinstitusjoner\u00bb, skriver avisen.<\/p>\n<p>Hvem var Jeffrey Epstein?<\/p>\n<ul>\n<li>F\u00f8dt: 20. januar 1953, i New York. D\u00f8d: 10. august 2019.<\/li>\n<li>Jobbet som matematikk- og fysikkl\u00e6rer, men ble etter hvert rekruttert til investeringsbanken Bear Stearns. Grunnla senere sitt eget firma, J. Epstein &amp; Co, hvor han jobbet med \u00e5 forvalte formuene til rike folk.<\/li>\n<li>Milliard\u00e6r Leslie Wexner, som eide blant annet Victoria&#8217;s Secret og Bath &amp; Body Works, var blant hans st\u00f8rste klienter.<\/li>\n<li>Ved \u00e5 ha en av verdens rikeste menn p\u00e5 kundelisten, kunne Epstein innynde seg ogs\u00e5 andre rike og mektige personer.<\/li>\n<li>P\u00e5 90-tallet ble flyttet Epstein virksomheten sin til De amerikanske Jomfru\u00f8yer (St. Thomas), og han sparte dermed flere hundre millioner i skatt. Det gjorde det ogs\u00e5 lettere \u00e5 skjule hvem han flyttet penger for og hvor de kom fra.<\/li>\n<li>I 1998 kj\u00f8pte Epstein \u00f8ya Little Saint James, som ligger i \u00f8ygruppen De amerikanske Jomfru\u00f8yer. \u00d8ya ble ofte kalt \u00abPaedophile Island\u00bb eller \u00abOrgy Island\u00bb, p\u00e5 grunn av overgrepene som fant sted der. I 2016 kj\u00f8pte han enda en \u00f8y, Great Saint James. Begge to ble solgt i 2023 til milliard\u00e6r Stephen Deckoff for 60 millioner dollar (rundt 640 millioner norske kroner).<\/li>\n<li>I 2008 tilsto Epstein \u00e5 ha betalt en mindre\u00e5rig for seksuelle tjenester, etter \u00e5 ha blitt etterforsket for overgrep mot flere mindre\u00e5rige jenter. Han ble d\u00f8mt til 13 m\u00e5neder i fengsel.<\/li>\n<li>Etter dommen brukte Epstein sitt store nettverk i et fors\u00f8k p\u00e5 \u00e5 gjenopprette ryktet sitt.<\/li>\n<li>I 2019 ble forretningsmannen igjen p\u00e5grepet og tiltalt for menneskehandel og overgrep mot unge jenter i New York og Florida.<\/li>\n<li>Han begikk selvmord i fengselscellen 10. august 2019, og ble 66 \u00e5r gammel.<\/li>\n<li>Formuen hans ble ansl\u00e5tt til rundt 577 millioner dollar ved hans d\u00f8d.<\/li>\n<\/ul>\n<p><strong>Ogs\u00e5 <a href=\"https:\/\/www.theguardian.com\/us-news\/2025\/dec\/23\/epstein-unredacted-files-social-media\" ec-id=\"https:\/\/www.theguardian.com\/us-news\/2025\/dec\/23\/epstein-unredacted-files-social-media\" ec-name=\"The Guardian\" rel=\"nofollow noopener\" target=\"_blank\">The Guardian <\/a>har omtalt saken. De skriver at det ikke alltid er \u00e5penbart hvordan sensuren kan forsvares med henvisning til de fem punktene.<\/strong><\/p>\n<p>Avisens henvendelse til Justisdepartementet har forel\u00f8pig ikke blitt besvart.<\/p>\n<p>\u00abUs\u00f8mmelige venner\u00bb<\/p>\n<p>Jeffrey Epstein er anklagd for omfattende og organiserte seksuelle overgrep mot barn og kvinner over mange \u00e5r. I tillegg er han anklagd for \u00f8konomisk kriminalitet og svindel.<\/p>\n<p>Han var kjent for sin mektige omgangskrets med innflytelsesrike mennesker. Den inkluderte blant annet Donald Trump, ekspresident Bill Clinton og tidligere Andrew Mountbatten-Windsor, som mistet prinsetittelen sin som f\u00f8lge av koblingene til Epstein.<\/p>\n<p><img decoding=\"async\"   src=\"data:image\/gif;base64,R0lGODlhAQABAIAAAAAAAP\/\/\/yH5BAEAAAAALAAAAAABAAEAAAIBRAA7\" loading=\"eager\" alt=\"Bildet viser flere personer som sitter og ligger i en stue, med en stor peis i bakgrunnen. Noen av dem er kledd i formelle kl\u00e6r, mens andre har mer uformelle antrekk. Det er m\u00f8bler som sofaer og lamper synlig i rommet, samt dekorative gjenstander p\u00e5 peisen. Stemningen virker uformell og avslappet. (Bildebeskrivelsen er laget av en KI-tjeneste)\" title=\"Foto: U.S. Justice Department \/ Reuters \/ NTB\"\/><\/p>\n<p class=\"\">Andrew Mountbatten-Windsor ligger over fanget til flere sensurerte kvinner. I bakgrunnen st\u00e5r Epsteins overgrepsd\u00f8mte partner, Ghislaine Maxwell. Bildet ble offentliggjort 19. desember.<\/p>\n<p>Foto: U.S. Justice Department \/ Reuters \/ NTB<\/p>\n<p>Epstein ble funnet d\u00f8d i cellen sin i fengsel i 2019, og en rettssak ble aldri gjennomf\u00f8rt. D\u00f8ds\u00e5rsaken ble oppgitt som selvmord.<\/p>\n<p>Hans samarbeidspartner, Ghislaine Maxwell, soner for tiden en dom p\u00e5 20 \u00e5r.<\/p>\n<p><img decoding=\"async\"   src=\"data:image\/gif;base64,R0lGODlhAQABAIAAAAAAAP\/\/\/yH5BAEAAAAALAAAAAABAAEAAAIBRAA7\" loading=\"eager\" alt=\"Bildet viser to personer som sitter sammen i en folkemengde. Den ene personen har p\u00e5 seg en m\u00f8rk dress med r\u00f8d slips, mens den andre b\u00e6rer en hvit skjorte. Omgivelsene tyder p\u00e5 et offentlig arrangement, med flere mennesker synlige i bakgrunnen. Det er lite informasjon om konteksten for bildet. (Bildebeskrivelsen er laget av en KI-tjeneste)\" title=\"Foto: U.S. Justice Department \/ Reuters \/ NTB\"\/><\/p>\n<p class=\"\">Donald Trump sammen med Ghislaine Maxwell. Bildet ble offentliggjort av Justisdepartementet 23. desember.<\/p>\n<p>Foto: U.S. Justice Department \/ Reuters \/ NTB<\/p>\n<p>De nylig offentliggjorte dokumentene inneholder blant annet en e-post der Ghislaine blir bedt om \u00e5 anskaffe noen \u00abus\u00f8mmelige venner\u00bb.<\/p>\n<p><strong>E-posten er signert \u00abA\u00bb p\u00e5 Balmoral \u2013 navnet p\u00e5 \u00e9n av den britiske kongefamiliens sommerresidenser.<\/strong><\/p>\n<p>I tillegg inneholder dokumentene bilder av b\u00e5de Donald Trump og tidligere president Bill Clinton, men uten \u00e5 knytte dem til kriminelle handlinger.<\/p>\n<p>Interessert i utenriks? H\u00f8r utenriksredaksjonens podkast.<\/p>\n<p>Publisert<\/p>\n<p>25.12.2025, kl. 22.58<\/p>\n","protected":false},"excerpt":{"rendered":"Copy. Paste. Ord, setninger og hele avsnitt i Epstein-dokumentene er dekket over med svarte rektangler. Noen sm\u00e5. Andre&hellip;\n","protected":false},"author":2,"featured_media":121888,"comment_status":"","ping_status":"","sticky":false,"template":"","format":"standard","meta":{"footnotes":""},"categories":[5],"tags":[20,21,24,25,15,19,22,23,17,18,13,30,28,29,14,16,26,27],"class_list":{"0":"post-121887","1":"post","2":"type-post","3":"status-publish","4":"format-standard","5":"has-post-thumbnail","7":"category-overskrifter","8":"tag-breaking-news","9":"tag-breakingnews","10":"tag-featured-news","11":"tag-featurednews","12":"tag-headlines","13":"tag-hovedoppslag","14":"tag-latest-news","15":"tag-latestnews","16":"tag-main-news","17":"tag-mainnews","18":"tag-news","19":"tag-no","20":"tag-norge","21":"tag-norway","22":"tag-nyheter","23":"tag-overskrifter","24":"tag-top-stories","25":"tag-topstories"},"share_on_mastodon":{"url":"https:\/\/pubeurope.com\/@no\/115782546057509896","error":""},"_links":{"self":[{"href":"https:\/\/www.europesays.com\/no\/wp-json\/wp\/v2\/posts\/121887","targetHints":{"allow":["GET"]}}],"collection":[{"href":"https:\/\/www.europesays.com\/no\/wp-json\/wp\/v2\/posts"}],"about":[{"href":"https:\/\/www.europesays.com\/no\/wp-json\/wp\/v2\/types\/post"}],"author":[{"embeddable":true,"href":"https:\/\/www.europesays.com\/no\/wp-json\/wp\/v2\/users\/2"}],"replies":[{"embeddable":true,"href":"https:\/\/www.europesays.com\/no\/wp-json\/wp\/v2\/comments?post=121887"}],"version-history":[{"count":0,"href":"https:\/\/www.europesays.com\/no\/wp-json\/wp\/v2\/posts\/121887\/revisions"}],"wp:featuredmedia":[{"embeddable":true,"href":"https:\/\/www.europesays.com\/no\/wp-json\/wp\/v2\/media\/121888"}],"wp:attachment":[{"href":"https:\/\/www.europesays.com\/no\/wp-json\/wp\/v2\/media?parent=121887"}],"wp:term":[{"taxonomy":"category","embeddable":true,"href":"https:\/\/www.europesays.com\/no\/wp-json\/wp\/v2\/categories?post=121887"},{"taxonomy":"post_tag","embeddable":true,"href":"https:\/\/www.europesays.com\/no\/wp-json\/wp\/v2\/tags?post=121887"}],"curies":[{"name":"wp","href":"https:\/\/api.w.org\/{rel}","templated":true}]}}