{"id":121889,"date":"2025-12-25T22:27:21","date_gmt":"2025-12-25T22:27:21","guid":{"rendered":"https:\/\/www.europesays.com\/no\/121889\/"},"modified":"2025-12-25T22:27:21","modified_gmt":"2025-12-25T22:27:21","slug":"brannbombe-kastet-pa-bil-tilhorende-rabbi-med-happy-chanukah-skilt","status":"publish","type":"post","link":"https:\/\/www.europesays.com\/no\/121889\/","title":{"rendered":"Brannbombe kastet p\u00e5 bil tilh\u00f8rende rabbi med &laquo;Happy Chanukah&raquo;- skilt"},"content":{"rendered":"<p><strong>En rabbis bil med et \u00abHappy Chanukah\u00bb-skilt blir brannbombet utenfor hjemmet hans i Melbourne, i det australske myndigheter etterforsker det de omtaler som et mistenkt antisemittisk angrep. Familien m\u00e5 evakuere da bilen settes i brann i innkj\u00f8rselen i bydelen St Kilda East natt til torsdag.<\/strong><\/p>\n<p>Angrepet skjer i hjertet av Melbournes j\u00f8diske milj\u00f8, bare dager etter et terrorangrep under en hanukka-markering p\u00e5 Bondi Beach, der 15 mennesker blir drept. Hendelsen vekker sterke reaksjoner nasjonalt, og naboer legger ned lys utenfor boligen i solidaritet.<\/p>\n<p>Australias statsminister Anthony Albanese ford\u00f8mmer handlingen og peker p\u00e5 hatmotiv som drivkraft.<br \/>\u2013 Det er hinsides fatteevne. Hva slags ond ideologi er det som kan motivere noen til dette, sier han til <a href=\"https:\/\/www.telegraph.co.uk\/world-news\/2025\/12\/25\/car-with-happy-chanukah-sign-firebombed-in-melbourne\/\" rel=\"nofollow noopener\" target=\"_blank\">The Telegraph.<\/a><\/p>\n<p>Politiet i delstaten Victoria beskriver brannen som mistenkelig og har innledet etterforskning. If\u00f8lge politiet er en person identifisert som kan v\u00e6re relevant for saken, og det p\u00e5g\u00e5r aktive s\u00f8k.<\/p>\n<blockquote class=\"twitter-tweet\">\n<p lang=\"en\" dir=\"ltr\">\ud83d\udea8 Melbourne\u2019s Jewish community woke to another attack.<\/p>\n<p>A car displaying a Chanukah menorah was firebombed at 3am this morning.<\/p>\n<p>Ask yourself who spends Christmas hunting Jews instead of being home with family.<\/p>\n<p>Police are on the scene. <a href=\"https:\/\/t.co\/N4nQZYOcPS\" rel=\"nofollow\">pic.twitter.com\/N4nQZYOcPS<\/a><\/p>\n<p>\u2014 Avi Yemini (@OzraeliAvi) <a href=\"https:\/\/twitter.com\/OzraeliAvi\/status\/2003959426567622700?ref_src=twsrc%5Etfw\" rel=\"nofollow noopener\" target=\"_blank\">December 24, 2025<\/a><\/p><\/blockquote>\n<p>Den lokale parlamentsrepresentanten David Southwick mener tidspunktet og stedet ikke er tilfeldig, og viser til at omr\u00e5det rommer b\u00e5de j\u00f8diske skoler og sentrale m\u00f8teplasser for det j\u00f8diske milj\u00f8et i Melbourne.<\/p>\n<p>Rabbi Effy Block fra Chabad i St Kilda sier angrepet f\u00f8yer seg inn i et m\u00f8nster av \u00f8kende utrygghet.<br \/>\u2013 Takk Gud ble ingen mennesker skadet, men dette er en eskalering. Det j\u00f8diske samfunnet her f\u00f8ler seg ikke trygge i egne hjem, sier han.<\/p>\n<p>Hendelsen kommer samtidig som australske myndigheter varsler skjerpede lover og strengere straffer for hatkriminalitet. If\u00f8lge det j\u00f8diske paraplyorganet ECAJ er antallet antij\u00f8diske hendelser i landet tredoblet det siste \u00e5ret sammenlignet med tidligere niv\u00e5er.<\/p>\n<p><script async src=\"https:\/\/platform.twitter.com\/widgets.js\" charset=\"utf-8\"><\/script><\/p>\n","protected":false},"excerpt":{"rendered":"En rabbis bil med et \u00abHappy Chanukah\u00bb-skilt blir brannbombet utenfor hjemmet hans i Melbourne, i det australske myndigheter&hellip;\n","protected":false},"author":2,"featured_media":121890,"comment_status":"","ping_status":"","sticky":false,"template":"","format":"standard","meta":{"footnotes":""},"categories":[12],"tags":[14465,47,14466,20,21,24,25,15,22,23,14412,13,30,28,29,14,16,26,27,42,43,44,45],"class_list":{"0":"post-121889","1":"post","2":"type-post","3":"status-publish","4":"format-standard","5":"has-post-thumbnail","7":"category-verden","8":"tag-antisemitisme","9":"tag-australia","10":"tag-brannbombe","11":"tag-breaking-news","12":"tag-breakingnews","13":"tag-featured-news","14":"tag-featurednews","15":"tag-headlines","16":"tag-latest-news","17":"tag-latestnews","18":"tag-melbourne","19":"tag-news","20":"tag-no","21":"tag-norge","22":"tag-norway","23":"tag-nyheter","24":"tag-overskrifter","25":"tag-top-stories","26":"tag-topstories","27":"tag-verden","28":"tag-world","29":"tag-world-news","30":"tag-worldnews"},"share_on_mastodon":{"url":"https:\/\/pubeurope.com\/@no\/115782565454771722","error":""},"_links":{"self":[{"href":"https:\/\/www.europesays.com\/no\/wp-json\/wp\/v2\/posts\/121889","targetHints":{"allow":["GET"]}}],"collection":[{"href":"https:\/\/www.europesays.com\/no\/wp-json\/wp\/v2\/posts"}],"about":[{"href":"https:\/\/www.europesays.com\/no\/wp-json\/wp\/v2\/types\/post"}],"author":[{"embeddable":true,"href":"https:\/\/www.europesays.com\/no\/wp-json\/wp\/v2\/users\/2"}],"replies":[{"embeddable":true,"href":"https:\/\/www.europesays.com\/no\/wp-json\/wp\/v2\/comments?post=121889"}],"version-history":[{"count":0,"href":"https:\/\/www.europesays.com\/no\/wp-json\/wp\/v2\/posts\/121889\/revisions"}],"wp:featuredmedia":[{"embeddable":true,"href":"https:\/\/www.europesays.com\/no\/wp-json\/wp\/v2\/media\/121890"}],"wp:attachment":[{"href":"https:\/\/www.europesays.com\/no\/wp-json\/wp\/v2\/media?parent=121889"}],"wp:term":[{"taxonomy":"category","embeddable":true,"href":"https:\/\/www.europesays.com\/no\/wp-json\/wp\/v2\/categories?post=121889"},{"taxonomy":"post_tag","embeddable":true,"href":"https:\/\/www.europesays.com\/no\/wp-json\/wp\/v2\/tags?post=121889"}],"curies":[{"name":"wp","href":"https:\/\/api.w.org\/{rel}","templated":true}]}}