{"id":121903,"date":"2025-12-25T23:48:26","date_gmt":"2025-12-25T23:48:26","guid":{"rendered":"https:\/\/www.europesays.com\/no\/121903\/"},"modified":"2025-12-25T23:48:26","modified_gmt":"2025-12-25T23:48:26","slug":"donald-trump-sier-usa-har-angrepet-is-i-nigeria","status":"publish","type":"post","link":"https:\/\/www.europesays.com\/no\/121903\/","title":{"rendered":"Donald Trump sier USA har angrepet IS i Nigeria"},"content":{"rendered":"\n<p class=\"_lead_o9xde_2 _lead_xtcu6_50 layout-component text-serif-m layout-normal text-serif-l layout-component layout-wide layout-padded _wide_17hqh_1 layout-padded\">USA har gjennomf\u00f8rt luftangrep mot Den islamske stat (IS) i nordvest-Nigeria, opplyser president Donald Trump.<\/p>\n<p><img alt=\" Foto: Alex Brandon \/ AP \/ NTB\" class=\"_image_qp4xg_65 layout-component layout-wide\" data-fullscreen- data-track-element-type=\"Article image fullscreen\" data-track-name=\"ImageFullscreen\" fetchpriority=\"high\" decoding=\"sync\" loading=\"eager\" height=\"4000\" itemprop=\"image\"  src=\"https:\/\/www.europesays.com\/no\/wp-content\/uploads\/2025\/12\/77b2c5a0-f858-46d4-987f-327e3f1054f2\"  style=\"object-position:0% 0%\" width=\"6000\"\/> Foto: Alex Brandon \/ AP \/ NTB<\/p>\n<ul aria-hidden=\"true\" class=\"_images_ntbth_112\">\n<li><a class=\"_link_ntbth_117\" href=\"https:\/\/www.vg.no\/forfatter\/anja-ariel-toernes-brekke\" style=\"z-index:2\" title=\"Anja A. T. Brekke\" rel=\"nofollow noopener\" target=\"_blank\"><img alt=\"Bilde av Anja A. T. Brekke\" class=\"_image_ntbth_93\" fetchpriority=\"low\" loading=\"lazy\" decoding=\"async\" itemprop=\"image\"  src=\"https:\/\/www.europesays.com\/no\/wp-content\/uploads\/2025\/12\/1766706501_285_064db0a6-f784-4fee-a84a-81e3f5807bb6\"  width=\"480\"\/><\/a><\/li>\n<li><a class=\"_link_ntbth_117\" href=\"https:\/\/www.vg.no\/forfatter\/ntb\" style=\"z-index:1\" title=\"NTB\" rel=\"nofollow noopener\" target=\"_blank\"><img alt=\"Bilde av NTB\" class=\"_image_ntbth_93\" fetchpriority=\"low\" loading=\"lazy\" decoding=\"async\" itemprop=\"image\"  src=\"https:\/\/www.europesays.com\/no\/wp-content\/uploads\/2025\/12\/1766706503_790_c33980b0-5d07-4027-84a1-813f90a7c8d6\"  width=\"480\"\/><\/a><\/li>\n<\/ul>\n<p> Oppdatert fredag 26. desember kl. 00:40     <\/p>\n<p class=\"_paragraph_o9xde_4 _paragraph_xtcu6_10 layout-component text-serif-m layout-normal text-serif-m layout-padded\">\u2013 I kveld, p\u00e5 min ordre som \u00f8verstkommanderende, gjennomf\u00f8rte USA et kraftig og d\u00f8delig angrep mot ISIS-terroravskum i nordvest-Nigeria, skriver Trump p\u00e5 Truth Social, gjengir Reuters. <\/p>\n<p class=\"_paragraph_o9xde_4 _paragraph_xtcu6_10 layout-component text-serif-m layout-normal text-serif-m layout-padded\">Angrepet ble utf\u00f8rt p\u00e5 foresp\u00f8rsel fra nigerianske myndigheter i delstaten Sokoto, if\u00f8lge amerikanske myndigheter, skriver Reuters. <\/p>\n<p>Aktiver kart<\/p>\n<p class=\"_paragraph_o9xde_4 _paragraph_xtcu6_10 layout-component text-serif-m layout-normal text-serif-m layout-padded\">Presidenten hevder at militante fra IS har drept kristne i omr\u00e5det.<\/p>\n<p class=\"_paragraph_o9xde_4 _paragraph_xtcu6_10 layout-component text-serif-m layout-normal text-serif-m layout-padded\">\u2013 De har m\u00e5lrettet og brutalt drept, prim\u00e6rt uskyldige kristne, p\u00e5 niv\u00e5er vi ikke har sett p\u00e5 mange \u00e5r, og til og med \u00e5rhundrer, skriver Trump, som omtaler angrepene som \u00abperfekte\u00bb. <\/p>\n<p class=\"_paragraph_o9xde_4 _paragraph_xtcu6_10 layout-component text-serif-m layout-normal text-serif-m layout-padded\">\u2013 M\u00e5 gud velsigne milit\u00e6ret v\u00e5rt, legger han til. <\/p>\n<p class=\"_paragraph_o9xde_4 _paragraph_xtcu6_10 layout-component text-serif-m layout-normal text-serif-m layout-padded\">Videre benytter presidenten anledningen til \u00e5 \u00f8nske alle alle en god jul, inkludert de d\u00f8de terroristene som han skriver det vil bli \u00abmange flere av\u00bb dersom \u00abnedslaktingen av kristne fortsetter\u00bb. <\/p>\n<p class=\"_paragraph_o9xde_4 _paragraph_xtcu6_10 layout-component text-serif-m layout-normal text-serif-m layout-padded\">P\u00e5 onsdag ble minst syv personer drept da en mosk\u00e9 i den nigerianske byen Maiduguri nord\u00f8st i landet ble rammet av en eksplosjon onsdag, opplyste lederen for en antijihadistisk milits. <\/p>\n<p><img alt=\"Slik s\u00e5 det ut p\u00e5 innsiden av moskeen etter angrepet.   Foto: Ahmed Kingimi \/ Reuters \/ NTB\" class=\"_image_qp4xg_65 layout-component layout-normal\" data-fullscreen- data-track-element-type=\"Article image fullscreen\" data-track-name=\"ImageFullscreen\" decoding=\"async\" loading=\"lazy\" height=\"4125\" itemprop=\"image\"  src=\"https:\/\/www.europesays.com\/no\/wp-content\/uploads\/2025\/12\/0400bc14-0fba-43ef-a891-e9406409195b\"  style=\"object-position:0% 0%\" width=\"5500\"\/>Slik s\u00e5 det ut p\u00e5 innsiden av moskeen etter angrepet.   Foto: Ahmed Kingimi \/ Reuters \/ NTB<\/p>\n<p class=\"_paragraph_o9xde_4 _paragraph_xtcu6_10 layout-component text-serif-m layout-normal text-serif-m layout-padded\">Ingen v\u00e6pnede grupper har tatt p\u00e5 seg ansvaret for det militsleder Babakura Kolo mistenker var et bombeangrep.<\/p>\n","protected":false},"excerpt":{"rendered":"USA har gjennomf\u00f8rt luftangrep mot Den islamske stat (IS) i nordvest-Nigeria, opplyser president Donald Trump. Foto: Alex Brandon&hellip;\n","protected":false},"author":2,"featured_media":121904,"comment_status":"","ping_status":"","sticky":false,"template":"","format":"standard","meta":{"footnotes":""},"categories":[12],"tags":[31,20,21,55,24,25,15,14468,22,23,13,9949,30,28,29,14,16,26,27,50,42,43,44,45],"class_list":{"0":"post-121903","1":"post","2":"type-post","3":"status-publish","4":"format-standard","5":"has-post-thumbnail","7":"category-verden","8":"tag-breaking","9":"tag-breaking-news","10":"tag-breakingnews","11":"tag-donald-trump","12":"tag-featured-news","13":"tag-featurednews","14":"tag-headlines","15":"tag-isis","16":"tag-latest-news","17":"tag-latestnews","18":"tag-news","19":"tag-nigeria","20":"tag-no","21":"tag-norge","22":"tag-norway","23":"tag-nyheter","24":"tag-overskrifter","25":"tag-top-stories","26":"tag-topstories","27":"tag-usa","28":"tag-verden","29":"tag-world","30":"tag-world-news","31":"tag-worldnews"},"share_on_mastodon":{"url":"https:\/\/pubeurope.com\/@no\/115782885097345010","error":""},"_links":{"self":[{"href":"https:\/\/www.europesays.com\/no\/wp-json\/wp\/v2\/posts\/121903","targetHints":{"allow":["GET"]}}],"collection":[{"href":"https:\/\/www.europesays.com\/no\/wp-json\/wp\/v2\/posts"}],"about":[{"href":"https:\/\/www.europesays.com\/no\/wp-json\/wp\/v2\/types\/post"}],"author":[{"embeddable":true,"href":"https:\/\/www.europesays.com\/no\/wp-json\/wp\/v2\/users\/2"}],"replies":[{"embeddable":true,"href":"https:\/\/www.europesays.com\/no\/wp-json\/wp\/v2\/comments?post=121903"}],"version-history":[{"count":0,"href":"https:\/\/www.europesays.com\/no\/wp-json\/wp\/v2\/posts\/121903\/revisions"}],"wp:featuredmedia":[{"embeddable":true,"href":"https:\/\/www.europesays.com\/no\/wp-json\/wp\/v2\/media\/121904"}],"wp:attachment":[{"href":"https:\/\/www.europesays.com\/no\/wp-json\/wp\/v2\/media?parent=121903"}],"wp:term":[{"taxonomy":"category","embeddable":true,"href":"https:\/\/www.europesays.com\/no\/wp-json\/wp\/v2\/categories?post=121903"},{"taxonomy":"post_tag","embeddable":true,"href":"https:\/\/www.europesays.com\/no\/wp-json\/wp\/v2\/tags?post=121903"}],"curies":[{"name":"wp","href":"https:\/\/api.w.org\/{rel}","templated":true}]}}