{"id":121905,"date":"2025-12-25T23:50:19","date_gmt":"2025-12-25T23:50:19","guid":{"rendered":"https:\/\/www.europesays.com\/no\/121905\/"},"modified":"2025-12-25T23:50:19","modified_gmt":"2025-12-25T23:50:19","slug":"skien-krim-14-aring-slatt-og-dyttet-av-guttegjeng-politiet-onsker-tips","status":"publish","type":"post","link":"https:\/\/www.europesays.com\/no\/121905\/","title":{"rendered":"Skien, Krim | 14-\u00e5ring sl\u00e5tt og dyttet av guttegjeng \u2013 politiet \u00f8nsker tips"},"content":{"rendered":"\n<p>Klokken 22.02, torsdag kveld, fikk n\u00f8detatene melding om en gutt p\u00e5 14 \u00e5r som var blitt utsatt for vold p\u00e5 Ravn\u00e5sen i Skien.<\/p>\n<p>\u2013 Det var fire personer rundt 20 \u00e5r som hadde utsatt han for vold, melder operasjonsleder i politiet, Ottar Steinst\u00f8. <\/p>\n<p>De fire personene utsatte 14-\u00e5ringen for dytting og slag. Det er ingen kjent relasjon mellom partene. <\/p>\n<p>\u2013 Gutten er n\u00e5 p\u00e5 legevakten, opplyser Steinst\u00f8 videre.<\/p>\n<p>Politiet har v\u00e6rt i omr\u00e5det og unders\u00f8kt, og n\u00e5 \u00f8nsker de tips fra folk som kan ha sett tre-fire menn i 20-\u00e5ra.<\/p>\n<p>\u2013 De blir beskrevet som h\u00f8ye. En av dem hadde sort jakke og en annen hadde gr\u00e5. Vi \u00f8nsker tips p\u00e5 telefon 02800, melder Steinst\u00f8.<\/p>\n<p><b>TA oppdaterer saken. <\/b><\/p>\n","protected":false},"excerpt":{"rendered":"Klokken 22.02, torsdag kveld, fikk n\u00f8detatene melding om en gutt p\u00e5 14 \u00e5r som var blitt utsatt for&hellip;\n","protected":false},"author":2,"featured_media":1273,"comment_status":"","ping_status":"","sticky":false,"template":"","format":"standard","meta":{"footnotes":""},"categories":[10],"tags":[36,20,21,24,25,15,983,22,23,13,30,28,29,14,16,393,1510,26,27,493],"class_list":{"0":"post-121905","1":"post","2":"type-post","3":"status-publish","4":"format-standard","5":"has-post-thumbnail","7":"category-norge","8":"tag-art","9":"tag-breaking-news","10":"tag-breakingnews","11":"tag-featured-news","12":"tag-featurednews","13":"tag-headlines","14":"tag-krim","15":"tag-latest-news","16":"tag-latestnews","17":"tag-news","18":"tag-no","19":"tag-norge","20":"tag-norway","21":"tag-nyheter","22":"tag-overskrifter","23":"tag-skien","24":"tag-story","25":"tag-top-stories","26":"tag-topstories","27":"tag-vold"},"share_on_mastodon":{"url":"https:\/\/pubeurope.com\/@no\/115782891805949881","error":""},"_links":{"self":[{"href":"https:\/\/www.europesays.com\/no\/wp-json\/wp\/v2\/posts\/121905","targetHints":{"allow":["GET"]}}],"collection":[{"href":"https:\/\/www.europesays.com\/no\/wp-json\/wp\/v2\/posts"}],"about":[{"href":"https:\/\/www.europesays.com\/no\/wp-json\/wp\/v2\/types\/post"}],"author":[{"embeddable":true,"href":"https:\/\/www.europesays.com\/no\/wp-json\/wp\/v2\/users\/2"}],"replies":[{"embeddable":true,"href":"https:\/\/www.europesays.com\/no\/wp-json\/wp\/v2\/comments?post=121905"}],"version-history":[{"count":0,"href":"https:\/\/www.europesays.com\/no\/wp-json\/wp\/v2\/posts\/121905\/revisions"}],"wp:featuredmedia":[{"embeddable":true,"href":"https:\/\/www.europesays.com\/no\/wp-json\/wp\/v2\/media\/1273"}],"wp:attachment":[{"href":"https:\/\/www.europesays.com\/no\/wp-json\/wp\/v2\/media?parent=121905"}],"wp:term":[{"taxonomy":"category","embeddable":true,"href":"https:\/\/www.europesays.com\/no\/wp-json\/wp\/v2\/categories?post=121905"},{"taxonomy":"post_tag","embeddable":true,"href":"https:\/\/www.europesays.com\/no\/wp-json\/wp\/v2\/tags?post=121905"}],"curies":[{"name":"wp","href":"https:\/\/api.w.org\/{rel}","templated":true}]}}