{"id":121906,"date":"2025-12-25T23:52:36","date_gmt":"2025-12-25T23:52:36","guid":{"rendered":"https:\/\/www.europesays.com\/no\/121906\/"},"modified":"2025-12-25T23:52:36","modified_gmt":"2025-12-25T23:52:36","slug":"tatt-i-russland-domt","status":"publish","type":"post","link":"https:\/\/www.europesays.com\/no\/121906\/","title":{"rendered":"Tatt i Russland: D\u00f8mt"},"content":{"rendered":"<p>Historien begynner v\u00e5ren 2008.<\/p>\n<p>Tre norske jenter m\u00f8tes p\u00e5 Gardermoen, klare for avreise. Turen skal ta dem langt hjemmefra og helt til Bolivia.\u00a0<\/p>\n<p class=\"font-weight-bold m-font-weight-bold\" data-lab-font_weight=\"font-weight-bold\">Allerede her spriker historiene deres. Hva de trodde reisen handlet om, og hvem som visste hva, er ulikt forklart av alle tre.\u00a0<\/p>\n<p>Disse ulike forklaringene blir et sentralt element i det som seinere blir kjent som Bolivia-saken &#8211; en av de mest omtalte narkotikasakene med norske borgere i utlandet.<\/p>\n<p>        <img loading=\"lazy\" decoding=\"async\" src=\"https:\/\/www.europesays.com\/no\/wp-content\/uploads\/2025\/12\/84011344.webp\" width=\"667\" height=\"447\" title=\"BESLAG: Dette er kofferte som dannet bevisgrunnlaget mot jentene. Foto: Stian Lysberg Solum\/NTB\" alt=\"\" class=\"\" style=\"--aspect-ratio-image: 1.49; \"\/><\/p>\n<p>\n        BESLAG: Dette er kofferte som dannet bevisgrunnlaget mot jentene. Foto: Stian Lysberg Solum\/NTB\n    <\/p>\n<p>\u00c9n ting i historien er udiskutabelt: P\u00e5 hjemreisen endres livene deres for alltid. Denne historien er n\u00e5 dramatisert i serien \u00abFlukten fra Bolivia\u00bb som denne jula sendes p\u00e5 TV 2. <\/p>\n<p>P\u00e5 flyplassen i Cochabamba blir det funnet 22,4 kilo kokain i koffertene deres (Seinere blir det nedjustert til elleve kilo, red.anm.).<\/p>\n<p>        <img loading=\"lazy\" decoding=\"async\" src=\"https:\/\/www.europesays.com\/no\/wp-content\/uploads\/2025\/12\/84011338.webp\" width=\"667\" height=\"434\" title=\"I RETTEN: Madeleine Rodriguez og Stina Brendemo Hagen under rettssaken i desember 2009. Lillesand-kvinnen hadde p\u00e5 dette tidspunktet r\u00f8mt landet. Foto: AFP\/NTB\" alt=\"\" class=\"\" style=\"--aspect-ratio-image: 1.54; \"\/><\/p>\n<p>\n        I RETTEN: Madeleine Rodriguez og Stina Brendemo Hagen under rettssaken i desember 2009. Lillesand-kvinnen hadde p\u00e5 dette tidspunktet r\u00f8mt landet. Foto: AFP\/NTB\n    <\/p>\n<p>Lillesand-kvinnen er 18 \u00e5r gammel. Stina Brendemo Hagen er 17. Madeleine Rodriguez er i begynnelsen av 20-\u00e5rene. Alle tre blir p\u00e5grepet p\u00e5 stedet og fengslet i Bolivia, langt hjemmefra og i et land med et rettssystem og fengselsforhold sv\u00e6rt ulike de norske.<\/p>\n<p>T\u00f8ffe k\u00e5r<\/p>\n<p>Kokainen er skjult i elleve Adidas-bagger, smurt inn med kaffegrut for \u00e5 forhindre at narkotikahundene skal kjenne lukten. If\u00f8lge bolivianske myndigheter er det snakk om organisert narkotikasmugling.<\/p>\n<p>        <img loading=\"lazy\" decoding=\"async\" src=\"https:\/\/www.europesays.com\/no\/wp-content\/uploads\/2025\/12\/84011438.webp\" width=\"667\" height=\"447\" title=\"TATT FOR SMUGLING: Stina Brendemo Hagen og Madeleine Rodriguez sammen med tolk Hanne Baardseth under rettssaken i 2010. Foto: Stian Lysberg Solum\/NTB\" alt=\"\" class=\"\" style=\"--aspect-ratio-image: 1.49; \"\/><\/p>\n<p>\n        TATT FOR SMUGLING: Stina Brendemo Hagen og Madeleine Rodriguez sammen med tolk Hanne Baardseth under rettssaken i 2010. Foto: Stian Lysberg Solum\/NTB\n    <\/p>\n<p>Jentene blir siktet for alvorlige narkotikaforbrytelser.\u00a0Strafferammen er mellom ti og 25 \u00e5rs fengsel.<\/p>\n<p>Hjemme i Norge blir medieoppslagene store. Journalister reiser umiddelbart ned for \u00e5 h\u00f8re jentenes historier. Alle stilte seg det samme sp\u00f8rsm\u00e5let: Hvordan kunne tre s\u00e5 unge jenter ende i en slik situasjon?<\/p>\n<p>        <img loading=\"lazy\" decoding=\"async\" src=\"https:\/\/www.europesays.com\/no\/wp-content\/uploads\/2025\/12\/84011305.webp\" width=\"686\" height=\"981\" title=\"OPPSLAG: P\u00e5 forsida av Dagbladet kunne man lese dette 23. mai, kort tid etter arrestasjonen av jentene. Foto: Faksimile Dagbladet\" alt=\"\" class=\"\" style=\"--aspect-ratio-image: 0.70; \"\/><\/p>\n<p>\n        OPPSLAG: P\u00e5 forsida av Dagbladet kunne man lese dette 23. mai, kort tid etter arrestasjonen av jentene. Foto: Faksimile Dagbladet\n    <\/p>\n<p>Dagbladets journalist Anders Holth Johansen jobbet tett p\u00e5 saken og reiste selv ned til Bolivia. Han sier at interessen blant leserne var der fra dag \u00e9n.<\/p>\n<p>&#8211; Etter hvert som vi jobbet med saken ble det klart at dette var et omfattende system av kur\u00e9rer, pengevekslere og bakmenn. Mange var sv\u00e6rt unge, og hadde ikke kriminell bakgrunn. Kokainruta fra Bolivia til Norge hadde fungert en stund, og etter v\u00e5re opplysninger var det flere unge kvinner som hadde v\u00e6rt \u00abp\u00e5 ferie\u00bb og kommet hjem med en ekstra ryggsekk, uten \u00e5 bli tatt, sier han i dag.<\/p>\n<p>        DRA-TIL-TRYNE: Emil Gukild blir flau da han f\u00e5r vite hvilket inntrykk skuespillerkollega Jakob Oftebro hadde av TV-profilen f\u00f8r de m\u00f8ttes. Reporter: Sanne Holt\/ Celine N\u00e6ss Andreassen. Video: \u00abFlukten fra Bolivia\u00bb\/ TV 2\/ R\u00f8d L\u00f8per<\/p>\n<p>Fengselsoppholdet i Bolivia er t\u00f8ft og krevende for de norske jentene. Standarden i kvinnefengselet er lav. Plassen er trang, og cellene er\u00a0 overfylte med flere innsatte p\u00e5 liten plass.<\/p>\n<p>        <img loading=\"lazy\" decoding=\"async\" src=\"https:\/\/www.europesays.com\/no\/wp-content\/uploads\/2025\/12\/84011348.webp\" width=\"686\" height=\"460\" title=\"KNAKK SAMMEN: Stina Brendemo Hagen begynte \u00e5 gr\u00e5te i vitneboksen. Foto: Stian Lysberg Solum\/NTB\" alt=\"\" class=\"\" style=\"--aspect-ratio-image: 1.49; \"\/><\/p>\n<p>\n        KNAKK SAMMEN: Stina Brendemo Hagen begynte \u00e5 gr\u00e5te i vitneboksen. Foto: Stian Lysberg Solum\/NTB\n    <\/p>\n<p>Stina Brendemo Hagen har seinere fortalt at kvinner spydde og gjorde fra seg i plastposer. Lukten var konstant.<\/p>\n<p>For Madeleine Rodriguez er soningen ekstra belastende, ettersom hun har med seg datteren p\u00e5 to \u00e5r i fengselet. Barnet blir hentet av Utenriksdepartementet juni 2009, og fraktet til Norge.\u00a0<\/p>\n<p>F\u00f8dte i fengselet<\/p>\n<p>Etter halvannet \u00e5r i fengsel blir Lillesand-kvinnen l\u00f8slatt mot kausjon. Fire m\u00e5neder seinere r\u00f8mmer hun fra Bolivia og hjem til Norge. Kort tid etter hjemkomsten blir hun siktet av Kripos for fors\u00f8k p\u00e5 innf\u00f8rsel av kokain.\u00a0<\/p>\n<p>        <img loading=\"lazy\" decoding=\"async\" src=\"https:\/\/www.europesays.com\/no\/wp-content\/uploads\/2025\/12\/84011205.webp\" width=\"686\" height=\"453\" title=\"GRAVID: Stina Brendemo Hagen ble gravid og f\u00f8dte i fengselet. Foto: Henning Lilleg\u00e5rd\/Dagbladet\" alt=\"\" class=\"\" style=\"--aspect-ratio-image: 1.51; \"\/><\/p>\n<p>\n        GRAVID: Stina Brendemo Hagen ble gravid og f\u00f8dte i fengselet. Foto: Henning Lilleg\u00e5rd\/Dagbladet\n    <\/p>\n<p>Rodriguez og Hagen sitter igjen i kvinnefengselet.\u00a0<\/p>\n<p>I mars 2010 deler Hagen at hun har blitt gravid i fengselet. Barnefaren er en s\u00f8r-amerikansk mann, som Hagen m\u00f8tte da han bes\u00f8kte en venninne som sonet.\u00a0<\/p>\n<p>&#8211; Jeg har et privatliv og folk har ikke noe med hvem som er faren. Det jeg vil si er at vi er kj\u00e6rester og vi har det godt sammen, sa Hagen til <a href=\"https:\/\/www.vg.no\/nyheter\/i\/3vBEA\/foedte-en-soenn-i-boliviansk-fengsel\" rel=\"nofollow noopener\" target=\"_blank\">VG<\/a> den gang.<\/p>\n<p>        <img loading=\"lazy\" decoding=\"async\" src=\"https:\/\/www.europesays.com\/no\/wp-content\/uploads\/2025\/12\/84011363.webp\" width=\"667\" height=\"447\" title=\"D\u00d8MT: Jentene var tydelige oppr\u00f8rte etter at dommen falt i Bolivia-saken. Her er de p\u00e5 vei ut fra rettssalen. Foto: Henning Lilleg\u00e5rd\/Dagbladet\" alt=\"\" class=\"\" style=\"--aspect-ratio-image: 1.49; \"\/><\/p>\n<p>\n        D\u00d8MT: Jentene var tydelige oppr\u00f8rte etter at dommen falt i Bolivia-saken. Her er de p\u00e5 vei ut fra rettssalen. Foto: Henning Lilleg\u00e5rd\/Dagbladet\n    <\/p>\n<p>M\u00e5neden etter gravidnyheten starter rettssaken mot Hagen og Rodriguez. Begge blir d\u00f8mt til 13 \u00e5r og fire m\u00e5neders fengsel. Straffen blir seinere redusert til ti \u00e5r og \u00e5tte m\u00e5neder, f\u00f8r den igjen blir oppjustert til den opprinnelige dommen. <\/p>\n<p class=\"font-weight-bold m-font-weight-bold\" data-lab-font_weight=\"font-weight-bold\"> Seks m\u00e5neder seinere f\u00f8der Hagen en s\u00f8nn i fengselet.\u00a0<\/p>\n<p>Flukten<\/p>\n<p>Elleve m\u00e5neder etter f\u00f8dselen, blir Hagen sluppet ut av fengselet mot kausjon.\u00a0<\/p>\n<p>S\u00e5 begynner flukten.\u00a0<\/p>\n<p>        <img loading=\"lazy\" decoding=\"async\" src=\"https:\/\/www.europesays.com\/no\/wp-content\/uploads\/2025\/12\/84011477.webp\" width=\"667\" height=\"794\" title=\"HJALP TIL: Jonas Forsang og Magnus R\u00f8nningen hadde n\u00f8kkelroller i flukten til Stina Brendemo Hagen. Her er de avbildet i 2017 i forbindelse med lanseringen av boka til Petter Stordalen. Foto: Tor Lindseth\/Se og H\u00f8r\" alt=\"\" class=\"\" style=\"--aspect-ratio-image: 0.84; \"\/><\/p>\n<p>\n        HJALP TIL: Jonas Forsang og Magnus R\u00f8nningen hadde n\u00f8kkelroller i flukten til Stina Brendemo Hagen. Her er de avbildet i 2017 i forbindelse med lanseringen av boka til Petter Stordalen. Foto: Tor Lindseth\/Se og H\u00f8r\n    <\/p>\n<p>Magasinet Alfa beslutter \u00e5 finansiere flukten hennes til Norge. Milliard\u00e6r Kjetil Holta l\u00e5ner magasinet fire millioner kroner for at redakt\u00f8r Magnus R\u00f8nningen og journalist Jonas Forsang skal gjennomf\u00f8re operasjonen.<\/p>\n<p> R\u00f8nningen har seinere opplyst til Dagbladet at han selv betalte 730 000 kroner i utgifter. <\/p>\n<p> Alfa lager reportasje om b\u00e5de f\u00f8dselen i fengselet og flukten til Norge. <\/p>\n<p>        <img loading=\"lazy\" decoding=\"async\" src=\"https:\/\/www.europesays.com\/no\/wp-content\/uploads\/2025\/12\/84011509.webp\" width=\"686\" height=\"885\" title=\"LAGDE REPORTASJE: Magasinet Alfa fulgte Stina Brendemo Hagen p\u00e5 b\u00e5de f\u00f8dselen og flukten. Foto: Faksimile Alfa\" alt=\"\" class=\"\" style=\"--aspect-ratio-image: 0.78; \"\/><\/p>\n<p>\n        LAGDE REPORTASJE: Magasinet Alfa fulgte Stina Brendemo Hagen p\u00e5 b\u00e5de f\u00f8dselen og flukten. Foto: Faksimile Alfa\n    <\/p>\n<p> Forsang er med p\u00e5 selve flukten og blir seinere gudfar til Hagens s\u00f8nn, som f\u00e5r navnet Jonas. <\/p>\n<p> Hagen f\u00e5r ogs\u00e5 hjelp av leiesoldater fra selskapet ABP World Group (Advanced Body Protection). <\/p>\n<p>    <a itemprop=\"url\" href=\"https:\/\/www.dagbladet.no\/kjendis\/chris-rea-er-dod-74-ar-gammel\/84020894\" rel=\"nofollow noopener\" target=\"_blank\"><\/p>\n<p>        <img loading=\"lazy\" decoding=\"async\" src=\"https:\/\/www.europesays.com\/no\/wp-content\/uploads\/2025\/12\/84020904.webp\" width=\"980\" height=\"441\" title=\"Chris Rea er d\u00f8d 74 \u00e5r gammel\" alt=\"\" class=\"lazyload\" style=\"--aspect-ratio-image: 2.22; \"\/><\/p>\n<p>        Chris Rea er d\u00f8d 74 \u00e5r gammel<\/p>\n<p>    <\/a><\/p>\n<p> Flukten inneb\u00e6rer fare for liv og helse. Ikke bare for den lille gutten, men ogs\u00e5 for Hagen selv. Reisen g\u00e5r gjennom jungelen i Brasil, og videre gjennom Europa med fly, tog og ferje. <\/p>\n<p class=\"font-weight-bold m-font-weight-bold\" data-lab-font_weight=\"font-weight-bold\"> I oktober 2011 kommer Hagen til Norge. Hun blir ikke strafferettslig forfulgt, og lever i dag som en fri kvinne. <\/p>\n<p>Men Madeleine Rodriguez er fortsatt i Bolivia.\u00a0<\/p>\n<p>Ulike forklaringer<\/p>\n<p> Saken kompliseres av at de tre kvinnene har ulike oppfatninger av reisen og rollene sine. <\/p>\n<p>I september 2011, mens Hagen er p\u00e5 flukt, starter rettssaken hjemme i Norge hvor Lillesand-kvinnen, samt fire andre personer, er tiltalt for narkotikasmugling.<\/p>\n<p>    <a itemprop=\"url\" href=\"https:\/\/www.dagbladet.no\/kjendis\/i-sorg-smerten-forsvinner-ikke\/84018321\" rel=\"nofollow noopener\" target=\"_blank\"><\/p>\n<p>        <img loading=\"lazy\" decoding=\"async\" src=\"https:\/\/www.europesays.com\/no\/wp-content\/uploads\/2025\/12\/1766706750_805_84018328.webp\" width=\"980\" height=\"441\" title=\"I sorg: - Smerten forsvinner ikke\" alt=\"\" class=\"lazyload\" style=\"--aspect-ratio-image: 2.22; \"\/><\/p>\n<p>        I sorg: &#8211; Smerten forsvinner ikke<\/p>\n<p>    <\/a><\/p>\n<p>Der forklarer hun at hun trodde turen skulle v\u00e6re en vanlig venninnetur til Spania. Hun beskriver seg selv som manipulert og uvitende om de alvorlige konsekvensene. <\/p>\n<p>Hun har konsekvent hevdet at hun ikke visste at det var narkotika i bagene. Oslo tingrett frikjenner henne.\u00a0<\/p>\n<p>        <img loading=\"lazy\" decoding=\"async\" src=\"https:\/\/www.europesays.com\/no\/wp-content\/uploads\/2025\/12\/84011553.webp\" width=\"686\" height=\"460\" title=\"FORSVARER: Advokat Carl Urquieta Bore var Lillesand-kvinnens forsvarer. Foto: H\u00e5kon Mosvold Larsen\/NTB\" alt=\"\" class=\"\" style=\"--aspect-ratio-image: 1.49; \"\/><\/p>\n<p>\n        FORSVARER: Advokat Carl Urquieta Bore var Lillesand-kvinnens forsvarer. Foto: H\u00e5kon Mosvold Larsen\/NTB\n    <\/p>\n<p data-lab-font_weight=\"font-weight-bold\" class=\"font-weight-bold m-font-weight-bold\">Hagen vitner mot henne i ankesaken et halvt \u00e5r seinere. Hun hevder at venninnen visste at reisen gikk til Bolivia.<\/p>\n<p> Om \u00e9n ting er de likevel enige: Det var Madeleine Rodriguez som kom med sportsbagene med kokain og la dem i koffertene. <\/p>\n<p>&#8211; Madeleine sa at bagene bare var gaver, og at hun ikke hadde plass til dem selv, forklarer Hagen i retten. <\/p>\n<p>        <img loading=\"lazy\" decoding=\"async\" src=\"https:\/\/www.europesays.com\/no\/wp-content\/uploads\/2025\/12\/84011675.webp\" width=\"667\" height=\"381\" title=\"HEVDER DE VISSTE: If\u00f8lge Rodriguez var alle jentene klare over at de skulle ta med bager tilbake til Norge, men ikke at det var kokain i dem. Her avbildet under rettssaken i 2010. Foto: Stian Lysberg Solum\/NTB\" alt=\"\" class=\"\" style=\"--aspect-ratio-image: 1.75; \"\/><\/p>\n<p>\n        HEVDER DE VISSTE: If\u00f8lge Rodriguez var alle jentene klare over at de skulle ta med bager tilbake til Norge, men ikke at det var kokain i dem. Her avbildet under rettssaken i 2010. Foto: Stian Lysberg Solum\/NTB\n    <\/p>\n<p> Rodriguez har p\u00e5 sin side hevdet at alle visste at de skulle frakte bager til Norge &#8211; men ikke at de inneholdt kokain. <\/p>\n<p>&#8211; De visste at vi skulle ha med bagene til Norge. De visste at siste dagen vi skulle dra fra Bolivia s\u00e5 ville vi f\u00e5 levert de bagene vi skulle ha med hjem, fortalte Rodriguez i retten i 2010, if\u00f8lge\u00a0<a href=\"https:\/\/www.nrk.no\/norge\/bolivia-rodriguez-i-tingretten-1.7818163\" rel=\"nofollow noopener\" target=\"_blank\">NRK<\/a>.<\/p>\n<p>    <a itemprop=\"url\" href=\"https:\/\/www.dagbladet.no\/kjendis\/kamelen-frikjennes\/84020719\" rel=\"nofollow noopener\" target=\"_blank\"><\/p>\n<p>        <img loading=\"lazy\" decoding=\"async\" src=\"https:\/\/www.europesays.com\/no\/wp-content\/uploads\/2025\/12\/1766706754_502_84020595.webp\" width=\"980\" height=\"441\" title=\"Kamelen frikjennes\" alt=\"\" class=\"lazyload\" style=\"--aspect-ratio-image: 2.22; \"\/><\/p>\n<p>        Kamelen frikjennes<\/p>\n<p>    <\/a><\/p>\n<p>De sprikende forklaringene er sentrale i b\u00e5de etterforskningen og rettssakene. Sp\u00f8rsm\u00e5let om hvem som visste hva, og n\u00e5r, blir avgj\u00f8rende for hvordan retten vurderer ansvar og skyld.<\/p>\n<p class=\"font-weight-bold m-font-weight-bold\" data-lab-font_weight=\"font-weight-bold\">Retten tror p\u00e5 forklaringen til Lillesand-kvinnen. Hun blir frikjent nok en gang, og har i dag byttet navn.<\/p>\n<p>Kommer seg ikke ut av Bolivia<\/p>\n<p> Etter \u00e5tte \u00e5r i varetekt blir Rodriguez i 2016 l\u00f8slatt mot kausjon, som familien betaler for henne etter en innsamling.\u00a0<\/p>\n<p> Dommen er imidlertid ikke rettskraftig, noe som gj\u00f8r at hun p\u00e5legges \u00e5 oppholde seg i Cochabamba, uten anledning til \u00e5 forlate verken byen eller landet. <\/p>\n<p> \u00c5ra utenfor murene preges av venting og uvissthet om hun m\u00e5 inn og sone igjen.<\/p>\n<p>        <img loading=\"lazy\" decoding=\"async\" src=\"https:\/\/www.europesays.com\/no\/wp-content\/uploads\/2025\/12\/84011370.webp\" width=\"667\" height=\"447\" title=\"VENTER P\u00c5 SONING: Madeleine Rodriguez, fotografert i Bolivia i 2019. Da var hun ute av fengselet, og ventet p\u00e5 \u00e5 f\u00e5 sin endelige dom. Foto: Nina Hansen\/Dagbladet\" alt=\"\" class=\"\" style=\"--aspect-ratio-image: 1.49; \"\/><\/p>\n<p>\n        VENTER P\u00c5 SONING: Madeleine Rodriguez, fotografert i Bolivia i 2019. Da var hun ute av fengselet, og ventet p\u00e5 \u00e5 f\u00e5 sin endelige dom. Foto: Nina Hansen\/Dagbladet\n    <\/p>\n<p> Da Dagbladet m\u00f8ter henne i Bolivia i 2019, forteller Rodriguez at det er vanskelig \u00e5 forst\u00e5 hvorfor de andre involverte i saken lever frie liv. <\/p>\n<p>&#8211; Det er rett og slett umulig \u00e5 fatte hvorfor jeg er blitt gjort til syndebukk nummer \u00e9n i denne saken. Jeg har gjort noe dumt, det vet jeg, og det benekter jeg ikke. Selvf\u00f8lgelig skulle jeg straffes, men hvorfor sitter jeg igjen her n\u00e5r de andre g\u00e5r fri?\u00a0<\/p>\n<p>    <a itemprop=\"url\" href=\"https:\/\/www.dagbladet.no\/kjendis\/skuespilleren-er-dod\/84017845\" rel=\"nofollow noopener\" target=\"_blank\"><\/p>\n<p>        <img loading=\"lazy\" decoding=\"async\" src=\"https:\/\/www.europesays.com\/no\/wp-content\/uploads\/2025\/12\/84017752.webp\" width=\"980\" height=\"441\" title=\"Skuespilleren er d\u00f8d\" alt=\"\" class=\"lazyload\" style=\"--aspect-ratio-image: 2.22; \"\/><\/p>\n<p>        Skuespilleren er d\u00f8d<\/p>\n<p>    <\/a><\/p>\n<p>&#8211; Det er j\u00e6vlig urettferdig. Jeg er den eneste som faktisk har tatt ansvar for handlingene mine. Jeg har aldri bedt om \u00e5 bli lurt ut av Bolivia, eller noe annet ulovlig. Likevel er det jeg som sitter igjen her.<\/p>\n<p> I l\u00f8pet av \u00e5ra i varetekt f\u00e5r hun to barn. I sine f\u00f8rste leve\u00e5r kjenner de sm\u00e5 ikke til annet enn livet bak murene. <\/p>\n<p>I 2025 er Rodriguez fortsatt i Bolivia, bekrefter hun overfor Dagbladet.<\/p>\n<p>Uvitende om hva framtida bringer.<\/p>\n","protected":false},"excerpt":{"rendered":"Historien begynner v\u00e5ren 2008. Tre norske jenter m\u00f8tes p\u00e5 Gardermoen, klare for avreise. Turen skal ta dem langt&hellip;\n","protected":false},"author":2,"featured_media":121907,"comment_status":"","ping_status":"","sticky":false,"template":"","format":"standard","meta":{"footnotes":""},"categories":[5],"tags":[20,21,24,25,15,19,22,23,17,18,13,30,28,29,14,16,26,27,412],"class_list":{"0":"post-121906","1":"post","2":"type-post","3":"status-publish","4":"format-standard","5":"has-post-thumbnail","7":"category-overskrifter","8":"tag-breaking-news","9":"tag-breakingnews","10":"tag-featured-news","11":"tag-featurednews","12":"tag-headlines","13":"tag-hovedoppslag","14":"tag-latest-news","15":"tag-latestnews","16":"tag-main-news","17":"tag-mainnews","18":"tag-news","19":"tag-no","20":"tag-norge","21":"tag-norway","22":"tag-nyheter","23":"tag-overskrifter","24":"tag-top-stories","25":"tag-topstories","26":"tag-utenriks"},"share_on_mastodon":{"url":"https:\/\/pubeurope.com\/@no\/115782899988933040","error":""},"_links":{"self":[{"href":"https:\/\/www.europesays.com\/no\/wp-json\/wp\/v2\/posts\/121906","targetHints":{"allow":["GET"]}}],"collection":[{"href":"https:\/\/www.europesays.com\/no\/wp-json\/wp\/v2\/posts"}],"about":[{"href":"https:\/\/www.europesays.com\/no\/wp-json\/wp\/v2\/types\/post"}],"author":[{"embeddable":true,"href":"https:\/\/www.europesays.com\/no\/wp-json\/wp\/v2\/users\/2"}],"replies":[{"embeddable":true,"href":"https:\/\/www.europesays.com\/no\/wp-json\/wp\/v2\/comments?post=121906"}],"version-history":[{"count":0,"href":"https:\/\/www.europesays.com\/no\/wp-json\/wp\/v2\/posts\/121906\/revisions"}],"wp:featuredmedia":[{"embeddable":true,"href":"https:\/\/www.europesays.com\/no\/wp-json\/wp\/v2\/media\/121907"}],"wp:attachment":[{"href":"https:\/\/www.europesays.com\/no\/wp-json\/wp\/v2\/media?parent=121906"}],"wp:term":[{"taxonomy":"category","embeddable":true,"href":"https:\/\/www.europesays.com\/no\/wp-json\/wp\/v2\/categories?post=121906"},{"taxonomy":"post_tag","embeddable":true,"href":"https:\/\/www.europesays.com\/no\/wp-json\/wp\/v2\/tags?post=121906"}],"curies":[{"name":"wp","href":"https:\/\/api.w.org\/{rel}","templated":true}]}}