{"id":121914,"date":"2025-12-26T00:11:15","date_gmt":"2025-12-26T00:11:15","guid":{"rendered":"https:\/\/www.europesays.com\/no\/121914\/"},"modified":"2025-12-26T00:11:15","modified_gmt":"2025-12-26T00:11:15","slug":"sverige-voldshendelse-kvinne-funnet-dod-i-sverige-mistenkt-mann-drept-av-politiet","status":"publish","type":"post","link":"https:\/\/www.europesays.com\/no\/121914\/","title":{"rendered":"Sverige, Voldshendelse | Kvinne funnet d\u00f8d i Sverige: Mistenkt mann drept av politiet"},"content":{"rendered":"\n<p>Ytterligere to personer er skadet etter hendelsen 1. juledag. Tilstanden deres er ukjent.<\/p>\n<p>If\u00f8lge politiet angrep mannen personene i huset med et v\u00e5pen.<\/p>\n<p>I forbindelse med p\u00e5gripelsen oppsto en situasjon som f\u00f8rte til at politiet skj\u00f8t ham. Den mistenkte gjerningspersonen d\u00f8de som f\u00f8lge av skadene, opplyser politiet.<\/p>\n<p>Kvinnen ble funnet d\u00f8d i boligen.<\/p>\n<p>   <img decoding=\"async\" width=\"6000\" height=\"4000\" fetchpriority=\"low\"  loading=\"lazy\"  src=\"https:\/\/www.europesays.com\/no\/wp-content\/uploads\/2025\/12\/NTB_B6dTZh-xWfo.jpg\" alt=\"BODEN, SVERIGE 20251225. &#10;En alvorlig voldskriminalitet fant sted f\u00f8rste juledag i sentrale Boden. Politiet har sperret av et hus. En kvinne i 50-\u00e5rene er drept i et hus i Boden i Sverige, if\u00f8lge politiet. Den mistenkte gjerningsmannen i 20-\u00e5rene ble skutt av politiet og d\u00f8de av skadene.&#10;Foto: Mats Engfors\/TT \/ NTB\" class=\"brick-c-cFOWSL\" style=\"--brick-image-ratio: 6000 \/ 4000;\"\/><\/p>\n<p>      SKUTT: Politiet skj\u00f8t mistenkt gjerningsperson.<br \/>\n      Foto: Mats Engfors\/TT \/ NTB\n    <\/p>\n<p>Hendelsen etterforskes som drap og drapsfors\u00f8k.<\/p>\n<p>\u2013 If\u00f8lge forel\u00f8pige opplysninger hadde den mistenkte gjerningspersonen ingen kjent relasjon til personene som befant seg p\u00e5 adressen. Dette vil bli etterforsket videre, sier Marie Andersson, pressetalsperson i Nord politidistrikt.<\/p>\n<p>Tidligere torsdag bekreftet politiet at de hadde rykket ut til en alvorlig voldshendelse torsdag formiddag.<\/p>\n<p>Boden ligger nord\u00f8st i Sverige, rett utenfor Lule\u00e5 ved grensen til Finland.<\/p>\n","protected":false},"excerpt":{"rendered":"Ytterligere to personer er skadet etter hendelsen 1. juledag. Tilstanden deres er ukjent. If\u00f8lge politiet angrep mannen personene&hellip;\n","protected":false},"author":2,"featured_media":121915,"comment_status":"","ping_status":"","sticky":false,"template":"","format":"standard","meta":{"footnotes":""},"categories":[12],"tags":[20,21,24,25,15,22,23,13,30,28,29,14,16,26,27,42,43,44,45],"class_list":{"0":"post-121914","1":"post","2":"type-post","3":"status-publish","4":"format-standard","5":"has-post-thumbnail","7":"category-verden","8":"tag-breaking-news","9":"tag-breakingnews","10":"tag-featured-news","11":"tag-featurednews","12":"tag-headlines","13":"tag-latest-news","14":"tag-latestnews","15":"tag-news","16":"tag-no","17":"tag-norge","18":"tag-norway","19":"tag-nyheter","20":"tag-overskrifter","21":"tag-top-stories","22":"tag-topstories","23":"tag-verden","24":"tag-world","25":"tag-world-news","26":"tag-worldnews"},"share_on_mastodon":{"url":"https:\/\/pubeurope.com\/@no\/115782974525772151","error":""},"_links":{"self":[{"href":"https:\/\/www.europesays.com\/no\/wp-json\/wp\/v2\/posts\/121914","targetHints":{"allow":["GET"]}}],"collection":[{"href":"https:\/\/www.europesays.com\/no\/wp-json\/wp\/v2\/posts"}],"about":[{"href":"https:\/\/www.europesays.com\/no\/wp-json\/wp\/v2\/types\/post"}],"author":[{"embeddable":true,"href":"https:\/\/www.europesays.com\/no\/wp-json\/wp\/v2\/users\/2"}],"replies":[{"embeddable":true,"href":"https:\/\/www.europesays.com\/no\/wp-json\/wp\/v2\/comments?post=121914"}],"version-history":[{"count":0,"href":"https:\/\/www.europesays.com\/no\/wp-json\/wp\/v2\/posts\/121914\/revisions"}],"wp:featuredmedia":[{"embeddable":true,"href":"https:\/\/www.europesays.com\/no\/wp-json\/wp\/v2\/media\/121915"}],"wp:attachment":[{"href":"https:\/\/www.europesays.com\/no\/wp-json\/wp\/v2\/media?parent=121914"}],"wp:term":[{"taxonomy":"category","embeddable":true,"href":"https:\/\/www.europesays.com\/no\/wp-json\/wp\/v2\/categories?post=121914"},{"taxonomy":"post_tag","embeddable":true,"href":"https:\/\/www.europesays.com\/no\/wp-json\/wp\/v2\/tags?post=121914"}],"curies":[{"name":"wp","href":"https:\/\/api.w.org\/{rel}","templated":true}]}}